{"id":1144,"date":"2023-06-06T21:47:05","date_gmt":"2023-06-07T00:47:05","guid":{"rendered":"http:\/\/www.portalcme.recife.pe.gov.br\/?p=1144"},"modified":"2024-03-04T14:18:52","modified_gmt":"2024-03-04T17:18:52","slug":"transtorno-do-espectro-autista","status":"publish","type":"post","link":"http:\/\/www.portalcme.recife.pe.gov.br\/?p=1144","title":{"rendered":"TRANSTORNO DO ESPECTRO AUTISTA"},"content":{"rendered":"\n<p>O DIRETOR TERAP\u00caUTICO-PEDAG\u00d3GICO DO GRUPO DE PESQUISA E ASSESSORIA PARA A DIVERSIDADE COGNITIVA, SE FEZ PRESENTE NA REUNI\u00c3O PLEN\u00c1RIA EXTRAORDIN\u00c1RIA DO CME, NO DIA 31\/05\/2023 E DIALOGOU COM OS CONSELHEIROS SOBRE O ATENDIMENTO AOS ESTUDANTES COM TRANSTORNO DO ESPECTRO AUTISTA.<\/p>\n\n\n\n<figure class=\"wp-block-image size-large\"><img loading=\"lazy\" decoding=\"async\" width=\"1024\" height=\"768\" src=\"http:\/\/www.portalcme.recife.pe.gov.br\/wp-content\/uploads\/WhatsApp-Image-2023-06-06-at-11.14.30-AM-1-1-1024x768.jpeg\" alt=\"\" class=\"wp-image-1145\"\/><\/figure>\n","protected":false},"excerpt":{"rendered":"<p>O DIRETOR TERAP\u00caUTICO-PEDAG\u00d3GICO DO GRUPO DE PESQUISA E ASSESSORIA PARA A DIVERSIDADE COGNITIVA, SE FEZ PRESENTE NA REUNI\u00c3O PLEN\u00c1RIA EXTRAORDIN\u00c1RIA DO CME, NO DIA 31\/05\/2023 E DIALOGOU COM OS CONSELHEIROS SOBRE O ATENDIMENTO AOS ESTUDANTES COM TRANSTORNO DO ESPECTRO AUTISTA.<\/p>\n","protected":false},"author":3,"featured_media":1135,"comment_status":"open","ping_status":"open","sticky":false,"template":"","format":"standard","meta":{"site-sidebar-layout":"default","site-content-layout":"","ast-site-content-layout":"default","site-content-style":"default","site-sidebar-style":"default","ast-global-header-display":"","ast-banner-title-visibility":"","ast-main-header-display":"","ast-hfb-above-header-display":"","ast-hfb-below-header-display":"","ast-hfb-mobile-header-display":"","site-post-title":"","ast-breadcrumbs-content":"","ast-featured-img":"","footer-sml-layout":"","ast-disable-related-posts":"","theme-transparent-header-meta":"","adv-header-id-meta":"","stick-header-meta":"","header-above-stick-meta":"","header-main-stick-meta":"","header-below-stick-meta":"","astra-migrate-meta-layouts":"default","ast-page-background-enabled":"default","ast-page-background-meta":{"desktop":{"background-color":"var(--ast-global-color-4)","background-image":"","background-repeat":"repeat","background-position":"center center","background-size":"auto","background-attachment":"scroll","background-type":"","background-media":"","overlay-type":"","overlay-color":"","overlay-opacity":"","overlay-gradient":""},"tablet":{"background-color":"","background-image":"","background-repeat":"repeat","background-position":"center center","background-size":"auto","background-attachment":"scroll","background-type":"","background-media":"","overlay-type":"","overlay-color":"","overlay-opacity":"","overlay-gradient":""},"mobile":{"background-color":"","background-image":"","background-repeat":"repeat","background-position":"center center","background-size":"auto","background-attachment":"scroll","background-type":"","background-media":"","overlay-type":"","overlay-color":"","overlay-opacity":"","overlay-gradient":""}},"ast-content-background-meta":{"desktop":{"background-color":"var(--ast-global-color-5)","background-image":"","background-repeat":"repeat","background-position":"center center","background-size":"auto","background-attachment":"scroll","background-type":"","background-media":"","overlay-type":"","overlay-color":"","overlay-opacity":"","overlay-gradient":""},"tablet":{"background-color":"var(--ast-global-color-5)","background-image":"","background-repeat":"repeat","background-position":"center center","background-size":"auto","background-attachment":"scroll","background-type":"","background-media":"","overlay-type":"","overlay-color":"","overlay-opacity":"","overlay-gradient":""},"mobile":{"background-color":"var(--ast-global-color-5)","background-image":"","background-repeat":"repeat","background-position":"center center","background-size":"auto","background-attachment":"scroll","background-type":"","background-media":"","overlay-type":"","overlay-color":"","overlay-opacity":"","overlay-gradient":""}},"footnotes":""},"categories":[5],"tags":[],"class_list":["post-1144","post","type-post","status-publish","format-standard","has-post-thumbnail","hentry","category-noticias"],"rttpg_featured_image_url":{"full":["http:\/\/www.portalcme.recife.pe.gov.br\/wp-content\/uploads\/d2687451-9320-41e7-836d-57c42e61721e-3.jpg",1600,1200,false],"landscape":["http:\/\/www.portalcme.recife.pe.gov.br\/wp-content\/uploads\/d2687451-9320-41e7-836d-57c42e61721e-3.jpg",1600,1200,false],"portraits":["http:\/\/www.portalcme.recife.pe.gov.br\/wp-content\/uploads\/d2687451-9320-41e7-836d-57c42e61721e-3.jpg",1600,1200,false],"thumbnail":["http:\/\/www.portalcme.recife.pe.gov.br\/wp-content\/uploads\/d2687451-9320-41e7-836d-57c42e61721e-3-150x150.jpg",150,150,true],"medium":["http:\/\/www.portalcme.recife.pe.gov.br\/wp-content\/uploads\/d2687451-9320-41e7-836d-57c42e61721e-3-300x225.jpg",300,225,true],"large":["http:\/\/www.portalcme.recife.pe.gov.br\/wp-content\/uploads\/d2687451-9320-41e7-836d-57c42e61721e-3-1024x768.jpg",1024,768,true],"1536x1536":["http:\/\/www.portalcme.recife.pe.gov.br\/wp-content\/uploads\/d2687451-9320-41e7-836d-57c42e61721e-3-1536x1152.jpg",1536,1152,true],"2048x2048":["http:\/\/www.portalcme.recife.pe.gov.br\/wp-content\/uploads\/d2687451-9320-41e7-836d-57c42e61721e-3.jpg",1600,1200,false]},"rttpg_author":{"display_name":"Ednilsa Santos","author_link":"http:\/\/www.portalcme.recife.pe.gov.br\/?author=3"},"rttpg_comment":0,"rttpg_category":"<a href=\"http:\/\/www.portalcme.recife.pe.gov.br\/?cat=5\" rel=\"category\">Not\u00edcias<\/a>","rttpg_excerpt":"O DIRETOR TERAP\u00caUTICO-PEDAG\u00d3GICO DO GRUPO DE PESQUISA E ASSESSORIA PARA A DIVERSIDADE COGNITIVA, SE FEZ PRESENTE NA REUNI\u00c3O PLEN\u00c1RIA EXTRAORDIN\u00c1RIA DO CME, NO DIA 31\/05\/2023 E DIALOGOU COM OS CONSELHEIROS SOBRE O ATENDIMENTO AOS ESTUDANTES COM TRANSTORNO DO ESPECTRO AUTISTA.","_links":{"self":[{"href":"http:\/\/www.portalcme.recife.pe.gov.br\/index.php?rest_route=\/wp\/v2\/posts\/1144","targetHints":{"allow":["GET"]}}],"collection":[{"href":"http:\/\/www.portalcme.recife.pe.gov.br\/index.php?rest_route=\/wp\/v2\/posts"}],"about":[{"href":"http:\/\/www.portalcme.recife.pe.gov.br\/index.php?rest_route=\/wp\/v2\/types\/post"}],"author":[{"embeddable":true,"href":"http:\/\/www.portalcme.recife.pe.gov.br\/index.php?rest_route=\/wp\/v2\/users\/3"}],"replies":[{"embeddable":true,"href":"http:\/\/www.portalcme.recife.pe.gov.br\/index.php?rest_route=%2Fwp%2Fv2%2Fcomments&post=1144"}],"version-history":[{"count":2,"href":"http:\/\/www.portalcme.recife.pe.gov.br\/index.php?rest_route=\/wp\/v2\/posts\/1144\/revisions"}],"predecessor-version":[{"id":1446,"href":"http:\/\/www.portalcme.recife.pe.gov.br\/index.php?rest_route=\/wp\/v2\/posts\/1144\/revisions\/1446"}],"wp:featuredmedia":[{"embeddable":true,"href":"http:\/\/www.portalcme.recife.pe.gov.br\/index.php?rest_route=\/wp\/v2\/media\/1135"}],"wp:attachment":[{"href":"http:\/\/www.portalcme.recife.pe.gov.br\/index.php?rest_route=%2Fwp%2Fv2%2Fmedia&parent=1144"}],"wp:term":[{"taxonomy":"category","embeddable":true,"href":"http:\/\/www.portalcme.recife.pe.gov.br\/index.php?rest_route=%2Fwp%2Fv2%2Fcategories&post=1144"},{"taxonomy":"post_tag","embeddable":true,"href":"http:\/\/www.portalcme.recife.pe.gov.br\/index.php?rest_route=%2Fwp%2Fv2%2Ftags&post=1144"}],"curies":[{"name":"wp","href":"https:\/\/api.w.org\/{rel}","templated":true}]}}