{"id":1250,"date":"2023-08-21T12:28:08","date_gmt":"2023-08-21T15:28:08","guid":{"rendered":"http:\/\/www.portalcme.recife.pe.gov.br\/?p=1250"},"modified":"2023-08-21T15:39:30","modified_gmt":"2023-08-21T18:39:30","slug":"entrega-de-certificado-de-credenciamento","status":"publish","type":"post","link":"http:\/\/www.portalcme.recife.pe.gov.br\/?p=1250","title":{"rendered":"ENTREGA DE CERTIFICADO DE CREDENCIAMENTO"},"content":{"rendered":"<div class=\"taxonomy-category wp-block-post-terms\"><a href=\"http:\/\/www.portalcme.recife.pe.gov.br\/?cat=5\" rel=\"tag\">Not\u00edcias<\/a><\/div>\n\n\n<figure class=\"wp-block-gallery has-nested-images columns-default is-cropped wp-block-gallery-1 is-layout-flex wp-block-gallery-is-layout-flex\">\n<figure class=\"wp-block-image size-large\"><img loading=\"lazy\" decoding=\"async\" width=\"943\" height=\"1024\" data-id=\"1254\" src=\"http:\/\/www.portalcme.recife.pe.gov.br\/wp-content\/uploads\/WhatsApp-Image-2023-08-21-at-11.49.13-AM-2-1-943x1024.jpeg\" alt=\"\" class=\"wp-image-1254\"\/><\/figure>\n<\/figure>\n\n\n\n<p>A ESCOLA TRIUNFO BARBOSA MENEZES, ATRAV\u00c9S DO SR. F\u00c1BIO MENEZES, RECEBEU DAS M\u00c3OS DAS T\u00c9CNICAS DA COMISS\u00c3O DE VERIFICA\u00c7\u00c3O DO CME, (PROFESSORAS: MARTA E SOCORRO)  O CERTIFICADO DE CREDENCIAMENTO DO SEU ESTABELECIMENTO DE ENSINO.<\/p>\n\n\n\n<figure class=\"wp-block-gallery has-nested-images columns-default is-cropped wp-block-gallery-2 is-layout-flex wp-block-gallery-is-layout-flex\">\n<figure class=\"wp-block-image size-large\"><img loading=\"lazy\" decoding=\"async\" width=\"1024\" height=\"887\" data-id=\"1251\" src=\"http:\/\/www.portalcme.recife.pe.gov.br\/wp-content\/uploads\/WhatsApp-Image-2023-08-21-at-11.47.50-AM-1-1024x887.jpeg\" alt=\"\" class=\"wp-image-1251\"\/><\/figure>\n<\/figure>\n\n\n<div class=\"taxonomy-category wp-block-post-terms\"><a href=\"http:\/\/www.portalcme.recife.pe.gov.br\/?cat=5\" rel=\"tag\">Not\u00edcias<\/a><\/div>\n\n<div class=\"taxonomy-category wp-block-post-terms\"><a href=\"http:\/\/www.portalcme.recife.pe.gov.br\/?cat=5\" rel=\"tag\">Not\u00edcias<\/a><\/div>\n\n<div class=\"taxonomy-category wp-block-post-terms\"><a href=\"http:\/\/www.portalcme.recife.pe.gov.br\/?cat=5\" rel=\"tag\">Not\u00edcias<\/a><\/div>\n\n<div class=\"taxonomy-category wp-block-post-terms\"><a href=\"http:\/\/www.portalcme.recife.pe.gov.br\/?cat=5\" rel=\"tag\">Not\u00edcias<\/a><\/div>\n\n<div class=\"taxonomy-category wp-block-post-terms\"><a href=\"http:\/\/www.portalcme.recife.pe.gov.br\/?cat=5\" rel=\"tag\">Not\u00edcias<\/a><\/div>\n\n<ul class=\"wp-block-categories-list wp-block-categories\">\t<li class=\"cat-item cat-item-9\"><a href=\"http:\/\/www.portalcme.recife.pe.gov.br\/?cat=9\">Admistrativa<\/a>\n<\/li>\n\t<li class=\"cat-item cat-item-18\"><a href=\"http:\/\/www.portalcme.recife.pe.gov.br\/?cat=18\">Ata dos plenos<\/a>\n<\/li>\n\t<li class=\"cat-item cat-item-16\"><a href=\"http:\/\/www.portalcme.recife.pe.gov.br\/?cat=16\">Comiss\u00e3o de verifica\u00e7\u00e3o e outros<\/a>\n<\/li>\n\t<li class=\"cat-item cat-item-8\"><a href=\"http:\/\/www.portalcme.recife.pe.gov.br\/?cat=8\">Conselheiros<\/a>\n<\/li>\n\t<li class=\"cat-item cat-item-13\"><a href=\"http:\/\/www.portalcme.recife.pe.gov.br\/?cat=13\">Destaque<\/a>\n<\/li>\n\t<li class=\"cat-item cat-item-1\"><a href=\"http:\/\/www.portalcme.recife.pe.gov.br\/?cat=1\">Ednilsa<\/a>\n<\/li>\n\t<li class=\"cat-item cat-item-6\"><a href=\"http:\/\/www.portalcme.recife.pe.gov.br\/?cat=6\">Equipe<\/a>\n<\/li>\n\t<li class=\"cat-item cat-item-15\"><a href=\"http:\/\/www.portalcme.recife.pe.gov.br\/?cat=15\">Escolas Credenciadas<\/a>\n<\/li>\n\t<li class=\"cat-item cat-item-12\"><a href=\"http:\/\/www.portalcme.recife.pe.gov.br\/?cat=12\">Fotos<\/a>\n<\/li>\n\t<li class=\"cat-item cat-item-14\"><a href=\"http:\/\/www.portalcme.recife.pe.gov.br\/?cat=14\">Legisla\u00e7\u00f5es sobre educa\u00e7\u00e3o<\/a>\n<\/li>\n\t<li class=\"cat-item cat-item-5\"><a href=\"http:\/\/www.portalcme.recife.pe.gov.br\/?cat=5\">Not\u00edcias<\/a>\n<\/li>\n\t<li class=\"cat-item cat-item-17\"><a href=\"http:\/\/www.portalcme.recife.pe.gov.br\/?cat=17\">T\u00e9cnica<\/a>\n<\/li>\n<\/ul>","protected":false},"excerpt":{"rendered":"<p>A ESCOLA TRIUNFO BARBOSA MENEZES, ATRAV\u00c9S DO SR. F\u00c1BIO MENEZES, RECEBEU DAS M\u00c3OS DAS T\u00c9CNICAS DA COMISS\u00c3O DE VERIFICA\u00c7\u00c3O DO CME, (PROFESSORAS: MARTA E SOCORRO) O CERTIFICADO DE CREDENCIAMENTO DO SEU ESTABELECIMENTO DE ENSINO.<\/p>\n","protected":false},"author":3,"featured_media":0,"comment_status":"open","ping_status":"open","sticky":false,"template":"","format":"standard","meta":{"site-sidebar-layout":"default","site-content-layout":"","ast-site-content-layout":"default","site-content-style":"default","site-sidebar-style":"default","ast-global-header-display":"","ast-banner-title-visibility":"","ast-main-header-display":"","ast-hfb-above-header-display":"","ast-hfb-below-header-display":"","ast-hfb-mobile-header-display":"","site-post-title":"","ast-breadcrumbs-content":"","ast-featured-img":"","footer-sml-layout":"","ast-disable-related-posts":"","theme-transparent-header-meta":"","adv-header-id-meta":"","stick-header-meta":"","header-above-stick-meta":"","header-main-stick-meta":"","header-below-stick-meta":"","astra-migrate-meta-layouts":"default","ast-page-background-enabled":"default","ast-page-background-meta":{"desktop":{"background-color":"var(--ast-global-color-4)","background-image":"","background-repeat":"repeat","background-position":"center center","background-size":"auto","background-attachment":"scroll","background-type":"","background-media":"","overlay-type":"","overlay-color":"","overlay-opacity":"","overlay-gradient":""},"tablet":{"background-color":"","background-image":"","background-repeat":"repeat","background-position":"center center","background-size":"auto","background-attachment":"scroll","background-type":"","background-media":"","overlay-type":"","overlay-color":"","overlay-opacity":"","overlay-gradient":""},"mobile":{"background-color":"","background-image":"","background-repeat":"repeat","background-position":"center center","background-size":"auto","background-attachment":"scroll","background-type":"","background-media":"","overlay-type":"","overlay-color":"","overlay-opacity":"","overlay-gradient":""}},"ast-content-background-meta":{"desktop":{"background-color":"var(--ast-global-color-5)","background-image":"","background-repeat":"repeat","background-position":"center center","background-size":"auto","background-attachment":"scroll","background-type":"","background-media":"","overlay-type":"","overlay-color":"","overlay-opacity":"","overlay-gradient":""},"tablet":{"background-color":"var(--ast-global-color-5)","background-image":"","background-repeat":"repeat","background-position":"center center","background-size":"auto","background-attachment":"scroll","background-type":"","background-media":"","overlay-type":"","overlay-color":"","overlay-opacity":"","overlay-gradient":""},"mobile":{"background-color":"var(--ast-global-color-5)","background-image":"","background-repeat":"repeat","background-position":"center center","background-size":"auto","background-attachment":"scroll","background-type":"","background-media":"","overlay-type":"","overlay-color":"","overlay-opacity":"","overlay-gradient":""}},"footnotes":""},"categories":[5],"tags":[],"class_list":["post-1250","post","type-post","status-publish","format-standard","hentry","category-noticias"],"rttpg_featured_image_url":null,"rttpg_author":{"display_name":"Ednilsa Santos","author_link":"http:\/\/www.portalcme.recife.pe.gov.br\/?author=3"},"rttpg_comment":0,"rttpg_category":"<a href=\"http:\/\/www.portalcme.recife.pe.gov.br\/?cat=5\" rel=\"category\">Not\u00edcias<\/a>","rttpg_excerpt":"A ESCOLA TRIUNFO BARBOSA MENEZES, ATRAV\u00c9S DO SR. F\u00c1BIO MENEZES, RECEBEU DAS M\u00c3OS DAS T\u00c9CNICAS DA COMISS\u00c3O DE VERIFICA\u00c7\u00c3O DO CME, (PROFESSORAS: MARTA E SOCORRO) O CERTIFICADO DE CREDENCIAMENTO DO SEU ESTABELECIMENTO DE ENSINO.","_links":{"self":[{"href":"http:\/\/www.portalcme.recife.pe.gov.br\/index.php?rest_route=\/wp\/v2\/posts\/1250","targetHints":{"allow":["GET"]}}],"collection":[{"href":"http:\/\/www.portalcme.recife.pe.gov.br\/index.php?rest_route=\/wp\/v2\/posts"}],"about":[{"href":"http:\/\/www.portalcme.recife.pe.gov.br\/index.php?rest_route=\/wp\/v2\/types\/post"}],"author":[{"embeddable":true,"href":"http:\/\/www.portalcme.recife.pe.gov.br\/index.php?rest_route=\/wp\/v2\/users\/3"}],"replies":[{"embeddable":true,"href":"http:\/\/www.portalcme.recife.pe.gov.br\/index.php?rest_route=%2Fwp%2Fv2%2Fcomments&post=1250"}],"version-history":[{"count":1,"href":"http:\/\/www.portalcme.recife.pe.gov.br\/index.php?rest_route=\/wp\/v2\/posts\/1250\/revisions"}],"predecessor-version":[{"id":1255,"href":"http:\/\/www.portalcme.recife.pe.gov.br\/index.php?rest_route=\/wp\/v2\/posts\/1250\/revisions\/1255"}],"wp:attachment":[{"href":"http:\/\/www.portalcme.recife.pe.gov.br\/index.php?rest_route=%2Fwp%2Fv2%2Fmedia&parent=1250"}],"wp:term":[{"taxonomy":"category","embeddable":true,"href":"http:\/\/www.portalcme.recife.pe.gov.br\/index.php?rest_route=%2Fwp%2Fv2%2Fcategories&post=1250"},{"taxonomy":"post_tag","embeddable":true,"href":"http:\/\/www.portalcme.recife.pe.gov.br\/index.php?rest_route=%2Fwp%2Fv2%2Ftags&post=1250"}],"curies":[{"name":"wp","href":"https:\/\/api.w.org\/{rel}","templated":true}]}}