{"id":1923,"date":"2024-08-21T14:57:07","date_gmt":"2024-08-21T17:57:07","guid":{"rendered":"http:\/\/www.portalcme.recife.pe.gov.br\/?p=1923"},"modified":"2024-08-21T14:57:07","modified_gmt":"2024-08-21T17:57:07","slug":"lei-no-17-828-2012","status":"publish","type":"post","link":"http:\/\/www.portalcme.recife.pe.gov.br\/?p=1923","title":{"rendered":"LEI N\u00ba 17.828\/2012"},"content":{"rendered":"\n<h1 class=\"wp-block-heading\">VEDA A COBRAN\u00c7A DE VALORES SUPERIORES NAS CRECHES, ESCOLAS E TODAS AS INSTITUI\u00c7\u00d5ES VOLTADAS PARA O ENSINO LOCALIZADAS NO MUNIC\u00cdPIO DO RECIFE \u00c0S CRIAN\u00c7AS PORTADORAS DE NECESSIDADES ESPECIAIS.<\/h1>\n\n\n\n<p>O PRESIDENTE DA C\u00c2MARA MUNICIPAL DO RECIFE, faz saber que o PODER LEGISLATIVO DO MUNICIPIO, rejeitou o veto total do Poder Executivo ao Projeto de Lei n\u00ba 17\/12 do Vereador In\u00e1cio Neto, e na conformidade do que disp\u00f5e o \u00a7 6 do artigo 34 da&nbsp;<a href=\"https:\/\/leismunicipais.com.br\/lei-organica-recife-pe\">Lei Org\u00e2nica<\/a>&nbsp;do Recife, promulga a seguinte Lei:<\/p>\n\n\n\n<p><a><strong>Art. 1\u00ba<\/strong><\/a>&nbsp;As creches, escolas e todas as institui\u00e7\u00f5es voltadas para o ensino localizadas no Munic\u00edpio do Recife ficam vedadas de cobrarem valores diferenciados\/majorados para as crian\u00e7as portadoras de necessidades especiais.<\/p>\n\n\n\n<p>Par\u00e1grafo \u00danico &#8211; Compreendem aqui os valores relativos \u00e0 matr\u00edcula, mensalidades, taxas, lanches e todos aqueles que tamb\u00e9m s\u00e3o oferecidos \u00e0s crian\u00e7as sem necessidades especiais. Portanto, devem ser cobrados os mesmos valores para crian\u00e7as especiais ou n\u00e3o.<\/p>\n\n\n\n<p><a><strong>Art. 2\u00ba<\/strong><\/a>&nbsp;A inobserv\u00e2ncia do disposto nesta Lei acarretar\u00e1 ao infrator as seguintes penalidades, aplicadas sucessivamente:<\/p>\n\n\n\n<p>I &#8211; Advert\u00eancia;<\/p>\n\n\n\n<p>II &#8211; Multa no valor de R$ 1.000,00 (hum mil reais), aplicada em dobro a cada reincid\u00eancia, at\u00e9 o m\u00e1ximo de duas;<\/p>\n\n\n\n<p>III &#8211; Interdi\u00e7\u00e3o da atividade e fechamento do estabelecimento, pelo prazo de 30 (trinta) dias;<\/p>\n\n\n\n<p>IV &#8211; Cassa\u00e7\u00e3o do alvar\u00e1 de licen\u00e7a.<\/p>\n\n\n\n<p><a><strong>Art. 3\u00ba<\/strong><\/a>&nbsp;O Chefe do Poder Executivo dever\u00e1 regulamentar a presente Lei.<\/p>\n\n\n\n<p><a><strong>Art. 4\u00ba<\/strong><\/a>&nbsp;Esta Lei entrar\u00e1 em vigor na data de sua publica\u00e7\u00e3o.<\/p>\n\n\n\n<p>Sala das Sess\u00f5es da C\u00e2mara Municipal do Recife, em 29 de outubro de 2012.<\/p>\n\n\n\n<p>JURANDIR LIBERAL<br>Presidente<\/p>\n\n\n\n<p>Projeto de Lei n\u00ba 17\/2012 Autoria do Vereador In\u00e1cio Neto.<\/p>\n","protected":false},"excerpt":{"rendered":"<p>VEDA A COBRAN\u00c7A DE VALORES SUPERIORES NAS CRECHES, ESCOLAS E TODAS AS INSTITUI\u00c7\u00d5ES VOLTADAS PARA O ENSINO LOCALIZADAS NO MUNIC\u00cdPIO DO RECIFE \u00c0S CRIAN\u00c7AS PORTADORAS DE NECESSIDADES ESPECIAIS. O PRESIDENTE DA C\u00c2MARA MUNICIPAL DO RECIFE, faz saber que o PODER LEGISLATIVO DO MUNICIPIO, rejeitou o veto total do Poder Executivo ao Projeto de Lei n\u00ba [&hellip;]<\/p>\n","protected":false},"author":2,"featured_media":0,"comment_status":"open","ping_status":"open","sticky":false,"template":"","format":"standard","meta":{"site-sidebar-layout":"default","site-content-layout":"","ast-site-content-layout":"default","site-content-style":"default","site-sidebar-style":"default","ast-global-header-display":"","ast-banner-title-visibility":"","ast-main-header-display":"","ast-hfb-above-header-display":"","ast-hfb-below-header-display":"","ast-hfb-mobile-header-display":"","site-post-title":"","ast-breadcrumbs-content":"","ast-featured-img":"","footer-sml-layout":"","ast-disable-related-posts":"","theme-transparent-header-meta":"","adv-header-id-meta":"","stick-header-meta":"","header-above-stick-meta":"","header-main-stick-meta":"","header-below-stick-meta":"","astra-migrate-meta-layouts":"default","ast-page-background-enabled":"default","ast-page-background-meta":{"desktop":{"background-color":"var(--ast-global-color-4)","background-image":"","background-repeat":"repeat","background-position":"center center","background-size":"auto","background-attachment":"scroll","background-type":"","background-media":"","overlay-type":"","overlay-color":"","overlay-opacity":"","overlay-gradient":""},"tablet":{"background-color":"","background-image":"","background-repeat":"repeat","background-position":"center center","background-size":"auto","background-attachment":"scroll","background-type":"","background-media":"","overlay-type":"","overlay-color":"","overlay-opacity":"","overlay-gradient":""},"mobile":{"background-color":"","background-image":"","background-repeat":"repeat","background-position":"center center","background-size":"auto","background-attachment":"scroll","background-type":"","background-media":"","overlay-type":"","overlay-color":"","overlay-opacity":"","overlay-gradient":""}},"ast-content-background-meta":{"desktop":{"background-color":"var(--ast-global-color-5)","background-image":"","background-repeat":"repeat","background-position":"center center","background-size":"auto","background-attachment":"scroll","background-type":"","background-media":"","overlay-type":"","overlay-color":"","overlay-opacity":"","overlay-gradient":""},"tablet":{"background-color":"var(--ast-global-color-5)","background-image":"","background-repeat":"repeat","background-position":"center center","background-size":"auto","background-attachment":"scroll","background-type":"","background-media":"","overlay-type":"","overlay-color":"","overlay-opacity":"","overlay-gradient":""},"mobile":{"background-color":"var(--ast-global-color-5)","background-image":"","background-repeat":"repeat","background-position":"center center","background-size":"auto","background-attachment":"scroll","background-type":"","background-media":"","overlay-type":"","overlay-color":"","overlay-opacity":"","overlay-gradient":""}},"footnotes":""},"categories":[14],"tags":[],"class_list":["post-1923","post","type-post","status-publish","format-standard","hentry","category-legislacoes-e-leis"],"rttpg_featured_image_url":null,"rttpg_author":{"display_name":"David Tavares Fernandes da Silva","author_link":"http:\/\/www.portalcme.recife.pe.gov.br\/?author=2"},"rttpg_comment":0,"rttpg_category":"<a href=\"http:\/\/www.portalcme.recife.pe.gov.br\/?cat=14\" rel=\"category\">Legisla\u00e7\u00f5es sobre educa\u00e7\u00e3o<\/a>","rttpg_excerpt":"VEDA A COBRAN\u00c7A DE VALORES SUPERIORES NAS CRECHES, ESCOLAS E TODAS AS INSTITUI\u00c7\u00d5ES VOLTADAS PARA O ENSINO LOCALIZADAS NO MUNIC\u00cdPIO DO RECIFE \u00c0S CRIAN\u00c7AS PORTADORAS DE NECESSIDADES ESPECIAIS. O PRESIDENTE DA C\u00c2MARA MUNICIPAL DO RECIFE, faz saber que o PODER LEGISLATIVO DO MUNICIPIO, rejeitou o veto total do Poder Executivo ao Projeto de Lei n\u00ba&hellip;","_links":{"self":[{"href":"http:\/\/www.portalcme.recife.pe.gov.br\/index.php?rest_route=\/wp\/v2\/posts\/1923","targetHints":{"allow":["GET"]}}],"collection":[{"href":"http:\/\/www.portalcme.recife.pe.gov.br\/index.php?rest_route=\/wp\/v2\/posts"}],"about":[{"href":"http:\/\/www.portalcme.recife.pe.gov.br\/index.php?rest_route=\/wp\/v2\/types\/post"}],"author":[{"embeddable":true,"href":"http:\/\/www.portalcme.recife.pe.gov.br\/index.php?rest_route=\/wp\/v2\/users\/2"}],"replies":[{"embeddable":true,"href":"http:\/\/www.portalcme.recife.pe.gov.br\/index.php?rest_route=%2Fwp%2Fv2%2Fcomments&post=1923"}],"version-history":[{"count":1,"href":"http:\/\/www.portalcme.recife.pe.gov.br\/index.php?rest_route=\/wp\/v2\/posts\/1923\/revisions"}],"predecessor-version":[{"id":1924,"href":"http:\/\/www.portalcme.recife.pe.gov.br\/index.php?rest_route=\/wp\/v2\/posts\/1923\/revisions\/1924"}],"wp:attachment":[{"href":"http:\/\/www.portalcme.recife.pe.gov.br\/index.php?rest_route=%2Fwp%2Fv2%2Fmedia&parent=1923"}],"wp:term":[{"taxonomy":"category","embeddable":true,"href":"http:\/\/www.portalcme.recife.pe.gov.br\/index.php?rest_route=%2Fwp%2Fv2%2Fcategories&post=1923"},{"taxonomy":"post_tag","embeddable":true,"href":"http:\/\/www.portalcme.recife.pe.gov.br\/index.php?rest_route=%2Fwp%2Fv2%2Ftags&post=1923"}],"curies":[{"name":"wp","href":"https:\/\/api.w.org\/{rel}","templated":true}]}}