{"id":1927,"date":"2024-08-21T15:01:10","date_gmt":"2024-08-21T18:01:10","guid":{"rendered":"http:\/\/www.portalcme.recife.pe.gov.br\/?p=1927"},"modified":"2024-08-21T15:01:10","modified_gmt":"2024-08-21T18:01:10","slug":"lei-no-12-764-de-27-de-dezembro-de-2012","status":"publish","type":"post","link":"http:\/\/www.portalcme.recife.pe.gov.br\/?p=1927","title":{"rendered":"LEI N\u00ba 12.764, DE 27 DE DEZEMBRO DE 2012"},"content":{"rendered":"\n<p>Institui a Pol\u00edtica Nacional de Prote\u00e7\u00e3o dos Direitos da Pessoa com Transtorno do Espectro Autista; e altera o \u00a7 3\u00ba do art. 98 da Lei n\u00ba 8.112, de 11 de dezembro de 1990.<\/p>\n\n\n\n<p><strong>&nbsp;A PRESIDENTA DA REP\u00daBLICA<br><\/strong>&nbsp;&nbsp;&nbsp;&nbsp; Fa\u00e7o saber que o Congresso Nacional decreta e eu sanciono a seguinte Lei:<\/p>\n\n\n\n<p>&nbsp;&nbsp;&nbsp;&nbsp;&nbsp;Art. 1\u00ba&nbsp;Esta Lei institui a Pol\u00edtica Nacional de Prote\u00e7\u00e3o dos Direitos da Pessoa com Transtorno do Espectro Autista e estabelece diretrizes para sua consecu\u00e7\u00e3o.<\/p>\n\n\n\n<p>&nbsp;&nbsp;&nbsp;&nbsp;&nbsp;\u00a7 1\u00ba Para os efeitos desta Lei, \u00e9 considerada pessoa com transtorno do espectro autista aquela portadora de s\u00edndrome cl\u00ednica caracterizada na forma dos seguintes incisos I ou II:<\/p>\n\n\n\n<p>&nbsp;&nbsp;&nbsp;&nbsp;&nbsp;I &#8211; defici\u00eancia persistente e clinicamente significativa da comunica\u00e7\u00e3o e da intera\u00e7\u00e3o sociais, manifestada por defici\u00eancia marcada de comunica\u00e7\u00e3o verbal e n\u00e3o verbal usada para intera\u00e7\u00e3o social; aus\u00eancia de reciprocidade social; fal\u00eancia em desenvolver e manter rela\u00e7\u00f5es apropriadas ao seu n\u00edvel de desenvolvimento;<\/p>\n\n\n\n<p>&nbsp;&nbsp;&nbsp;&nbsp;&nbsp;II &#8211; padr\u00f5es restritivos e repetitivos de comportamentos, interesses e atividades, manifestados por comportamentos motores ou verbais estereotipados ou por comportamentos sensoriais incomuns; excessiva ader\u00eancia a rotinas e padr\u00f5es de comportamento ritualizados; interesses restritos e fixos.<\/p>\n\n\n\n<p>&nbsp;&nbsp;&nbsp;&nbsp;&nbsp;\u00a7 2\u00ba A pessoa com transtorno do espectro autista \u00e9 considerada pessoa com defici\u00eancia, para todos os efeitos legais.<\/p>\n\n\n\n<p>&nbsp;&nbsp;&nbsp;&nbsp;&nbsp;Art. 2\u00ba&nbsp;S\u00e3o diretrizes da Pol\u00edtica Nacional de Prote\u00e7\u00e3o dos Direitos da Pessoa com Transtorno do Espectro Autista:<\/p>\n\n\n\n<p>&nbsp;&nbsp;&nbsp;&nbsp;&nbsp;I &#8211; a intersetorialidade no desenvolvimento das a\u00e7\u00f5es e das pol\u00edticas e no atendimento \u00e0 pessoa com transtorno do espectro autista;<\/p>\n\n\n\n<p>&nbsp;&nbsp;&nbsp;&nbsp;&nbsp;II &#8211; a participa\u00e7\u00e3o da comunidade na formula\u00e7\u00e3o de pol\u00edticas p\u00fablicas voltadas para as pessoas com transtorno do espectro autista e o controle social da sua implanta\u00e7\u00e3o, acompanhamento e avalia\u00e7\u00e3o;<\/p>\n\n\n\n<p>&nbsp;&nbsp;&nbsp;&nbsp;&nbsp;III &#8211; a aten\u00e7\u00e3o integral \u00e0s necessidades de sa\u00fade da pessoa com transtorno do espectro autista, objetivando o diagn\u00f3stico precoce, o atendimento multiprofissional e o acesso a medicamentos e nutrientes;<\/p>\n\n\n\n<p>&nbsp;&nbsp;&nbsp;&nbsp;&nbsp;IV &#8211; (VETADO);<\/p>\n\n\n\n<p>&nbsp;&nbsp;&nbsp;&nbsp;&nbsp;V &#8211; o est\u00edmulo \u00e0 inser\u00e7\u00e3o da pessoa com transtorno do espectro autista no mercado de trabalho, observadas as peculiaridades da defici\u00eancia e as disposi\u00e7\u00f5es da Lei n\u00ba 8.069, de 13 de julho de 1990 (Estatuto da Crian\u00e7a e do Adolescente);<\/p>\n\n\n\n<p>&nbsp;&nbsp;&nbsp;&nbsp;&nbsp;VI &#8211; a responsabilidade do poder p\u00fablico quanto \u00e0 informa\u00e7\u00e3o p\u00fablica relativa ao transtorno e suas implica\u00e7\u00f5es;<\/p>\n\n\n\n<p>&nbsp;&nbsp;&nbsp;&nbsp;&nbsp;VII &#8211; o incentivo \u00e0 forma\u00e7\u00e3o e \u00e0 capacita\u00e7\u00e3o de profissionais especializados no atendimento \u00e0 pessoa com transtorno do espectro autista, bem como a pais e respons\u00e1veis;<\/p>\n\n\n\n<p>&nbsp;&nbsp;&nbsp;&nbsp;&nbsp;VIII &#8211; o est\u00edmulo \u00e0 pesquisa cient\u00edfica, com prioridade para estudos epidemiol\u00f3gicos tendentes a dimensionar a magnitude e as caracter\u00edsticas do problema relativo ao transtorno do espectro autista no Pa\u00eds.<\/p>\n\n\n\n<p><em>Par\u00e1grafo \u00fanico.&nbsp;<\/em>Para cumprimento das diretrizes de que trata este artigo, o poder p\u00fablico poder\u00e1 firmar contrato de direito p\u00fablico ou conv\u00eanio com pessoas jur\u00eddicas de direito privado.<\/p>\n\n\n\n<p>&nbsp;&nbsp;&nbsp;&nbsp;&nbsp;Art. 3\u00ba&nbsp;S\u00e3o direitos da pessoa com transtorno do espectro autista:<\/p>\n\n\n\n<p>&nbsp;&nbsp;&nbsp;&nbsp;&nbsp;I &#8211; a vida digna, a integridade f\u00edsica e moral, o livre desenvolvimento da personalidade, a seguran\u00e7a e o lazer;<\/p>\n\n\n\n<p>&nbsp;&nbsp;&nbsp;&nbsp;&nbsp;II &#8211; a prote\u00e7\u00e3o contra qualquer forma de abuso e explora\u00e7\u00e3o;<\/p>\n\n\n\n<p>&nbsp;&nbsp;&nbsp;&nbsp;&nbsp;III &#8211; o acesso a a\u00e7\u00f5es e servi\u00e7os de sa\u00fade, com vistas \u00e0 aten\u00e7\u00e3o integral \u00e0s suas necessidades de sa\u00fade, incluindo:<\/p>\n\n\n\n<p>III &#8211; o acesso a a\u00e7\u00f5es e servi\u00e7os de sa\u00fade, com vistas \u00e0 aten\u00e7\u00e3o integral \u00e0s suas necessidades de sa\u00fade, incluindo:<\/p>\n\n\n\n<p><a><\/a>a) o diagn\u00f3stico precoce, ainda que n\u00e3o definitivo;<\/p>\n\n\n\n<p><a><\/a>b) o atendimento multiprofissional;<\/p>\n\n\n\n<p><a><\/a>c) a nutri\u00e7\u00e3o adequada e a terapia nutricional;<\/p>\n\n\n\n<p><a><\/a>d) os medicamentos;<\/p>\n\n\n\n<p><a><\/a>e) informa\u00e7\u00f5es que auxiliem no diagn\u00f3stico e no tratamento;<\/p>\n\n\n\n<p><a><\/a>IV &#8211; o acesso:<\/p>\n\n\n\n<p><a><\/a>a) \u00e0 educa\u00e7\u00e3o e ao ensino profissionalizante;<\/p>\n\n\n\n<p><a><\/a>b) \u00e0 moradia, inclusive \u00e0 resid\u00eancia protegida;<\/p>\n\n\n\n<p><a><\/a>c) ao mercado de trabalho;<\/p>\n\n\n\n<p><a><\/a>d) \u00e0 previd\u00eancia social e \u00e0 assist\u00eancia social.<\/p>\n\n\n\n<p>&nbsp;&nbsp;&nbsp;&nbsp;&nbsp;<em>Par\u00e1grafo \u00fanico.&nbsp;<\/em>Em casos de comprovada necessidade, a pessoa com transtorno do espectro autista inclu\u00edda nas classes comuns de ensino regular, nos termos do inciso IV do art. 2\u00ba, ter\u00e1 direito a acompanhante especializado.<br><br>&nbsp;&nbsp;&nbsp;&nbsp;&nbsp;Art. 4\u00ba&nbsp;A pessoa com transtorno do espectro autista n\u00e3o ser\u00e1 submetida a tratamento desumano ou degradante, n\u00e3o ser\u00e1 privada de sua liberdade ou do conv\u00edvio familiar nem sofrer\u00e1 discrimina\u00e7\u00e3o por motivo da defici\u00eancia.<br><br>&nbsp;&nbsp;&nbsp;&nbsp;&nbsp;<em>Par\u00e1grafo \u00fanico.&nbsp;<\/em>Nos casos de necessidade de interna\u00e7\u00e3o m\u00e9dica em unidades especializadas, observar-se-\u00e1 o que disp\u00f5e o art. 4\u00ba da Lei n\u00ba 10.216, de 6 de abril de 2001.<br><br>&nbsp;&nbsp;&nbsp;&nbsp;&nbsp;Art. 5\u00ba&nbsp;A pessoa com transtorno do espectro autista n\u00e3o ser\u00e1 impedida de participar de planos privados de assist\u00eancia \u00e0 sa\u00fade em raz\u00e3o de sua condi\u00e7\u00e3o de pessoa com defici\u00eancia, conforme disp\u00f5e o art. 14 da Lei n\u00ba 9.656, de 3 de junho de 1998.<br><br>&nbsp;&nbsp;&nbsp;&nbsp;&nbsp;Art. 6\u00ba&nbsp;(VETADO).<br><br>&nbsp;&nbsp;&nbsp;&nbsp;&nbsp;Art. 7\u00ba&nbsp;O gestor escolar, ou autoridade competente, que recusar a matr\u00edcula de aluno com transtorno do espectro autista, ou qualquer outro tipo de defici\u00eancia, ser\u00e1 punido com multa de 3 (tr\u00eas) a 20 (vinte) sal\u00e1rios-m\u00ednimos.<br><br>&nbsp;&nbsp;&nbsp;&nbsp;&nbsp;\u00a7 1\u00ba Em caso de reincid\u00eancia, apurada por processo administrativo, assegurado o contradit\u00f3rio e a ampla defesa, haver\u00e1 a perda do cargo.<br><br>&nbsp;&nbsp;&nbsp;&nbsp;&nbsp;\u00a7 2\u00ba (VETADO).<br><br>&nbsp;&nbsp;&nbsp;&nbsp;&nbsp;Art. 8\u00ba&nbsp;Esta Lei entra em vigor na data de sua publica\u00e7\u00e3o.<\/p>\n\n\n\n<p>&nbsp;&nbsp;&nbsp;&nbsp; Bras\u00edlia, 27 de dezembro de 2012; 191\u00ba da Independ\u00eancia e 124\u00ba da Rep\u00fablica.<\/p>\n\n\n\n<p>DILMA ROUSSEFF<br>Jos\u00e9 Henrique Paim Fernandes<br>Miriam Belchior<\/p>\n","protected":false},"excerpt":{"rendered":"<p>Institui a Pol\u00edtica Nacional de Prote\u00e7\u00e3o dos Direitos da Pessoa com Transtorno do Espectro Autista; e altera o \u00a7 3\u00ba do art. 98 da Lei n\u00ba 8.112, de 11 de dezembro de 1990. &nbsp;A PRESIDENTA DA REP\u00daBLICA&nbsp;&nbsp;&nbsp;&nbsp; Fa\u00e7o saber que o Congresso Nacional decreta e eu sanciono a seguinte Lei: &nbsp;&nbsp;&nbsp;&nbsp;&nbsp;Art. 1\u00ba&nbsp;Esta Lei institui a [&hellip;]<\/p>\n","protected":false},"author":2,"featured_media":0,"comment_status":"open","ping_status":"open","sticky":false,"template":"","format":"standard","meta":{"site-sidebar-layout":"default","site-content-layout":"","ast-site-content-layout":"default","site-content-style":"default","site-sidebar-style":"default","ast-global-header-display":"","ast-banner-title-visibility":"","ast-main-header-display":"","ast-hfb-above-header-display":"","ast-hfb-below-header-display":"","ast-hfb-mobile-header-display":"","site-post-title":"","ast-breadcrumbs-content":"","ast-featured-img":"","footer-sml-layout":"","ast-disable-related-posts":"","theme-transparent-header-meta":"","adv-header-id-meta":"","stick-header-meta":"","header-above-stick-meta":"","header-main-stick-meta":"","header-below-stick-meta":"","astra-migrate-meta-layouts":"default","ast-page-background-enabled":"default","ast-page-background-meta":{"desktop":{"background-color":"var(--ast-global-color-4)","background-image":"","background-repeat":"repeat","background-position":"center center","background-size":"auto","background-attachment":"scroll","background-type":"","background-media":"","overlay-type":"","overlay-color":"","overlay-opacity":"","overlay-gradient":""},"tablet":{"background-color":"","background-image":"","background-repeat":"repeat","background-position":"center center","background-size":"auto","background-attachment":"scroll","background-type":"","background-media":"","overlay-type":"","overlay-color":"","overlay-opacity":"","overlay-gradient":""},"mobile":{"background-color":"","background-image":"","background-repeat":"repeat","background-position":"center center","background-size":"auto","background-attachment":"scroll","background-type":"","background-media":"","overlay-type":"","overlay-color":"","overlay-opacity":"","overlay-gradient":""}},"ast-content-background-meta":{"desktop":{"background-color":"var(--ast-global-color-5)","background-image":"","background-repeat":"repeat","background-position":"center center","background-size":"auto","background-attachment":"scroll","background-type":"","background-media":"","overlay-type":"","overlay-color":"","overlay-opacity":"","overlay-gradient":""},"tablet":{"background-color":"var(--ast-global-color-5)","background-image":"","background-repeat":"repeat","background-position":"center center","background-size":"auto","background-attachment":"scroll","background-type":"","background-media":"","overlay-type":"","overlay-color":"","overlay-opacity":"","overlay-gradient":""},"mobile":{"background-color":"var(--ast-global-color-5)","background-image":"","background-repeat":"repeat","background-position":"center center","background-size":"auto","background-attachment":"scroll","background-type":"","background-media":"","overlay-type":"","overlay-color":"","overlay-opacity":"","overlay-gradient":""}},"footnotes":""},"categories":[14],"tags":[],"class_list":["post-1927","post","type-post","status-publish","format-standard","hentry","category-legislacoes-e-leis"],"rttpg_featured_image_url":null,"rttpg_author":{"display_name":"David Tavares Fernandes da Silva","author_link":"http:\/\/www.portalcme.recife.pe.gov.br\/?author=2"},"rttpg_comment":0,"rttpg_category":"<a href=\"http:\/\/www.portalcme.recife.pe.gov.br\/?cat=14\" rel=\"category\">Legisla\u00e7\u00f5es sobre educa\u00e7\u00e3o<\/a>","rttpg_excerpt":"Institui a Pol\u00edtica Nacional de Prote\u00e7\u00e3o dos Direitos da Pessoa com Transtorno do Espectro Autista; e altera o \u00a7 3\u00ba do art. 98 da Lei n\u00ba 8.112, de 11 de dezembro de 1990. &nbsp;A PRESIDENTA DA REP\u00daBLICA&nbsp;&nbsp;&nbsp;&nbsp; Fa\u00e7o saber que o Congresso Nacional decreta e eu sanciono a seguinte Lei: &nbsp;&nbsp;&nbsp;&nbsp;&nbsp;Art. 1\u00ba&nbsp;Esta Lei institui a&hellip;","_links":{"self":[{"href":"http:\/\/www.portalcme.recife.pe.gov.br\/index.php?rest_route=\/wp\/v2\/posts\/1927","targetHints":{"allow":["GET"]}}],"collection":[{"href":"http:\/\/www.portalcme.recife.pe.gov.br\/index.php?rest_route=\/wp\/v2\/posts"}],"about":[{"href":"http:\/\/www.portalcme.recife.pe.gov.br\/index.php?rest_route=\/wp\/v2\/types\/post"}],"author":[{"embeddable":true,"href":"http:\/\/www.portalcme.recife.pe.gov.br\/index.php?rest_route=\/wp\/v2\/users\/2"}],"replies":[{"embeddable":true,"href":"http:\/\/www.portalcme.recife.pe.gov.br\/index.php?rest_route=%2Fwp%2Fv2%2Fcomments&post=1927"}],"version-history":[{"count":1,"href":"http:\/\/www.portalcme.recife.pe.gov.br\/index.php?rest_route=\/wp\/v2\/posts\/1927\/revisions"}],"predecessor-version":[{"id":1928,"href":"http:\/\/www.portalcme.recife.pe.gov.br\/index.php?rest_route=\/wp\/v2\/posts\/1927\/revisions\/1928"}],"wp:attachment":[{"href":"http:\/\/www.portalcme.recife.pe.gov.br\/index.php?rest_route=%2Fwp%2Fv2%2Fmedia&parent=1927"}],"wp:term":[{"taxonomy":"category","embeddable":true,"href":"http:\/\/www.portalcme.recife.pe.gov.br\/index.php?rest_route=%2Fwp%2Fv2%2Fcategories&post=1927"},{"taxonomy":"post_tag","embeddable":true,"href":"http:\/\/www.portalcme.recife.pe.gov.br\/index.php?rest_route=%2Fwp%2Fv2%2Ftags&post=1927"}],"curies":[{"name":"wp","href":"https:\/\/api.w.org\/{rel}","templated":true}]}}