{"id":1931,"date":"2024-08-21T15:07:22","date_gmt":"2024-08-21T18:07:22","guid":{"rendered":"http:\/\/www.portalcme.recife.pe.gov.br\/?p=1931"},"modified":"2024-08-21T15:07:22","modified_gmt":"2024-08-21T18:07:22","slug":"lei-no-15596-de-29-09-2015","status":"publish","type":"post","link":"http:\/\/www.portalcme.recife.pe.gov.br\/?p=1931","title":{"rendered":"Lei N\u00ba 15596 DE 29\/09\/2015"},"content":{"rendered":"\n<p><em>Disp\u00f5e sobre a afixa\u00e7\u00e3o de cartazes nas escolas das redes p\u00fablica e privada de educa\u00e7\u00e3o do Estado de Pernambuco, informando sobre a obrigatoriedade de matr\u00edcula de pessoas com Transtorno do Espectro Autista, ou qualquer outro tipo de defici\u00eancia, e d\u00e1 outras provid\u00eancias.<\/em><\/p>\n\n\n\n<p>O Presidente da Assembleia Legislativa do Estado de Pernambuco:<\/p>\n\n\n\n<p>Fa\u00e7o saber que, a Assembleia Legislativa aprovou, o Governador do Estado, nos termos do \u00a7 3\u00ba do art. 23 da Constitui\u00e7\u00e3o Estadual, sancionou, e eu, Presidente do Poder Legislativo, nos termos do \u00a7 8\u00ba do mesmo artigo, promulgo a seguinte Lei:<\/p>\n\n\n\n<p>Art. 1\u00ba Torna obrigat\u00f3ria a afixa\u00e7\u00e3o de cartazes nas escolas das redes p\u00fablica e privada do Estado de Pernambuco, informando sobre a garantia de matr\u00edcula de pessoas com Transtorno do Espectro Autista, ou qualquer outro tipo de defici\u00eancia.<\/p>\n\n\n\n<p>Art. 2\u00ba Fica estabelecido que o cartaz dever\u00e1 ser afixado em local de f\u00e1cil visualiza\u00e7\u00e3o, medindo 297 x 420mm (Folha A3), com caracteres em negrito, contendo a seguinte informa\u00e7\u00e3o:<\/p>\n\n\n\n<p>&#8220;Este estabelecimento de educa\u00e7\u00e3o respeita e cumpre a Lei n\u00ba 15.487, de 27 de abril de 2015, e garante a inclus\u00e3o em seu ensino regular de estudantes com Transtorno do Espectro Autista, ou qualquer outro tipo de defici\u00eancia.&#8221;<\/p>\n\n\n\n<p>Art. 3\u00ba O descumprimento do disposto nesta Lei sujeitar\u00e1 o infrator, quando pessoa jur\u00eddica de direito privado, \u00e0s seguintes penalidades:<\/p>\n\n\n\n<p>I &#8211; advert\u00eancia, quando da primeira autua\u00e7\u00e3o da infra\u00e7\u00e3o;<\/p>\n\n\n\n<p>II &#8211; multa, quando da segunda autua\u00e7\u00e3o.<\/p>\n\n\n\n<p>Par\u00e1grafo \u00fanico. A multa prevista no inciso II deste artigo ser\u00e1 fixada entre R$ 1.000,00 (um mil reais) e R$ 10.000,00 (dez mil reais), a depender do porte da escola e das circunst\u00e2ncias da infra\u00e7\u00e3o, tendo seu valor atualizado pelo IPCA ou qualquer outro \u00edndice que venha substitu\u00ed-lo.<\/p>\n\n\n\n<p>Art. 4\u00ba A fiscaliza\u00e7\u00e3o do disposto nesta Lei ser\u00e1 realizada pelos \u00f3rg\u00e3os p\u00fablicos nos respectivos \u00e2mbitos de atribui\u00e7\u00f5es, os quais ser\u00e3o respons\u00e1veis pela aplica\u00e7\u00e3o das san\u00e7\u00f5es decorrentes de infra\u00e7\u00f5es \u00e0s normas nela contidas, mediante procedimento administrativo, assegurada a ampla defesa.<\/p>\n\n\n\n<p>Art. 5\u00ba Esta Lei entra em vigor na data de sua publica\u00e7\u00e3o.<\/p>\n\n\n\n<p>Pal\u00e1cio Joaquim Nabuco, Recife, 29 de setembro do ano de 2015, 199\u00ba da Revolu\u00e7\u00e3o Republicana Constitucionalista e 193\u00ba da Independ\u00eancia do Brasil.<\/p>\n\n\n\n<p>GUILHERME UCH\u00d4A<\/p>\n\n\n\n<p>Presidente<\/p>\n\n\n\n<p>O PROJETO QUE ORIGINOU ESTA LEI \u00c9 DE AUTORIA<\/p>\n\n\n\n<p>DO DEPUTADO BETO ACCIOLY &#8211; SD<\/p>\n","protected":false},"excerpt":{"rendered":"<p>Disp\u00f5e sobre a afixa\u00e7\u00e3o de cartazes nas escolas das redes p\u00fablica e privada de educa\u00e7\u00e3o do Estado de Pernambuco, informando sobre a obrigatoriedade de matr\u00edcula de pessoas com Transtorno do Espectro Autista, ou qualquer outro tipo de defici\u00eancia, e d\u00e1 outras provid\u00eancias. O Presidente da Assembleia Legislativa do Estado de Pernambuco: Fa\u00e7o saber que, a [&hellip;]<\/p>\n","protected":false},"author":2,"featured_media":0,"comment_status":"open","ping_status":"open","sticky":false,"template":"","format":"standard","meta":{"site-sidebar-layout":"default","site-content-layout":"","ast-site-content-layout":"default","site-content-style":"default","site-sidebar-style":"default","ast-global-header-display":"","ast-banner-title-visibility":"","ast-main-header-display":"","ast-hfb-above-header-display":"","ast-hfb-below-header-display":"","ast-hfb-mobile-header-display":"","site-post-title":"","ast-breadcrumbs-content":"","ast-featured-img":"","footer-sml-layout":"","ast-disable-related-posts":"","theme-transparent-header-meta":"","adv-header-id-meta":"","stick-header-meta":"","header-above-stick-meta":"","header-main-stick-meta":"","header-below-stick-meta":"","astra-migrate-meta-layouts":"default","ast-page-background-enabled":"default","ast-page-background-meta":{"desktop":{"background-color":"var(--ast-global-color-4)","background-image":"","background-repeat":"repeat","background-position":"center center","background-size":"auto","background-attachment":"scroll","background-type":"","background-media":"","overlay-type":"","overlay-color":"","overlay-opacity":"","overlay-gradient":""},"tablet":{"background-color":"","background-image":"","background-repeat":"repeat","background-position":"center center","background-size":"auto","background-attachment":"scroll","background-type":"","background-media":"","overlay-type":"","overlay-color":"","overlay-opacity":"","overlay-gradient":""},"mobile":{"background-color":"","background-image":"","background-repeat":"repeat","background-position":"center center","background-size":"auto","background-attachment":"scroll","background-type":"","background-media":"","overlay-type":"","overlay-color":"","overlay-opacity":"","overlay-gradient":""}},"ast-content-background-meta":{"desktop":{"background-color":"var(--ast-global-color-5)","background-image":"","background-repeat":"repeat","background-position":"center center","background-size":"auto","background-attachment":"scroll","background-type":"","background-media":"","overlay-type":"","overlay-color":"","overlay-opacity":"","overlay-gradient":""},"tablet":{"background-color":"var(--ast-global-color-5)","background-image":"","background-repeat":"repeat","background-position":"center center","background-size":"auto","background-attachment":"scroll","background-type":"","background-media":"","overlay-type":"","overlay-color":"","overlay-opacity":"","overlay-gradient":""},"mobile":{"background-color":"var(--ast-global-color-5)","background-image":"","background-repeat":"repeat","background-position":"center center","background-size":"auto","background-attachment":"scroll","background-type":"","background-media":"","overlay-type":"","overlay-color":"","overlay-opacity":"","overlay-gradient":""}},"footnotes":""},"categories":[14],"tags":[],"class_list":["post-1931","post","type-post","status-publish","format-standard","hentry","category-legislacoes-e-leis"],"rttpg_featured_image_url":null,"rttpg_author":{"display_name":"David Tavares Fernandes da Silva","author_link":"http:\/\/www.portalcme.recife.pe.gov.br\/?author=2"},"rttpg_comment":0,"rttpg_category":"<a href=\"http:\/\/www.portalcme.recife.pe.gov.br\/?cat=14\" rel=\"category\">Legisla\u00e7\u00f5es sobre educa\u00e7\u00e3o<\/a>","rttpg_excerpt":"Disp\u00f5e sobre a afixa\u00e7\u00e3o de cartazes nas escolas das redes p\u00fablica e privada de educa\u00e7\u00e3o do Estado de Pernambuco, informando sobre a obrigatoriedade de matr\u00edcula de pessoas com Transtorno do Espectro Autista, ou qualquer outro tipo de defici\u00eancia, e d\u00e1 outras provid\u00eancias. O Presidente da Assembleia Legislativa do Estado de Pernambuco: Fa\u00e7o saber que, a&hellip;","_links":{"self":[{"href":"http:\/\/www.portalcme.recife.pe.gov.br\/index.php?rest_route=\/wp\/v2\/posts\/1931","targetHints":{"allow":["GET"]}}],"collection":[{"href":"http:\/\/www.portalcme.recife.pe.gov.br\/index.php?rest_route=\/wp\/v2\/posts"}],"about":[{"href":"http:\/\/www.portalcme.recife.pe.gov.br\/index.php?rest_route=\/wp\/v2\/types\/post"}],"author":[{"embeddable":true,"href":"http:\/\/www.portalcme.recife.pe.gov.br\/index.php?rest_route=\/wp\/v2\/users\/2"}],"replies":[{"embeddable":true,"href":"http:\/\/www.portalcme.recife.pe.gov.br\/index.php?rest_route=%2Fwp%2Fv2%2Fcomments&post=1931"}],"version-history":[{"count":1,"href":"http:\/\/www.portalcme.recife.pe.gov.br\/index.php?rest_route=\/wp\/v2\/posts\/1931\/revisions"}],"predecessor-version":[{"id":1932,"href":"http:\/\/www.portalcme.recife.pe.gov.br\/index.php?rest_route=\/wp\/v2\/posts\/1931\/revisions\/1932"}],"wp:attachment":[{"href":"http:\/\/www.portalcme.recife.pe.gov.br\/index.php?rest_route=%2Fwp%2Fv2%2Fmedia&parent=1931"}],"wp:term":[{"taxonomy":"category","embeddable":true,"href":"http:\/\/www.portalcme.recife.pe.gov.br\/index.php?rest_route=%2Fwp%2Fv2%2Fcategories&post=1931"},{"taxonomy":"post_tag","embeddable":true,"href":"http:\/\/www.portalcme.recife.pe.gov.br\/index.php?rest_route=%2Fwp%2Fv2%2Ftags&post=1931"}],"curies":[{"name":"wp","href":"https:\/\/api.w.org\/{rel}","templated":true}]}}