{"id":1938,"date":"2024-08-21T15:12:37","date_gmt":"2024-08-21T18:12:37","guid":{"rendered":"http:\/\/www.portalcme.recife.pe.gov.br\/?p=1938"},"modified":"2024-08-21T15:12:37","modified_gmt":"2024-08-21T18:12:37","slug":"lei-no-9-503-de-23-de-setembro-de-1997","status":"publish","type":"post","link":"http:\/\/www.portalcme.recife.pe.gov.br\/?p=1938","title":{"rendered":"LEI N\u00ba 9.503, DE 23 DE SETEMBRO DE 1997"},"content":{"rendered":"\n<p>Institui o C\u00f3digo de Tr\u00e2nsito Brasileiro<\/p>\n\n\n\n<p><strong>&nbsp;O PRESIDENTE DA REP\u00daBLICA<\/strong>&nbsp;<br>&nbsp;&nbsp;&nbsp;&nbsp;&nbsp;Fa\u00e7o saber que o Congresso Nacional decreta e eu sanciono a seguinte Lei:<\/p>\n\n\n\n<p>CAP\u00cdTULO I<br>DISPOSI\u00c7\u00d5ES PRELIMINARES<\/p>\n\n\n\n<p>&nbsp;&nbsp;&nbsp;&nbsp;&nbsp;Art. 1\u00ba. O tr\u00e2nsito de qualquer natureza nas vias terrestres do territ\u00f3rio nacional, abertas \u00e0 circula\u00e7\u00e3o, rege-se por este C\u00f3digo.&nbsp;<br><br>&nbsp;&nbsp;&nbsp;&nbsp;&nbsp;\u00a7 1\u00ba Considera-se tr\u00e2nsito a utiliza\u00e7\u00e3o das vias por pessoas, ve\u00edculos e animais, isolados ou em grupos, conduzidos ou n\u00e3o, para fins de circula\u00e7\u00e3o, parada, estacionamento e opera\u00e7\u00e3o de carga ou descarga.<br><br>&nbsp;&nbsp;&nbsp;&nbsp;&nbsp;\u00a7 2\u00ba O tr\u00e2nsito, em condi\u00e7\u00f5es seguras, \u00e9 um direito de todos e dever dos \u00f3rg\u00e3os e entidades componentes do Sistema Nacional de Tr\u00e2nsito, a estes cabendo, no \u00e2mbito das respectivas compet\u00eancias, adotar as medidas destinadas a assegurar esse direito.<br><br>&nbsp;&nbsp;&nbsp;&nbsp;&nbsp;\u00a7 3\u00ba Os \u00f3rg\u00e3os e entidades componentes do Sistema Nacional de Tr\u00e2nsito respondem, no \u00e2mbito das respectivas compet\u00eancias, objetivamente, por danos causados aos cidad\u00e3os em virtude de a\u00e7\u00e3o, omiss\u00e3o ou erro na execu\u00e7\u00e3o e manuten\u00e7\u00e3o de programas, projetos e servi\u00e7os que garantam o exerc\u00edcio do direito do tr\u00e2nsito seguro.<br><br>&nbsp;&nbsp;&nbsp;&nbsp;&nbsp;\u00a7 4\u00ba (VETADO)<br><br>&nbsp;&nbsp;&nbsp;&nbsp;&nbsp;\u00a7 5\u00ba Os \u00f3rg\u00e3os e entidades de tr\u00e2nsito pertencentes no Sistema Nacional de Tr\u00e2nsito dar\u00e3o prioridade em suas a\u00e7\u00f5es \u00e0 defesa da vida, nela inclu\u00edda a preserva\u00e7\u00e3o da sa\u00fade e do meio-ambiente.<br><br>&nbsp;&nbsp;&nbsp;&nbsp;&nbsp;Art. 2\u00ba. S\u00e3o vias terrestres urbanas e rurais as ruas, as avenidas, os logradouros, os caminhos, as passagens, as estradas e as rodovias, que ter\u00e3o seu uso regulamentado pelo \u00f3rg\u00e3o ou entidade com circunscri\u00e7\u00e3o sobre elas, de acordo com as peculiaridades locais e as circunst\u00e2ncias especiais.<br><br>&nbsp;&nbsp;&nbsp;&nbsp;&nbsp;<em>Par\u00e1grafo \u00fanico.&nbsp;<\/em>Para os efeitos deste C\u00f3digo, s\u00e3o consideradas vias terrestres as praias abertas \u00e0 circula\u00e7\u00e3o publica e as vias internas pertencentes aos condom\u00ednios constitu\u00eddos por unidades aut\u00f4nomas.<br><br>&nbsp;&nbsp;&nbsp;&nbsp;&nbsp;Art. 3\u00ba. As disposi\u00e7\u00f5es deste C\u00f3digo s\u00e3o aplic\u00e1veis a qualquer ve\u00edculo, bem como aos propriet\u00e1rios, condutores dos ve\u00edculos nacionais ou estrangeiros e \u00e0s pessoas nele expressamente mencionadas.<br><br>&nbsp;&nbsp;&nbsp;&nbsp;&nbsp;Art. 4\u00ba. Os conceitos e defini\u00e7\u00f5es estabelecidos para os efeitos deste C\u00f3digo s\u00e3o os constantes do Anexo I.&nbsp;<\/p>\n\n\n\n<p>CAP\u00cdTULO II<br>DO SISTEMA NACIONAL DE TR\u00c2NSITO<\/p>\n\n\n\n<p><strong>SE\u00c7\u00c3O I<br>Disposi\u00e7\u00f5es Gerais<\/strong><\/p>\n\n\n\n<p>&nbsp;&nbsp;&nbsp;&nbsp;&nbsp;Art. 5\u00ba. O Sistema Nacional de Tr\u00e2nsito \u00e9 o conjunto de \u00f3rg\u00e3os e entidades da Uni\u00e3o, dos Estados, do Distrito Federal e dos Munic\u00edpios que tem por finalidade o exerc\u00edcio das atividades de planejamento, administra\u00e7\u00e3o, normatiza\u00e7\u00e3o, pesquisa, registro e licenciamento de ve\u00edculos, forma\u00e7\u00e3o, habilita\u00e7\u00e3o e reciclagem de condutores, educa\u00e7\u00e3o, engenharia, opera\u00e7\u00e3o do sistema vi\u00e1rio, policiamento, fiscaliza\u00e7\u00e3o, julgamento de infra\u00e7\u00f5es e de recursos e aplica\u00e7\u00e3o de penalidades.<br><br>&nbsp;&nbsp;&nbsp;&nbsp;&nbsp;Art. 6\u00ba. S\u00e3o objetivos b\u00e1sicos do Sistema Nacional de Tr\u00e2nsito:<br><br>&nbsp;&nbsp;&nbsp;&nbsp;&nbsp;I &#8211; estabelecer diretrizes da Pol\u00edtica Nacional de Tr\u00e2nsito, com vistas \u00e0 seguran\u00e7a, \u00e0 fluidez, ao conforto, \u00e0 defesa ambiental e \u00e0 educa\u00e7\u00e3o para o tr\u00e2nsito, e fiscalizar seu cumprimento;<br><br>&nbsp;&nbsp;&nbsp;&nbsp;&nbsp;II &#8211; fixar, mediante normas e procedimentos, a padroniza\u00e7\u00e3o de crit\u00e9rios t\u00e9cnicos, financeiros e administrativos para a execu\u00e7\u00e3o das atividades de tr\u00e2nsito;<br><br>&nbsp;&nbsp;&nbsp;&nbsp;&nbsp;III &#8211; estabelecer a sistem\u00e1tica de fluxos permanentes de informa\u00e7\u00f5es entre os seus diversos \u00f3rg\u00e3os e entidades, a fim de facilitar o processo decis\u00f3rio e a integra\u00e7\u00e3o do Sistema.<br><br><\/p>\n\n\n\n<h4 class=\"wp-block-heading\">SE\u00c7\u00c3O II<br>Da Composi\u00e7\u00e3o e da Compet\u00eancia do Sistema Nacional de Tr\u00e2nsito<br><br><\/h4>\n\n\n\n<p>&nbsp;&nbsp;&nbsp;&nbsp;&nbsp;Art. 7\u00ba. Comp\u00f5em o Sistema Nacional de Tr\u00e2nsito os seguintes \u00f3rg\u00e3os e entidades:<\/p>\n\n\n\n<p>&nbsp;&nbsp;&nbsp;&nbsp;&nbsp;I &#8211; o Conselho Nacional de Tr\u00e2nsito &#8211; CONTRAN, coordenador do Sistema e \u00f3rg\u00e3o m\u00e1ximo normativo e consultivo;<\/p>\n\n\n\n<p>&nbsp;&nbsp;&nbsp;&nbsp;&nbsp;II &#8211; os Conselhos Estaduais de Tr\u00e2nsito &#8211; CETRAN e o Conselho de Tr\u00e2nsito do Distrito Federal &#8211; CONTRANDIFE, \u00f3rg\u00e3os normativos, consultivos e coordenadores;<\/p>\n\n\n\n<p>&nbsp;&nbsp;&nbsp;&nbsp;&nbsp;III &#8211; os \u00f3rg\u00e3os e entidades executivos de tr\u00e2nsito da Uni\u00e3o, dos Estados, do Distrito Federal e dos Munic\u00edpios;<\/p>\n\n\n\n<p>&nbsp;&nbsp;&nbsp;&nbsp;&nbsp;IV &#8211; os \u00f3rg\u00e3os e entidades executivos rodovi\u00e1rios da Uni\u00e3o, dos Estados, do Distrito Federal e dos Munic\u00edpios;&nbsp;<\/p>\n\n\n\n<p>&nbsp;&nbsp;&nbsp;&nbsp;&nbsp;V &#8211; a Policia Rodovi\u00e1ria Federal;<\/p>\n\n\n\n<p>&nbsp;&nbsp;&nbsp;&nbsp; VI &#8211; as Pol\u00edcias Militares dos Estados e do Distrito Federal; e<\/p>\n\n\n\n<p>&nbsp;&nbsp;&nbsp;&nbsp;&nbsp;VII &#8211; as Juntas Administrativas de Recursos de Infra\u00e7\u00f5es &#8211; JARI.<\/p>\n\n\n\n<p>&nbsp;&nbsp;&nbsp;&nbsp;&nbsp;Art. 8\u00ba. Os Estados, o Distrito Federal e os Munic\u00edpios organiza\u00e7\u00e3o os respectivos \u00f3rg\u00e3os e entidades executivos de tr\u00e2nsito e executivos rodovi\u00e1rios, estabelecendo os limites circunscricionais de suas atua\u00e7\u00f5es.<\/p>\n\n\n\n<p>&nbsp;&nbsp;&nbsp;&nbsp;&nbsp;Art. 9\u00ba. O Presidente da Rep\u00fablica designar\u00e1 o minist\u00e9rio ou \u00f3rg\u00e3o da Presid\u00eancia respons\u00e1vel pela coordena\u00e7\u00e3o m\u00e1xima do Sistema Nacional de Tr\u00e2nsito, ao qual estar\u00e1 vinculado o CONTRAN o subordinado o \u00f3rg\u00e3o m\u00e1ximo executivo de tr\u00e2nsito da Uni\u00e3o.<\/p>\n\n\n\n<p>&nbsp;&nbsp;&nbsp;&nbsp;&nbsp;Art. 10. O Conselho Nacional de Tr\u00e2nsito &#8211; CONTRAN, com sede no Distrito Federal e presidido pelo dirigente do \u00f3rg\u00e3o m\u00e1ximo executivo de tr\u00e2nsito da Uni\u00e3o, tem a seguinte composi\u00e7\u00e3o:<\/p>\n\n\n\n<p>&nbsp;&nbsp;&nbsp;&nbsp;&nbsp;I &#8211; (VETADO)<\/p>\n\n\n\n<p>&nbsp;&nbsp;&nbsp;&nbsp;&nbsp;II &#8211; (VETADO)<\/p>\n\n\n\n<p>&nbsp;&nbsp;&nbsp;&nbsp;&nbsp;III &#8211; um representante do Minist\u00e9rio da Ci\u00eancia e Tecnologia;<\/p>\n\n\n\n<p>&nbsp;&nbsp;&nbsp;&nbsp;&nbsp;IV &#8211; um representante do Minist\u00e9rio da Educa\u00e7\u00e3o e do Desporto;<\/p>\n\n\n\n<p>&nbsp;&nbsp;&nbsp;&nbsp;&nbsp;V &#8211; um representante do Minist\u00e9rio do Ex\u00e9rcito;<\/p>\n\n\n\n<p>&nbsp;&nbsp;&nbsp;&nbsp;&nbsp;VI &#8211; um representante do Minist\u00e9rio do Meio Ambiente e da Amaz\u00f4nia Legal;<\/p>\n\n\n\n<p>&nbsp;&nbsp;&nbsp;&nbsp; VII &#8211; um representante do Minist\u00e9rio dos Transportes;<\/p>\n\n\n\n<p>&nbsp;&nbsp;&nbsp;&nbsp;&nbsp;VIII &#8211; (VETADO)<\/p>\n\n\n\n<p>&nbsp;&nbsp;&nbsp;&nbsp;&nbsp;IX &#8211; (VETADO)<\/p>\n\n\n\n<p>&nbsp;&nbsp;&nbsp;&nbsp;&nbsp;X &#8211; (VETADO)<\/p>\n\n\n\n<p>&nbsp;&nbsp;&nbsp;&nbsp;&nbsp;XI &#8211; (VETADO)<\/p>\n\n\n\n<p>&nbsp;&nbsp;&nbsp;&nbsp;&nbsp;XII &#8211; (VETADO)<\/p>\n\n\n\n<p>&nbsp;&nbsp;&nbsp;&nbsp;&nbsp;XIII &#8211; (VETADO)<\/p>\n\n\n\n<p>&nbsp;&nbsp;&nbsp;&nbsp;&nbsp;XIV &#8211; (VETADO)<\/p>\n\n\n\n<p>&nbsp;&nbsp;&nbsp;&nbsp;&nbsp;XV &#8211; (VETADO)<\/p>\n\n\n\n<p>&nbsp;&nbsp;&nbsp;&nbsp;&nbsp;XVI &#8211; (VETADO)<\/p>\n\n\n\n<p>&nbsp;&nbsp;&nbsp;&nbsp;&nbsp;XVII &#8211; (VETADO)<\/p>\n\n\n\n<p>&nbsp;&nbsp;&nbsp;&nbsp;&nbsp;XVIII &#8211; (VETADO)<\/p>\n\n\n\n<p>&nbsp;&nbsp;&nbsp;&nbsp;&nbsp;XIX &#8211; (VETADO)<\/p>\n\n\n\n<p>&nbsp;&nbsp;&nbsp;&nbsp;&nbsp;XX &#8211; um representante do minist\u00e9rio ou \u00f3rg\u00e3o coordenador m\u00e1ximo do Sistema Nacional de Tr\u00e2nsito;<\/p>\n\n\n\n<p>&nbsp;&nbsp;&nbsp;&nbsp;&nbsp;XXI &#8211; (VETADO)<\/p>\n\n\n\n<p>&nbsp;&nbsp;&nbsp;&nbsp;&nbsp;\u00a7 1\u00ba (VETADO)<\/p>\n\n\n\n<p>&nbsp;&nbsp;&nbsp;&nbsp;&nbsp;\u00a7 2\u00ba (VETADO)<\/p>\n\n\n\n<p>&nbsp;&nbsp;&nbsp;&nbsp;&nbsp;\u00a7 3\u00ba (VETADO)<\/p>\n\n\n\n<p>&nbsp;&nbsp;&nbsp;&nbsp;&nbsp;Art. 11. (VETADO)<\/p>\n\n\n\n<p>&nbsp;&nbsp;&nbsp;&nbsp;&nbsp;Art. 12. Compete ao CONTRAN:<\/p>\n\n\n\n<p>&nbsp;&nbsp;&nbsp;&nbsp;&nbsp;I &#8211; estabelecer as normas regulamentares referidas neste C\u00f3digo e as diretrizes da Pol\u00edtica Nacional de Tr\u00e2nsito;<\/p>\n\n\n\n<p>&nbsp;&nbsp;&nbsp;&nbsp;&nbsp;II &#8211; coordenar os \u00f3rg\u00e3os do Sistema Nacional de Tr\u00e2nsito, objetivando a integra\u00e7\u00e3o de suas atividades;<\/p>\n\n\n\n<p>&nbsp;&nbsp;&nbsp;&nbsp;&nbsp;III &#8211; (VETADO)<\/p>\n\n\n\n<p>&nbsp;&nbsp;&nbsp;&nbsp;&nbsp;IV &#8211; criar C\u00e2maras Tem\u00e1ticas;<\/p>\n\n\n\n<p>&nbsp;&nbsp;&nbsp;&nbsp;&nbsp;V &#8211; estabelecer seu regimento interno e as diretrizes para o funcionamento dos CETRAN e CONTRANDIFE;<\/p>\n\n\n\n<p>&nbsp;&nbsp;&nbsp;&nbsp;&nbsp;VI &#8211; estabelecer as diretrizes do regimento das JARI;<\/p>\n\n\n\n<p>&nbsp;&nbsp;&nbsp;&nbsp;&nbsp;VII &#8211; zelar pela uniformidade e cumprimento das normas contidas neste C\u00f3digo e nas resolu\u00e7\u00f5es complementares;<\/p>\n\n\n\n<p>&nbsp;&nbsp;&nbsp;&nbsp;&nbsp;VIII &#8211; estabelecer e normatizar os procedimentos para a imposi\u00e7\u00e3o, a arrecada\u00e7\u00e3o e a compensa\u00e7\u00e3o das multas por infra\u00e7\u00f5es cometidas em unidade da Federa\u00e7\u00e3o diferente da do licenciamento do ve\u00edculo;<\/p>\n\n\n\n<p>&nbsp;&nbsp;&nbsp;&nbsp;&nbsp;IX &#8211; responder \u00e1s consultas que lhe forem formuladas, relativas \u00e0 aplica\u00e7\u00e3o da legisla\u00e7\u00e3o de tr\u00e2nsito;<\/p>\n\n\n\n<p>&nbsp;&nbsp;&nbsp;&nbsp;&nbsp;X &#8211; normatizar os procedimentos sobre a aprendizagem, habilita\u00e7\u00e3o expedi\u00e7\u00e3o de documentos de condutores, e registro e Iicenciamento de ve\u00edculos;<\/p>\n\n\n\n<p>&nbsp;&nbsp;&nbsp;&nbsp;&nbsp;XI &#8211; aprovar, complementar ou alterar os dispositivos de sinaliza\u00e7\u00e3o e os dispositivos e equipamentos de tr\u00e2nsito;<\/p>\n\n\n\n<p>&nbsp;&nbsp;&nbsp;&nbsp;&nbsp;XII &#8211; apreciar os recursos interpostos contra as decis\u00f5es das inst\u00e2ncias inferiores, na forma deste C\u00f3digo;<\/p>\n\n\n\n<p>&nbsp;&nbsp;&nbsp;&nbsp;&nbsp;XIII &#8211; avocar, para an\u00e1lise e solu\u00e7\u00f5es, processos sobre conflitos de compet\u00eancia ou circunscri\u00e7\u00e3o, ou, quando necess\u00e1rio, unificar as decis\u00f5es administrativas; e<\/p>\n\n\n\n<p>&nbsp;&nbsp;&nbsp;&nbsp;&nbsp;XIV &#8211; dirimir conflitos sobre circunscri\u00e7\u00e3o e compet\u00eancia de tr\u00e2nsito no \u00e2mbito da Uni\u00e3o, dos Estados e do Distrito Federal.<\/p>\n\n\n\n<p>&nbsp;&nbsp;&nbsp;&nbsp;&nbsp;Art. 13. As C\u00e2maras Tem\u00e1ticas, \u00f3rg\u00e3os t\u00e9cnicos vinculados ao CONTRAN, s\u00e3o integradas por especialistas e t\u00eam como objetivo estudar e oferecer sugest\u00f5es e embasamento t\u00e9cnico sobre assuntos espec\u00edficos para decis\u00f5es daquele colegiado.<\/p>\n\n\n\n<p>&nbsp;&nbsp;&nbsp;&nbsp;&nbsp;\u00a7 1\u00ba Cada C\u00e2mara \u00e9 constitu\u00edda por especialistas representantes de \u00f3rg\u00e3os e entidades executivos da Uni\u00e3o, dos Estados, ou do Distrito Federal e dos Munic\u00edpios, em igual n\u00famero, pertencentes ao Sistema Nacional de Tr\u00e2nsito, al\u00e9m de especialistas representantes dos diversos segmentos da sociedade relacionados com o tr\u00e2nsito, todos indicados segundo regimento espec\u00edfico definido pelo CONTRAN e designados pelo ministro ou dirigente coordenador m\u00e1ximo do Sistema Nacional de Tr\u00e2nsito.<\/p>\n\n\n\n<p>&nbsp;&nbsp;&nbsp;&nbsp;&nbsp;\u00a7 2\u00ba Os segmentos da sociedade, relacionados no par\u00e1grafo anterior, ser\u00e3o representados por pessoa jur\u00eddica e devem atender aos requisitos estabelecidos pelo CONTRAN.<\/p>\n\n\n\n<p>&nbsp;&nbsp;&nbsp;&nbsp;&nbsp;\u00a7 3\u00ba Os coordenadores das C\u00e2maras Tem\u00e1ticas ser\u00e3o eleitos pelos respectivos membros.<\/p>\n\n\n\n<p>&nbsp;&nbsp;&nbsp;&nbsp;&nbsp;\u00a7 4\u00ba (VETADO)<\/p>\n\n\n\n<p>&nbsp;&nbsp;&nbsp;&nbsp;&nbsp;I &#8211; Educa\u00e7\u00e3o;<\/p>\n\n\n\n<p>&nbsp;&nbsp;&nbsp;&nbsp;&nbsp;II &#8211; Opera\u00e7\u00e3o, Fiscaliza\u00e7\u00e3o, e Policiamento Ostensivo de Tr\u00e2nsito;<\/p>\n\n\n\n<p>&nbsp;&nbsp;&nbsp;&nbsp;&nbsp;III &#8211; Engenharia de Tr\u00e1fego, de Vias e de Ve\u00edculos;<\/p>\n\n\n\n<p>&nbsp;&nbsp;&nbsp;&nbsp;&nbsp;IV &#8211; Medicina de Tr\u00e1fego.<\/p>\n\n\n\n<p>&nbsp;&nbsp;&nbsp;&nbsp;&nbsp;Art. 14. Compete aos Conselhos Estaduais de Tr\u00e2nsito &#8211; CETRAN e ao Conselho de Tr\u00e2nsito do Distrito Federal &#8211; CONTRANDIFE:<\/p>\n\n\n\n<p>&nbsp;&nbsp;&nbsp;&nbsp;&nbsp;I &#8211; cumprir e fazer cumprir a legisla\u00e7\u00e3o e as normas de tr\u00e2nsito, no \u00e2mbito das respectivas atribui\u00e7\u00f5es;<\/p>\n\n\n\n<p>&nbsp;&nbsp;&nbsp;&nbsp;&nbsp;II &#8211; elaborar normas no \u00e2mbito das respectivas compet\u00eancias;<\/p>\n\n\n\n<p>&nbsp;&nbsp;&nbsp;&nbsp;&nbsp;III &#8211; responder a consultas relativas \u00e0 aplica\u00e7\u00e3o da legisla\u00e7\u00e3o e dos procedimentos normativos de tr\u00e2nsito;<\/p>\n\n\n\n<p>&nbsp;&nbsp;&nbsp;&nbsp;&nbsp;IV &#8211; estimular e orientar a execu\u00e7\u00e3o de campanhas educativas de tr\u00e2nsito;<\/p>\n\n\n\n<p>&nbsp;&nbsp;&nbsp;&nbsp;&nbsp;V &#8211; julgar os recursos interpostos contra decis\u00f5es:<\/p>\n\n\n\n<figure class=\"wp-block-table\"><table class=\"has-fixed-layout\"><tbody><tr><td><\/td><td><em>a)<\/em><\/td><td>das JARI;<\/td><\/tr><\/tbody><\/table><\/figure>\n\n\n\n<figure class=\"wp-block-table\"><table class=\"has-fixed-layout\"><tbody><tr><td><\/td><td><em>b)<\/em><\/td><td>dos \u00f3rg\u00e3os e entidades executivos estaduais, nos casos de inaptid\u00e3o permanente constatados nos exames de aptid\u00e3o f\u00edsica, mental ou psicol\u00f3gica;<\/td><\/tr><\/tbody><\/table><\/figure>\n\n\n\n<p><br>&nbsp;&nbsp;&nbsp;&nbsp;&nbsp;VI &#8211; indicar um representante para compor a comiss\u00e3o examinadora de candidatos portadores de defici\u00eancia f\u00edsica \u00e0 habilita\u00e7\u00e3o para conduzir ve\u00edculos automotores;<br><br>&nbsp;&nbsp;&nbsp;&nbsp; VII &#8211; (VETADO)<br><br>&nbsp;&nbsp;&nbsp;&nbsp;&nbsp;VIII &#8211; acompanhar e coordenar as atividades de administra\u00e7\u00e3o, educa\u00e7\u00e3o, engenharia, fiscaliza\u00e7\u00e3o, policiamento ostensivo de tr\u00e2nsito, forma\u00e7\u00e3o de condutores, registro e licenciamento de ve\u00edculos, articulando os \u00f3rg\u00e3os do Sistema no Estado, reportando-se ao CONTRAN;<br><br>&nbsp;&nbsp;&nbsp;&nbsp;&nbsp;IX &#8211; dirimir conflitos sobre circunscri\u00e7\u00e3o e compet\u00eancia de tr\u00e2nsito no \u00e2mbito dos Munic\u00edpios; e<br><br>&nbsp;&nbsp;&nbsp;&nbsp;&nbsp;X &#8211; informar o CONTRAN sobre o cumprimento das exig\u00eancias definidas nos \u00a7\u00a7 1\u00ba e 2\u00ba do art. 333.<br><br>&nbsp;&nbsp;&nbsp;&nbsp;&nbsp;<em>Par\u00e1grafo \u00fanico.&nbsp;<\/em>Dos casos previstos no inciso V, julgados pelo \u00f3rg\u00e3o, n\u00e3o cabe recurso na esfera administrativa.<br><br>&nbsp;&nbsp;&nbsp;&nbsp;&nbsp;Art. 15. Os presidentes dos CETRAN e do CONTRANDIFE s\u00e3o nomeados pelos Governadores dos Estados e do Distrito Federal, respectivamente, e dever\u00e3o ter reconhecida experi\u00eancia em mat\u00e9ria de tr\u00e2nsito.<br><br>&nbsp;&nbsp;&nbsp;&nbsp;&nbsp;\u00a7 1\u00ba Os membros dos CETRAN e do CONTRANDIFE s\u00e3o nomeados pelos Governadores dos Estados e do Distrito Federal, respectivamente.<br><br>&nbsp;&nbsp;&nbsp;&nbsp;&nbsp;\u00a7 2\u00ba Os membros do CETRAN e do CONTRANDIFE dever\u00e3o ser pessoas de reconhecida experi\u00eancia em tr\u00e2nsito.<br><br>&nbsp;&nbsp;&nbsp;&nbsp;&nbsp;\u00a7 3\u00ba O mandato dos membros do CETRAN e do CONTRANDIFE \u00e9 de dois anos, admitida a recondu\u00e7\u00e3o.<br><br>&nbsp;&nbsp;&nbsp;&nbsp;&nbsp;Art. 16. Junto a cada \u00f3rg\u00e3o ou entidade executivos de tr\u00e2nsito ou rodovi\u00e1rio funcionar\u00e3o Juntas Administrativas de Recursos de Infra\u00e7\u00f5es &#8211; JARI, \u00f3rg\u00e3os colegiados respons\u00e1veis pelo julgamento dos recursos interpostos contra penalidades por eles impostas.<br><br>&nbsp;&nbsp;&nbsp;&nbsp;&nbsp;<em>Par\u00e1grafo \u00fanico.&nbsp;<\/em>As JARI t\u00eam regimento pr\u00f3prio, observado o disposto no inciso VI do art. 12, e apoio administrativo e financeiro do \u00f3rg\u00e3o ou entidade junto ao qual funcionem.<br><br>&nbsp;&nbsp;&nbsp;&nbsp;&nbsp;Art. 17. Compete \u00e0s JARI:<br><br>&nbsp;&nbsp;&nbsp;&nbsp;&nbsp;I &#8211; julgar os recursos interpostos pelos infratores;<br><br>&nbsp;&nbsp;&nbsp;&nbsp;&nbsp;II &#8211; solicitar aos \u00f3rg\u00e3os e entidades executivos de tr\u00e2nsito e executivos rodovi\u00e1rios informa\u00e7\u00f5es complementares relativas aos recursos, objetivando uma melhor an\u00e1lise da situa\u00e7\u00e3o recorrida;<br><br>&nbsp;&nbsp;&nbsp;&nbsp;&nbsp;III &#8211; encaminhar aos \u00f3rg\u00e3os e entidades executivos de tr\u00e2nsito e executivos rodovi\u00e1rios informa\u00e7\u00f5es sobre problemas observados nas autua\u00e7\u00f5es e apontados em recursos, e que se repitam sistematicamente.<br><br>&nbsp;&nbsp;&nbsp;&nbsp;&nbsp;Art. 18. (VETADO)<br><br>&nbsp;&nbsp;&nbsp;&nbsp;&nbsp;Art. 19. Compete ao \u00f3rg\u00e3o m\u00e1ximo executivo de tr\u00e2nsito da Uni\u00e3o:<br><br>&nbsp;&nbsp;&nbsp;&nbsp;&nbsp;I &#8211; cumprir e fazer cumprir a legisla\u00e7\u00e3o de tr\u00e2nsito e a execu\u00e7\u00e3o das normas e diretrizes estabelecidas pelo CONTRAN, no \u00e2mbito de suas atribui\u00e7\u00f5es;<br><br>&nbsp;&nbsp;&nbsp;&nbsp;&nbsp;II &#8211; proceder \u00e0 supervis\u00e3o, \u00e0 coordena\u00e7\u00e3o, \u00e0 correi\u00e7\u00e3o dos \u00f3rg\u00e3os delegados, ao controle e \u00e0 fiscaliza\u00e7\u00e3o da execu\u00e7\u00e3o da Pol\u00edtica Nacional de Tr\u00e2nsito e do Programa Nacional de Tr\u00e2nsito;<br><br>&nbsp;&nbsp;&nbsp;&nbsp;&nbsp;III &#8211; articular-se com os \u00f3rg\u00e3os dos Sistemas Nacionais de Tr\u00e2nsito, de Transporte e de Seguran\u00e7a P\u00fablica, objetivando o combate \u00e0 viol\u00eancia no tr\u00e2nsito, promovendo, coordenando e executando o controle de a\u00e7\u00f5es para a preserva\u00e7\u00e3o do ordenamento e da seguran\u00e7a do tr\u00e2nsito;<br><br>&nbsp;&nbsp;&nbsp;&nbsp;&nbsp;IV &#8211; apurar, prevenir e reprimir a pr\u00e1tica de atos de improbidade contra a f\u00e9 p\u00fablica, o patrim\u00f4nio, ou a administra\u00e7\u00e3o p\u00fablica ou privada, referentes&nbsp;\u00e0 seguran\u00e7a do tr\u00e2nsito;<br><br>&nbsp;&nbsp;&nbsp;&nbsp;&nbsp;V &#8211; supervisionar a implanta\u00e7\u00e3o de projetos e programas relacionados com a engenharia, educa\u00e7\u00e3o, administra\u00e7\u00e3o, policiamento e fiscaliza\u00e7\u00e3o do tr\u00e2nsito e outros, visando \u00e0 uniformidade de procedimento;<br><br>&nbsp;&nbsp;&nbsp;&nbsp;&nbsp;VI &#8211; estabelecer procedimentos sobre a aprendizagem e habilita\u00e7\u00e3o de condutores de ve\u00edculos, a expedi\u00e7\u00e3o de documentos de condutores, de registro e licenciamento de ve\u00edculos;<br><br>&nbsp;&nbsp;&nbsp;&nbsp;&nbsp;VII &#8211; expedir a Permiss\u00e3o para Dirigir, a Carteira Nacional de Habilita\u00e7\u00e3o, os Certificados de Registro e o de Licenciamento Anual mediante delega\u00e7\u00e3o aos \u00f3rg\u00e3os executivos dos Estados e do Distrito Federal;<br><br>&nbsp;&nbsp;&nbsp;&nbsp;&nbsp;VIII &#8211; organizar e manter o Registro Nacional de Carteiras de Habilita\u00e7\u00e3o &#8211; RENACH;<br><br>&nbsp;&nbsp;&nbsp;&nbsp;&nbsp;IX &#8211; organizar e manter o Registro Nacional de Ve\u00edculos Automotores &#8211; RENAVAM;<br><br>&nbsp;&nbsp;&nbsp;&nbsp;&nbsp;X &#8211; organizar a estat\u00edstica geral de tr\u00e2nsito no territ\u00f3rio nacional, definindo os dados a serem fornecidos pelos demais \u00f3rg\u00e3os e promover sua divulga\u00e7\u00e3o;<br><br>&nbsp;&nbsp;&nbsp;&nbsp;&nbsp;XI &#8211; estabelecer modelo padr\u00e3o de coleta de informa\u00e7\u00f5es sobre as ocorr\u00eancias de acidentes de tr\u00e2nsito e as estat\u00edsticas do tr\u00e2nsito;<br><br>&nbsp;&nbsp;&nbsp;&nbsp;&nbsp;XII &#8211; administrar fundo de \u00e2mbito nacional destinado \u00e0 seguran\u00e7a e \u00e0 educa\u00e7\u00e3o de tr\u00e2nsito;<br><br>&nbsp;&nbsp;&nbsp;&nbsp;&nbsp;XIII &#8211; coordenar a administra\u00e7\u00e3o da arrecada\u00e7\u00e3o de multas por infra\u00e7\u00f5es ocorridas em localidade diferente daquela da habilita\u00e7\u00e3o do condutor infrator e em unidade da Federa\u00e7\u00e3o diferente daquela do licenciamento do ve\u00edculo;<br><br>&nbsp;&nbsp;&nbsp;&nbsp;&nbsp;XIV &#8211; fornecer aos \u00f3rg\u00e3os e entidades do Sistema Nacional de Tr\u00e2nsito informa\u00e7\u00f5es sobre registros de ve\u00edculos e de condutores, mantendo o fluxo permanente de informa\u00e7\u00f5es com os demais \u00f3rg\u00e3os do Sistema;<br><br>&nbsp;&nbsp;&nbsp;&nbsp;&nbsp;XV &#8211; promover, em conjunto com os \u00f3rg\u00e3os competentes do Minist\u00e9rio da Educa\u00e7\u00e3o e do Desporto, de acordo com as diretrizes do CONTRAN, a elabora\u00e7\u00e3o e a implementa\u00e7\u00e3o de programas de educa\u00e7\u00e3o de tr\u00e2nsito nos estabelecimentos de ensino;<br><br>&nbsp;&nbsp;&nbsp;&nbsp;&nbsp;XVI &#8211; elaborar e distribuir conte\u00fados program\u00e1ticos para a educa\u00e7\u00e3o de tr\u00e2nsito;<br><br>&nbsp;&nbsp;&nbsp;&nbsp;&nbsp;XVII &#8211; promover a divulga\u00e7\u00e3o de trabalhos t\u00e9cnicos sobre o tr\u00e2nsito;<br><br>&nbsp;&nbsp;&nbsp;&nbsp;&nbsp;XVIII &#8211; elaborar, juntamente com os demais \u00f3rg\u00e3os e entidades do Sistema Nacional de Tr\u00e2nsito, e submeter \u00e0 aprova\u00e7\u00e3o do CONTRAN, a complementa\u00e7\u00e3o ou altera\u00e7\u00e3o da sinaliza\u00e7\u00e3o e dos dispositivos e equipamentos de tr\u00e2nsito;<br><br>&nbsp;&nbsp;&nbsp;&nbsp;&nbsp;XIX &#8211; organizar, elaborar, complementar e alterar os manuais e normas de projetos de implementa\u00e7\u00e3o da sinaliza\u00e7\u00e3o, dos dispositivos e equipamentos de tr\u00e2nsito aprovados pelo CONTRAN;<br><br>&nbsp;&nbsp;&nbsp;&nbsp;&nbsp;XX &#8211; expedir a permiss\u00e3o internacional para conduzir ve\u00edculo e o certificado de passagem nas alf\u00e2ndegas, mediante delega\u00e7\u00e3o nos \u00f3rg\u00e3os executivos dos Estados e do Distrito Federal;<br><br>&nbsp;&nbsp;&nbsp;&nbsp;&nbsp;XXI &#8211; promover a realiza\u00e7\u00e3o peri\u00f3dica de reuni\u00f5es regionais e congressos nacionais de tr\u00e2nsito, bem como propor a representa\u00e7\u00e3o do Brasil em congressos ou reuni\u00f5es internacionais;<br><br>&nbsp;&nbsp;&nbsp;&nbsp;&nbsp;XXII &#8211; propor acordos de coopera\u00e7\u00e3o com organismos internacionais, com vistas ao aperfei\u00e7oamento das a\u00e7\u00f5es inerentes \u00e0 seguran\u00e7a e educa\u00e7\u00e3o de tr\u00e2nsito;<br><br>&nbsp;&nbsp;&nbsp;&nbsp;&nbsp;XXIII &#8211; elaborar projetos e programas de forma\u00e7\u00e3o, treinamento e especializa\u00e7\u00e3o do pessoal encarregado da execu\u00e7\u00e3o das atividades de engenharia, educa\u00e7\u00e3o, policiamento ostensivo, fiscaliza\u00e7\u00e3o, opera\u00e7\u00e3o e administra\u00e7\u00e3o de tr\u00e2nsito, propondo medidas que estimulem a pesquisa cient\u00edfica e o ensino t\u00e9cnico-profissional de interesse do tr\u00e2nsito, e promovendo a sua realiza\u00e7\u00e3o;<br><br>&nbsp;&nbsp;&nbsp;&nbsp;&nbsp;XXIV &#8211; opinar sobre assuntos relacionados ao tr\u00e2nsito interestadual e internacional;<br><br>&nbsp;&nbsp;&nbsp;&nbsp;&nbsp;XXV &#8211; elaborar e submeter \u00e0 aprova\u00e7\u00e3o do CONTRAN as normas e requisitos de seguran\u00e7a veicular para fabrica\u00e7\u00e3o e montagem de ve\u00edculos, consoante sua destina\u00e7\u00e3o;<br><br>&nbsp;&nbsp;&nbsp;&nbsp;&nbsp;XXVI &#8211; estabelecer procedimentos para a concess\u00e3o do c\u00f3digo marca-modelo dos ve\u00edculos para efeito de registro, emplacamento e financiamento;<br><br>&nbsp;&nbsp;&nbsp;&nbsp;&nbsp;XXVII &#8211; instruir os recursos interpostos das decis\u00f5es do CONTRAN, ao ministro ou dirigente coordenador m\u00e1ximo do Sistema Nacional de Tr\u00e2nsito;<br><br>&nbsp;&nbsp;&nbsp;&nbsp;&nbsp;XXVIII &#8211; estudar os casos omissos na legisla\u00e7\u00e3o de tr\u00e2nsito e submet\u00ea-los, com proposta de solu\u00e7\u00e3o, ao Minist\u00e9rio ou \u00f3rg\u00e3o coordenador m\u00e1ximo do Sistema Nacional de Tr\u00e2nsito;<br><br>&nbsp;&nbsp;&nbsp;&nbsp;&nbsp;XXIX &#8211; prestar suporte t\u00e9cnico, jur\u00eddico, administrativo e financeira ao CONTRAN.<br><br>&nbsp;&nbsp;&nbsp;&nbsp;&nbsp;\u00a7 1\u00ba Comprovada, por meio de sindic\u00e2ncia, a defici\u00eancia t\u00e9cnica ou administrativa ou a pr\u00e1tica constante de atos de improbidade contra a f\u00e9 p\u00fablica, contra o patrim\u00f4nio ou contra a administra\u00e7\u00e3o p\u00fablica, o \u00f3rg\u00e3o executivo de tr\u00e2nsito da Uni\u00e3o, mediante aprova\u00e7\u00e3o do CONTRAN, assumir\u00e1 diretamente ou por delega\u00e7\u00e3o, a execu\u00e7\u00e3o total ou parcial das atividades do \u00f3rg\u00e3o executivo de tr\u00e2nsito estadual que tenha motivado a investiga\u00e7\u00e3o, at\u00e9 que as irregularidades sejam sanadas.<br><br>&nbsp;&nbsp;&nbsp;&nbsp;&nbsp;\u00a7 2\u00ba O regimento interno do \u00f3rg\u00e3o executivo de tr\u00e2nsito da Uni\u00e3o dispor\u00e1 sobre sua estrutura organizacional e seu funcionamento.<br><br>&nbsp;&nbsp;&nbsp;&nbsp;&nbsp;\u00a7 3\u00ba Os \u00f3rg\u00e3os e entidades executivos de tr\u00e2nsito e executivos rodovi\u00e1rios da Uni\u00e3o, dos Estados, do Distrito Federal dos Munic\u00edpios fornecer\u00e3o, obrigatoriamente, m\u00eas a m\u00eas, os dados para os fins previstos no X.<br><br>&nbsp;&nbsp;&nbsp;&nbsp;&nbsp;Art. 20. Compete \u00e0 Policia Rodovia Federal no \u00e2mbito das rodovias e estradas federais:<br><br>&nbsp;&nbsp;&nbsp;&nbsp;&nbsp;I &#8211; cumprir e fazer cumprir a&nbsp;legisla\u00e7\u00e3o e as normas de tr\u00e2nsito, no \u00e2mbito de suas atribui\u00e7\u00f5es;<br><br>&nbsp;&nbsp;&nbsp;&nbsp;&nbsp;II &#8211; realizar o patrulhamento ostensivo, executando opera\u00e7\u00f5es relacionadas com a seguran\u00e7a p\u00fablica, com o objetivo de preservar a ordem incolumidade das pessoas, o patrim\u00f4nio da Uni\u00e3o e o de terceiros;<br><br>&nbsp;&nbsp;&nbsp;&nbsp;&nbsp;III &#8211; aplicar e arrecadar as multas imposta por infra\u00e7\u00f5es de tr\u00e2nsito, as medidas administrativas decorrentes e os valores provenientes de estada e remo\u00e7\u00e3o de ve\u00edculos, objetos, animais e escolta de ve\u00edculos de cargas superdimensionadas ou perigosas;&nbsp;<br><br>&nbsp;&nbsp;&nbsp;&nbsp;&nbsp;IV &#8211; efetuar levantamento dos locais de acidente de tr\u00e2nsito e dos servi\u00e7os de atendimento, socorro e salvamento de vitimas;<br><br>&nbsp;&nbsp;&nbsp;&nbsp;&nbsp;V &#8211; credenciar os servi\u00e7os de escolta, fiscalizar e adotar medidas de seguran\u00e7a relativas aos servi\u00e7os de remo\u00e7\u00e3o de ve\u00edculos, escolta e transporte de carga indivis\u00edvel;<br><br>&nbsp;&nbsp;&nbsp;&nbsp;&nbsp;VI &#8211; assegurar a livre circula\u00e7\u00e3o nas rodovias federais, podendo solicitar ao \u00f3rg\u00e3o rodovi\u00e1rio a ado\u00e7\u00e3o de medidas emergenciais, e zelar pelo cumprimento das normas legais relativas ao direito de vizinhan\u00e7a, promovendo a interdi\u00e7\u00e3o de constru\u00e7\u00f5es e instala\u00e7\u00f5es n\u00e3o autorizadas;<br><br>&nbsp;&nbsp;&nbsp;&nbsp;&nbsp;VII &#8211; coletar dados estat\u00edsticos e elaborar estudos sobre acidentes de tr\u00e2nsito e suas causas, adotando ou indicando medidas operacionais preventivas e encaminhando-os ao \u00f3rg\u00e3o rodovi\u00e1rio federal;<br><br>&nbsp;&nbsp;&nbsp;&nbsp;&nbsp;VIII &#8211; implementar as medidas da Pol\u00edtica Nacional de Seguran\u00e7a e Educa\u00e7\u00e3o de Tr\u00e2nsito;<br><br>&nbsp;&nbsp;&nbsp;&nbsp;&nbsp;IX &#8211; promover e participar de projetos e programas de educa\u00e7\u00e3o e seguran\u00e7a, de acordo com as diretrizes estabelecidas pelo CONTRAN;<br><br>&nbsp;&nbsp;&nbsp;&nbsp;&nbsp;X &#8211; integrar-se a outros \u00f3rg\u00e3os e entidades do Sistema Nacional de Tr\u00e2nsito para fins de arrecada\u00e7\u00e3o e compensa\u00e7\u00e3o de multas impostas na \u00e1rea de sua compet\u00eancia, com vistas \u00e0 unifica\u00e7\u00e3o do licenciamento, \u00e0 simplifica\u00e7\u00e3o e \u00e0 celeridade das transfer\u00eancias de ve\u00edculos e de prontu\u00e1rios de condutores de uma para outra unidade da Federa\u00e7\u00e3o;<br><br>&nbsp;&nbsp;&nbsp;&nbsp;&nbsp;XI &#8211; fiscalizar o n\u00edvel de emiss\u00e3o de poluentes e ru\u00eddo produzidos pelos ve\u00edculos automotores ou pela sua carga, de acordo com o estabelecido no art. 66, al\u00e9m de dar apoio, quando solicitado, \u00e0s a\u00e7\u00f5es especificas dos \u00f3rg\u00e3os ambientais.<br><br>&nbsp;&nbsp;&nbsp;&nbsp;&nbsp;Art. 21. Compete aos \u00f3rg\u00e3os e entidades executivos rodovi\u00e1rios da Uni\u00e3o, dos Estados, do Distrito Federal e dos Munic\u00edpios, no \u00e2mbito de sua circunscri\u00e7\u00e3o:<br><br>&nbsp;&nbsp;&nbsp;&nbsp;&nbsp;I &#8211; cumprir e fazer cumprir a legisla\u00e7\u00e3o e as normas de tr\u00e2nsito, no \u00e2mbito de suas atribui\u00e7\u00f5es;<br><br>&nbsp;&nbsp;&nbsp;&nbsp;&nbsp;II &#8211; planejar, projetar, regulamentar e operar o tr\u00e2nsito de ve\u00edculos, de pedestres e de animais, e promover o desenvolvimento da circula\u00e7\u00e3o e da seguran\u00e7a de ciclistas;<br><br>&nbsp;&nbsp;&nbsp;&nbsp;&nbsp;III &#8211; Implantar, manter e operar o sistema de sinaliza\u00e7\u00e3o, os dispositivos e os equipamentos de controle vi\u00e1rio;<br><br>&nbsp;&nbsp;&nbsp;&nbsp;&nbsp;IV &#8211; coletar dados e elaborar estudos sobre os acidentes de tr\u00e2nsito e suas causas;<br><br>&nbsp;&nbsp;&nbsp;&nbsp;&nbsp;V &#8211; estabelecer, em conjunto com os \u00f3rg\u00e3os de policiamento ostensivo de tr\u00e2nsito, as respectivas diretrizes para o policiamento ostensivo de tr\u00e2nsito;<br><br>&nbsp;&nbsp;&nbsp;&nbsp;&nbsp;VI &#8211; executar a fiscaliza\u00e7\u00e3o de tr\u00e2nsito, autuar, aplicar as penalidades de advert\u00eancia, por escrito, e ainda as multas e medidas administrativas cab\u00edveis, notificando os infratores e arrecadando as multas que aplicar;<br><br>&nbsp;&nbsp;&nbsp;&nbsp;&nbsp;VII &#8211; arrecadar valores provenientes de estada e remo\u00e7\u00e3o de ve\u00edculos e objetos, e escolta de ve\u00edculos de cargas superdimensionadas ou perigosas;<br><br>&nbsp;&nbsp;&nbsp;&nbsp;&nbsp;VIII &#8211; fiscalizar, autuar, aplicar as penalidades e medidas administrativas cab\u00edveis, relativas a infra\u00e7\u00f5es por excesso de peso, dimens\u00f5es e lota\u00e7\u00e3o dos ve\u00edculos, bem como notificar e arrecadar as multas que aplicar;<br><br>&nbsp;&nbsp;&nbsp;&nbsp;&nbsp;IX &#8211; fiscalizar o cumprimento da norma contida no art. 95, aplicando as penalidades e arrecadando as multas nele previstas;<br><br>&nbsp;&nbsp;&nbsp;&nbsp;&nbsp;X &#8211; implementar as medidas da Pol\u00edtica Nacional de Tr\u00e2nsito e do Programa Nacional de Tr\u00e2nsito;<br><br>&nbsp;&nbsp;&nbsp;&nbsp;&nbsp;XI &#8211; promover e participar de projetos e programas de educa\u00e7\u00e3o e seguran\u00e7a, de acordo com as diretrizes estabelecidas pelo CONTRAN;<br><br>&nbsp;&nbsp;&nbsp;&nbsp;&nbsp;XII &#8211; integrar-se a outros \u00f3rg\u00e3os e entidades do Sistema Nacional de Tr\u00e2nsito para fins de arrecada\u00e7\u00e3o e compensa\u00e7\u00e3o de multas impostas na \u00e1rea de sua compet\u00eancia, com vistas \u00e0 unifica\u00e7\u00e3o do licenciamento, \u00e0 simplifica\u00e7\u00e3o e \u00e0 celeridade das transfer\u00eancias de ve\u00edculos e de prontu\u00e1rios de condutores de uma para outra unidade da Federa\u00e7\u00e3o;<br><br>&nbsp;&nbsp;&nbsp;&nbsp;&nbsp;XIII &#8211; fiscalizar o n\u00edvel de emiss\u00e3o de poluentes e ru\u00eddo produzidos pelos ve\u00edculos automotores ou pela sua carga, de acordo com o estabelecido no art. 66, al\u00e9m de dar apoio \u00e0s a\u00e7\u00f5es espec\u00edficas dos \u00f3rg\u00e3os ambientais locais, quando solicitado;<br><br>&nbsp;&nbsp;&nbsp;&nbsp;&nbsp;XIV &#8211; vistoriar ve\u00edculos que necessitem de autoriza\u00e7\u00e3o especial para transitar e estabelecer os requisitos t\u00e9cnicos a serem observados para a circula\u00e7\u00e3o desses ve\u00edculos.<br><br>&nbsp;&nbsp;&nbsp;&nbsp;&nbsp;<em>Par\u00e1grafo \u00fanico.&nbsp;<\/em>(VETADO)<br><br>&nbsp;&nbsp;&nbsp;&nbsp;&nbsp;Art. 22. Compete aos \u00f3rg\u00e3os ou entidades executivos de tr\u00e2nsito dos Estados e do Distrito Federal, no \u00e2mbito de sua circunscri\u00e7\u00e3o:<br><br>&nbsp;&nbsp;&nbsp;&nbsp;&nbsp;I &#8211; cumprir e fazer cumprir a legisla\u00e7\u00e3o e as normas de tr\u00e2nsito, no \u00e2mbito das respectivas atribui\u00e7\u00f5es;<br><br>&nbsp;&nbsp;&nbsp;&nbsp;&nbsp;II &#8211; realizar, fiscalizar e controlar o processo de forma\u00e7\u00e3o, aperfei\u00e7oamento, reciclagem e suspens\u00e3o de condutores, expedir e cassar Licen\u00e7a de Aprendizagem, Permiss\u00e3o para Dirigir e Carteira Nacional de Habilita\u00e7\u00e3o, mediante delega\u00e7\u00e3o do \u00f3rg\u00e3o federal competente;<br><br>&nbsp;&nbsp;&nbsp;&nbsp;&nbsp;III &#8211; vistoriar, inspecionar quanto \u00e0s condi\u00e7\u00f5es de seguran\u00e7a veicular, registrar, emplacar, selar a placa, e licenciar ve\u00edculos, expedindo o Certificado de Registro e o Licenciamento Anual, mediante delega\u00e7\u00e3o do \u00f3rg\u00e3o federal competente;<br><br>&nbsp;&nbsp;&nbsp;&nbsp;&nbsp;IV &#8211; estabelecer, em conjunto com as Policias Militares, as diretrizes para o policiamento ostensivo de tr\u00e2nsito;<br><br>&nbsp;&nbsp;&nbsp;&nbsp;&nbsp;V &#8211; executar fiscaliza\u00e7\u00e3o de tr\u00e2nsito, autuar e aplicar as medidas administrativas cab\u00edveis pelas infra\u00e7\u00f5es previstas neste C\u00f3digo, excetuadas aquelas relacionadas nos incisos VI e VIII do art. 24, no exerc\u00edcio regular do Poder de Pol\u00edcia de Tr\u00e2nsito;<br><br>&nbsp;&nbsp;&nbsp;&nbsp;&nbsp;VI &#8211; aplicar as penalidades por infra\u00e7\u00f5es previstas neste C\u00f3digo, com exce\u00e7\u00e3o daquelas relacionadas nos incisos VII e VIII do art. 24, notificando os infratores e arrecadando as multas que aplicar;<br><br>&nbsp;&nbsp;&nbsp;&nbsp;&nbsp;VII &#8211; arrecadar valores provenientes de estada e remo\u00e7\u00e3o de ve\u00edculos e objetos;<br><br>&nbsp;&nbsp;&nbsp;&nbsp;&nbsp;VIII &#8211; comunicar ao \u00f3rg\u00e3o executivo de tr\u00e2nsito da Uni\u00e3o a suspens\u00e3o e a cassa\u00e7\u00e3o do direito de dirigir e o recolhimento da Carteira Nacional de Habilita\u00e7\u00e3o;<br><br>&nbsp;&nbsp;&nbsp;&nbsp;&nbsp;IX &#8211; coletar dados estat\u00edsticos e elaborar estudos sobre acidentes de tr\u00e2nsito e suas causas;<br><br>&nbsp;&nbsp;&nbsp;&nbsp;&nbsp;X &#8211; credenciar \u00f3rg\u00e3os ou entidades para a execu\u00e7\u00e3o de atividades previstas na legisla\u00e7\u00e3o de tr\u00e2nsito, na forma estabelecida em norma do CONTRAN;<br><br>&nbsp;&nbsp;&nbsp;&nbsp;&nbsp;XI &#8211; implementar as medidas da Pol\u00edtica Nacional de Tr\u00e2nsito e do Programa Nacional de Tr\u00e2nsito;<br><br>&nbsp;&nbsp;&nbsp;&nbsp;&nbsp;XII &#8211; promover e participar de projetos e programas de educa\u00e7\u00e3o e seguran\u00e7a de tr\u00e2nsito de acordo corri as diretrizes estabelecidas pelo CONTRAN;<br><br>&nbsp;&nbsp;&nbsp;&nbsp;&nbsp;XIII &#8211; integrar-se a outros \u00f3rg\u00e3os e entidades do Sistema Nacional de Tr\u00e2nsito para fins de arrecada\u00e7\u00e3o e compensa\u00e7\u00e3o de multas impostas na \u00e1rea de sua compet\u00eancia, com vistas \u00e0 unifica\u00e7\u00e3o do licenciamento, \u00e0 simplifica\u00e7\u00e3o e \u00e0 celeridade das transfer\u00eancias de ve\u00edculos e de prontu\u00e1rios de condutores de uma para outra unidade da Federa\u00e7\u00e3o;<br><br>&nbsp;&nbsp;&nbsp;&nbsp;&nbsp;XIV &#8211; fornecer, aos \u00f3rg\u00e3os e entidades executivos de tr\u00e2nsito e executivos rodovi\u00e1rios municipais, os dados cadastrais dos ve\u00edculos registrados e dos condutores habilitados, para fins de imposi\u00e7\u00e3o e notifica\u00e7\u00e3o de penalidades e de arrecada\u00e7\u00e3o de multas nas \u00e1reas de suas compet\u00eancias;<br><br>&nbsp;&nbsp;&nbsp;&nbsp;&nbsp;XV &#8211; fiscalizar o n\u00edvel de emiss\u00e3o de poluentes e ru\u00eddo produzidos pelos ve\u00edculos automotores ou pela sua carga, de acordo com o estabelecido no art. 66, al\u00e9m de dar apoio, quando solicitado, \u00e0s a\u00e7\u00f5es espec\u00edficas dos \u00f3rg\u00e3os ambientais locais;<br><br>&nbsp;&nbsp;&nbsp;&nbsp;&nbsp;XVI &#8211; articular-se com os demais \u00f3rg\u00e3os do Sistema Nacional de Tr\u00e2nsito no Estado, sob coordena\u00e7\u00e3o do respectivo CETRAN.<br><br>&nbsp;&nbsp;&nbsp;&nbsp;&nbsp;Art. 23. Compete \u00e0s Policias Militares dos Estados e do Distrito Federal:<br><br>&nbsp;&nbsp;&nbsp;&nbsp;&nbsp;I &#8211; (VETADO)<br><br>&nbsp;&nbsp;&nbsp;&nbsp;&nbsp;II &#8211; (VETADO)<br><br>&nbsp;&nbsp;&nbsp;&nbsp;&nbsp;III &#8211; executar a fiscaliza\u00e7\u00e3o de tr\u00e2nsito, quando e conforme conv\u00eanio firmado, como agente do \u00f3rg\u00e3o ou entidade executivos de tr\u00e2nsito ou executivos rodovi\u00e1rios, concomitantemente com os demais agentes credenciados;<br><br>&nbsp;&nbsp;&nbsp;&nbsp;&nbsp;IV &#8211; (VETADO)<br><br>&nbsp;&nbsp;&nbsp;&nbsp;&nbsp;V &#8211; (VETADO)<br><br>&nbsp;&nbsp;&nbsp;&nbsp;&nbsp;VI &#8211; (VETADO)<br><br>&nbsp;&nbsp;&nbsp;&nbsp;&nbsp;VII &#8211; (VETADO)<br><br>&nbsp;&nbsp;&nbsp;&nbsp;&nbsp;<em>Par\u00e1grafo \u00fanico.&nbsp;<\/em>(VETADO)<br><br>&nbsp;&nbsp;&nbsp;&nbsp;&nbsp;Art. 24. Compete aos \u00f3rg\u00e3os e entidades executivos de tr\u00e2nsito dos Munic\u00edpios, no \u00e2mbito de sua circunscri\u00e7\u00e3o:<br><br>&nbsp;&nbsp;&nbsp;&nbsp;&nbsp;I &#8211; cumprir e fazer cumprir a legisla\u00e7\u00e3o e as normas tr\u00e2nsito, no \u00e2mbito de suas atribui\u00e7\u00f5es;<br><br>&nbsp;&nbsp;&nbsp;&nbsp;&nbsp;II &#8211; planejar, projetar, regulamentar e operar o tr\u00e2nsito de ve\u00edculos, de pedestres e de animais, e promover o desenvolvimento da circula\u00e7\u00e3o e da seguran\u00e7a de ciclistas;<br><br>&nbsp;&nbsp;&nbsp;&nbsp;&nbsp;III &#8211; implantar, manter e operar o sistema de sinaliza\u00e7\u00e3o, os dispositivos e os equipamentos de controle vi\u00e1rio;<br><br>&nbsp;&nbsp;&nbsp;&nbsp;&nbsp;IV &#8211; coletar dados estat\u00edsticos e elaborar estudos sobre os acidentes de tr\u00e2nsito e suas causas;<br><br>&nbsp;&nbsp;&nbsp;&nbsp;&nbsp;V &#8211; estabelecer, em conjunto com os \u00f3rg\u00e3o de pol\u00edcia ostensiva de tr\u00e2nsito, as diretrizes para o policiamento ostensivo de tr\u00e2nsito;<br><br>&nbsp;&nbsp;&nbsp;&nbsp;&nbsp;VI &#8211; executar a fiscaliza\u00e7\u00e3o de tr\u00e2nsito, autuar e aplicar as medidas administrativas cab\u00edveis, por infra\u00e7\u00f5es de circula\u00e7\u00e3o, estacionamento e parada previstas neste C\u00f3digo, no exerc\u00edcio regular do Poder de Policia de Tr\u00e2nsito;<br><br>&nbsp;&nbsp;&nbsp;&nbsp;&nbsp;VII &#8211; aplicar as penalidades de advert\u00eancia por escrito e multa, por infra\u00e7\u00f5es de circula\u00e7\u00e3o, estacionamento e parada previstas neste C\u00f3digo, notificando os infratores e arrecadando as multas que aplicar;<br><br>&nbsp;&nbsp;&nbsp;&nbsp; VIII &#8211; fiscalizar, autuar e aplicar as penalidades e medidas administrativas cab\u00edveis relativas a infra\u00e7\u00f5es por excesso de peso, dimens\u00f5es e lota\u00e7\u00e3o dos ve\u00edculos, bem como notificar e arrecadar as multas que aplicar;<br><br>&nbsp;&nbsp;&nbsp;&nbsp;&nbsp;IX &#8211; fiscalizar o cumprimento da norma contida no art. 95, aplicando as penalidades arrecadando as multas nele previstas;<br><br>&nbsp;&nbsp;&nbsp;&nbsp;&nbsp;X &#8211; implantar, manter e operar sistema de estacionamento rotativo pago nas vias;<br><br>&nbsp;&nbsp;&nbsp;&nbsp;&nbsp;XI &#8211; arrecadar valores provenientes de estada e remo\u00e7\u00e3o de ve\u00edculos e objetos, e escolta de ve\u00edculos de cargas superdimensionadas ou perigosas;<br><br>&nbsp;&nbsp;&nbsp;&nbsp;&nbsp;XII &#8211; credenciar os servi\u00e7os de escolta, fiscalizar e adotar medidas de seguran\u00e7a relativas aos servi\u00e7os de remo\u00e7\u00e3o de ve\u00edculos, escolta e transporte de carga indivis\u00edvel;<br><br>&nbsp;&nbsp;&nbsp;&nbsp;&nbsp;XIII &#8211; integrar-se a outros \u00f3rg\u00e3os e entidades do Sistema Nacional de Tr\u00e2nsito para fins de arrecada\u00e7\u00e3o e compensa\u00e7\u00e3o de multas impostas na \u00e1rea de sua compet\u00eancia, com vistas \u00e0 unifica\u00e7\u00e3o do licenciamento, \u00e0 simplifica\u00e7\u00e3o e \u00e0 celeridade das transfer\u00eancias de ve\u00edculos e de prontu\u00e1rios dos condutores de uma para outra unidade da Federa\u00e7\u00e3o;<br><br>&nbsp;&nbsp;&nbsp;&nbsp;&nbsp;XIV &#8211; implantar as medidas da Pol\u00edtica Nacional de Tr\u00e2nsito e do Programa Nacional de Tr\u00e2nsito;<br><br>&nbsp;&nbsp;&nbsp;&nbsp;&nbsp;XV &#8211; promover e participar de projetos e programas de educa\u00e7\u00e3o e seguran\u00e7a de tr\u00e2nsito de acordo com as diretrizes estabelecidas pelo CONTRAN;<br><br>&nbsp;&nbsp;&nbsp;&nbsp;&nbsp;XVI &#8211; planejar e implantar medidas para redu\u00e7\u00e3o da circula\u00e7\u00e3o de ve\u00edculos e reorienta\u00e7\u00e3o do tr\u00e1fego, com o objetivo de diminuir a emiss\u00e3o global de poluentes;<br><br>&nbsp;&nbsp;&nbsp;&nbsp;&nbsp;XVII &#8211; registrar e licenciar, na forma da legisla\u00e7\u00e3o, ciclomotores, ve\u00edculos de tra\u00e7\u00e3o e propuls\u00e3o humana e de tra\u00e7\u00e3o animal, fiscalizando, autuando, aplicando penalidades e arrecadando muitas decorrentes de infra\u00e7\u00f5es;<br><br>&nbsp;&nbsp;&nbsp;&nbsp;&nbsp;XVIII &#8211; conceder autoriza\u00e7\u00e3o para conduzir ve\u00edculos de propuls\u00e3o humana e de tra\u00e7\u00e3o animal;<br><br>&nbsp;&nbsp;&nbsp;&nbsp;&nbsp;XIX &#8211; articular-se com os demais \u00f3rg\u00e3os do Sistema Nacional de Tr\u00e2nsito no Estado, sob coordena\u00e7\u00e3o do respectivo CETRAN;<br><br>&nbsp;&nbsp;&nbsp;&nbsp;&nbsp;XX &#8211; fiscalizar o n\u00edvel de emiss\u00e3o de poluentes e ru\u00eddo produzidos pelos ve\u00edculos automotores ou pela sua carga, de acordo com o estabelecido no art. 66, al\u00e9m de dar apoio \u00e0s a\u00e7\u00f5es espec\u00edficas de \u00f3rg\u00e3o ambiental local, quando solicitado;<br><br>&nbsp;&nbsp;&nbsp;&nbsp;&nbsp;XXI &#8211; vistoriar ve\u00edculos que necessitem de autoriza\u00e7\u00e3o especial para transitar e estabelecer os requisitos t\u00e9cnicos a serem observados para a circula\u00e7\u00e3o desses ve\u00edculos;<br><br>&nbsp;&nbsp;&nbsp;&nbsp;&nbsp;\u00a7 1\u00ba As compet\u00eancias relativas a \u00f3rg\u00e3o ou entidade municipal ser\u00e3o exercidos no Distrito Federal por seu \u00f3rg\u00e3o ou entidade executivos de tr\u00e2nsito.<br><br>&nbsp;&nbsp;&nbsp;&nbsp;&nbsp;\u00a7 2\u00ba Para exercer as compet\u00eancias estabelecidos neste artigo, os Munic\u00edpios dever\u00e3o integrar-se ao Sistema Nacional de Tr\u00e2nsito, conforme previsto no art. 333 deste C\u00f3digo.<br><br>&nbsp;&nbsp;&nbsp;&nbsp;&nbsp;Art. 25. Os \u00f3rg\u00e3os e entidades executivos do Sistema Nacional de Tr\u00e2nsito poder\u00e3o celebrar conv\u00eanio delegando as atividades previstas neste C\u00f3digo, com vistas a maior efici\u00eancia e \u00e0 seguran\u00e7a para os usu\u00e1rios da via.<br><br>&nbsp;&nbsp;&nbsp;&nbsp;&nbsp;<em>Par\u00e1grafo \u00fanico.&nbsp;<\/em>Os \u00f3rg\u00e3os e entidades de tr\u00e2nsito poder\u00e3o prestar servi\u00e7os de capacita\u00e7\u00e3o t\u00e9cnica, assessoria e monitoramento das atividades relativas ao tr\u00e2nsito durante prazo a ser estabelecido entre as partes, com ressarcimento dos custos apropriados.&nbsp;<\/p>\n\n\n\n<p>CAP\u00cdTULO III<br>DAS NORMAS GERAIS DE CIRCULA\u00c7\u00c3O E CONDUTA<\/p>\n\n\n\n<p>&nbsp;&nbsp;&nbsp;&nbsp;&nbsp;Art. 26. Os usu\u00e1rios das vias terrestres devem:<br><br>&nbsp;&nbsp;&nbsp;&nbsp;&nbsp;I &#8211; abster-se de todo ato que possa constituir perigo ou obst\u00e1culo para o tr\u00e2nsito de ve\u00edculos, de pessoas ou de animais, ou ainda causar danos a propriedades p\u00fablicas ou privadas;<br><br>&nbsp;&nbsp;&nbsp;&nbsp;&nbsp;II &#8211; abster-se de obstruir o tr\u00e2nsito ou torn\u00e1-lo perigoso, atirando, depositando ou abandonando na via objetos ou subst\u00e2ncias, ou nela criando qualquer outro obst\u00e1culo.<br><br>&nbsp;&nbsp;&nbsp;&nbsp;&nbsp;Art. 27. Antes de colocar o ve\u00edculo em circula\u00e7\u00e3o nas vias p\u00fablicas, o condutor dever\u00e1 verificar a exist\u00eancia e as boas condi\u00e7\u00f5es de funcionamento dos equipamentos de uso obrigat\u00f3rio, bem como assegurar-se da exist\u00eancia de combust\u00edvel suficiente para chegar no local de destino.<br><br>&nbsp;&nbsp;&nbsp;&nbsp;&nbsp;Art. 28. O condutor dever\u00e1, a todo momento, ter dom\u00ednio de ser ve\u00edculo, dirigindo com aten\u00e7\u00e3o e cuidados indispens\u00e1veis \u00e0 seguran\u00e7a do tr\u00e2nsito.<br><br>&nbsp;&nbsp;&nbsp;&nbsp;&nbsp;Art. 29. O tr\u00e2nsito de ve\u00edculos nas vias terrestres abertas a circula\u00e7\u00e3o obedecer\u00e1 \u00e0s seguintes normas:<br><br>&nbsp;&nbsp;&nbsp;&nbsp;&nbsp;I &#8211; a circula\u00e7\u00e3o far-se-\u00e1 pelo lado direito da via, admitindo-se as exce\u00e7\u00f5es devidamente sinalizadas;<br><br>&nbsp;&nbsp;&nbsp;&nbsp;&nbsp;II &#8211; o condutor dever\u00e1 guardar dist\u00e2ncia de seguran\u00e7a lateral e frontal entre o seu e os demais ve\u00edculos, bem como em rela\u00e7\u00e3o ao bordo da pista, considerando-se, no momento, a velocidade e as condi\u00e7\u00f5es do local, da circula\u00e7\u00e3o, do ve\u00edculo e as condi\u00e7\u00f5es clim\u00e1ticas;<br><br>&nbsp;&nbsp;&nbsp;&nbsp; III &#8211; quando ve\u00edculos, transitando por fluxos que se cruzem, se aproximarem de local n\u00e3o sinalizado, ter\u00e1 prefer\u00eancia de passagem:<\/p>\n\n\n\n<figure class=\"wp-block-table\"><table class=\"has-fixed-layout\"><tbody><tr><td><\/td><td><em>a)<\/em><\/td><td>no caso de apenas um fluxo ser proveniente de rodovia, aquele que estiver circulando por ela;<\/td><\/tr><\/tbody><\/table><\/figure>\n\n\n\n<figure class=\"wp-block-table\"><table class=\"has-fixed-layout\"><tbody><tr><td><\/td><td><em>b)<\/em><\/td><td>no caso de rotat\u00f3ria, aquele que estiver circulando por ela;<\/td><\/tr><\/tbody><\/table><\/figure>\n\n\n\n<figure class=\"wp-block-table\"><table class=\"has-fixed-layout\"><tbody><tr><td><\/td><td><em>c)<\/em><\/td><td>nos demais casos, o que vier pela direita do condutor;<\/td><\/tr><\/tbody><\/table><\/figure>\n\n\n\n<p>&nbsp;&nbsp;&nbsp;&nbsp;&nbsp;IV &#8211; quando uma pista de rolamento comportar v\u00e1rias faixas de circula\u00e7\u00e3o no mesmo sentido, s\u00e3o as da direita destinadas ao deslocamento dos ve\u00edculos mais lentos e de maior porte, quando n\u00e3o houver faixa especial a eles destinada, e as da esquerda, destinadas \u00e0 ultrapassagem e ao deslocamento dos ve\u00edculos de maior velocidade;<\/p>\n\n\n\n<p>&nbsp;&nbsp;&nbsp;&nbsp;&nbsp;V &#8211; o tr\u00e2nsito de ve\u00edculos sobre passeios, cal\u00e7adas e nos acostamentos, s\u00f3 poder\u00e1 ocorrer para que se adentre ou se saia dos im\u00f3veis ou \u00e1reas especiais de estacionamento;<\/p>\n\n\n\n<p>&nbsp;&nbsp;&nbsp;&nbsp;&nbsp;VI &#8211; os ve\u00edculos precedidos de batedores ter\u00e3o prioridade de passagem, respeitadas as demais normas de circula\u00e7\u00e3o;<\/p>\n\n\n\n<p>&nbsp;&nbsp;&nbsp;&nbsp;&nbsp;VII &#8211; os ve\u00edculos destinados a socorro de inc\u00eandio e salvamento, os de pol\u00edcia, os de fiscaliza\u00e7\u00e3o e opera\u00e7\u00e3o de tr\u00e2nsito e as ambul\u00e2ncias, al\u00e9m de prioridade de tr\u00e2nsito, gozam de livre circula\u00e7\u00e3o, estacionamento e parada, quando em servi\u00e7o de urg\u00eancia e devidamente identificados por dispositivos regulamentares de alarme sonoro e ilumina\u00e7\u00e3o vermelha intermitente, observadas as seguintes disposi\u00e7\u00f5es:<\/p>\n\n\n\n<figure class=\"wp-block-table\"><table class=\"has-fixed-layout\"><tbody><tr><td><\/td><td><em>a)<\/em><\/td><td>quando os dispositivos estiverem acionados, indicando a proximidade dos ve\u00edculos, todos os condutores dever\u00e3o deixar livre a passagem pela faixa da esquerda, indo para a direita da via e parando, se necess\u00e1rio;<\/td><\/tr><\/tbody><\/table><\/figure>\n\n\n\n<figure class=\"wp-block-table\"><table class=\"has-fixed-layout\"><tbody><tr><td><\/td><td><em>b)<\/em><\/td><td>os pedestres, ao ouvir o alarme sonoro, dever\u00e3o aguardar no passeio, s\u00f3 atravessando a via quando o ve\u00edculo j\u00e1 tiver passado pelo local;<\/td><\/tr><\/tbody><\/table><\/figure>\n\n\n\n<figure class=\"wp-block-table\"><table class=\"has-fixed-layout\"><tbody><tr><td><\/td><td><em>c)<\/em><\/td><td>o uso de dispositivos de alarme sonoro e de ilumina\u00e7\u00e3o vermelha intermitente s\u00f3 poder\u00e1 ocorrer quando da efetiva presta\u00e7\u00e3o de servi\u00e7o de urg\u00eancia;<\/td><\/tr><\/tbody><\/table><\/figure>\n\n\n\n<figure class=\"wp-block-table\"><table class=\"has-fixed-layout\"><tbody><tr><td><\/td><td><em>d)<\/em><\/td><td>a prioridade de passagem na via e no cruzamento dever\u00e1 se d\u00e1 com velocidade reduzida e com os devidos cuidados de seguran\u00e7a, obedecidas as demais normas deste C\u00f3digo;<\/td><\/tr><\/tbody><\/table><\/figure>\n\n\n\n<p>&nbsp;&nbsp;&nbsp;&nbsp;&nbsp;VIII &#8211; os ve\u00edculos prestadores de servi\u00e7os de utilidade p\u00fablica, quando em atendimento na via, gozam de livre parada e estacionamento no local da presta\u00e7\u00e3o de servi\u00e7o, desde que devidamente sinalizados, devendo estar identificados na forma estabelecida pelo CONTRAN;<\/p>\n\n\n\n<p>&nbsp;&nbsp;&nbsp;&nbsp;&nbsp;IX &#8211; a ultrapassagem de outro ve\u00edculo em movimento dever\u00e1 ser feita pela esquerda, obedecida a sinaliza\u00e7\u00e3o regulamentar e as demais normas estabelecidas neste C\u00f3digo, exceto quando o ve\u00edculo a ser ultrapassado estiver sinalizando o prop\u00f3sito de entrar \u00e0 esquerda;<\/p>\n\n\n\n<p>&nbsp;&nbsp;&nbsp;&nbsp;&nbsp;X &#8211; todo condutor dever\u00e1, antes de efetuar uma ultrapassagem, certificar-se de que:<\/p>\n\n\n\n<figure class=\"wp-block-table\"><table class=\"has-fixed-layout\"><tbody><tr><td><\/td><td><em>a)<\/em><\/td><td>nenhum condutor que venha atr\u00e1s haja come\u00e7ado uma manobra para ultrapass\u00e1-lo;<\/td><\/tr><\/tbody><\/table><\/figure>\n\n\n\n<figure class=\"wp-block-table\"><table class=\"has-fixed-layout\"><tbody><tr><td><\/td><td><em>b)<\/em><\/td><td>quem o precede na mesma faixa de tr\u00e2nsito n\u00e3o haja indicado o prop\u00f3sito de ultrapassar um terceiro;<\/td><\/tr><\/tbody><\/table><\/figure>\n\n\n\n<figure class=\"wp-block-table\"><table class=\"has-fixed-layout\"><tbody><tr><td><\/td><td><em>c)<\/em><\/td><td>a faixa de tr\u00e2nsito que vai tomar esteja livre numa extens\u00e3o suficiente para que sua manobra n\u00e3o ponha em perigo ou obstrua o tr\u00e2nsito que venha em sentido contr\u00e1rio.<\/td><\/tr><\/tbody><\/table><\/figure>\n\n\n\n<p>&nbsp;&nbsp;&nbsp;&nbsp;&nbsp;XI &#8211; todo condutor no efetuar a ultrapassagem dever\u00e1:<\/p>\n\n\n\n<figure class=\"wp-block-table\"><table class=\"has-fixed-layout\"><tbody><tr><td><\/td><td><em>a)<\/em><\/td><td>indicar com anteced\u00eancia a manobra pretendida, acionando a luz indicadora de dire\u00e7\u00e3o do ve\u00edculo ou por meio de gesto convencional de bra\u00e7o;<\/td><\/tr><\/tbody><\/table><\/figure>\n\n\n\n<figure class=\"wp-block-table\"><table class=\"has-fixed-layout\"><tbody><tr><td><\/td><td><em>b)<\/em><\/td><td>afastar-se do usu\u00e1rio ou usu\u00e1rios aos quais ultrapassa, de tal forma que deixe livre uma dist\u00e2ncia lateral de seguran\u00e7a;<\/td><\/tr><\/tbody><\/table><\/figure>\n\n\n\n<figure class=\"wp-block-table\"><table class=\"has-fixed-layout\"><tbody><tr><td><\/td><td><em>c)<\/em><\/td><td>retomar, ap\u00f3s a efetiva\u00e7\u00e3o da manobra, a faixa de tr\u00e2nsito de origem, acionando a luz indicadora de dire\u00e7\u00e3o do ve\u00edculo ou fazendo gesto convencional de bra\u00e7o, adotando os cuidados necess\u00e1rios para n\u00e3o p\u00f4r em perigo ou obstruir o tr\u00e2nsito dos ve\u00edculos que ultrapassou;<\/td><\/tr><\/tbody><\/table><\/figure>\n\n\n\n<p>&nbsp;&nbsp;&nbsp;&nbsp;&nbsp;XII &#8211; os ve\u00edculos que se deslocam sobre trilhos ter\u00e3o prefer\u00eancia de passagem sobre os demais, respeitadas as normas de circula\u00e7\u00e3o.<\/p>\n\n\n\n<p>&nbsp;&nbsp;&nbsp;&nbsp;&nbsp;\u00a7 1\u00ba As normas de ultrapassagem previstas nas al\u00edneas&nbsp;<em>a<\/em>&nbsp;e&nbsp;<em>b<\/em>&nbsp;do inciso X e a e b do inciso XI aplicam-se \u00e0 transposi\u00e7\u00e3o de faixas, que pode ser realizada tanto pela faixa da esquerda como pela da direita.<\/p>\n\n\n\n<p>&nbsp;&nbsp;&nbsp;&nbsp;&nbsp;\u00a7 2\u00ba Respeitadas as normas de circula\u00e7\u00e3o e conduta estabelecidas neste artigo, em ordem decrescente, os ve\u00edculos de maior porte ser\u00e3o sempre respons\u00e1veis pela seguran\u00e7a dos menores, os motorizados pelos n\u00e3o motorizados e, juntos, pela incolumidade dos pedestres.<\/p>\n\n\n\n<p>&nbsp;&nbsp;&nbsp;&nbsp;&nbsp;Art. 30. Todo condutor, ao perceber que outro que o segue tem o prop\u00f3sito de ultrapass\u00e1-lo, dever\u00e1:<\/p>\n\n\n\n<p>&nbsp;&nbsp;&nbsp;&nbsp;&nbsp;I &#8211; se estiver circulando pela faixa da esquerda, deslocar-se para a faixa da direita, sem acelerar a marcha;<\/p>\n\n\n\n<p>&nbsp;&nbsp;&nbsp;&nbsp;&nbsp;II &#8211; se estiver circulando pelas demais faixas, manter-se naquela na qual est\u00e1 circulando, sem acelerar a marcha.<\/p>\n\n\n\n<p><em>Par\u00e1grafo \u00fanico.&nbsp;<\/em>Os ve\u00edculos mais lentos, quando em fila, dever\u00e3o manter dist\u00e2ncia suficiente entre si para permitir que ve\u00edculos que os ultrapassem possam se intercalar na fila com seguran\u00e7a.<\/p>\n\n\n\n<p>&nbsp;&nbsp;&nbsp;&nbsp;&nbsp;Art. 31. O condutor que tenha o prop\u00f3sito de ultrapassar um ve\u00edculo de transporte coletivo que esteja parado, efetuando embarque ou desembarque de passageiros, dever\u00e1 reduzir a velocidade, dirigindo com aten\u00e7\u00e3o redobrada ou parar o ve\u00edculo com vistas \u00e0 seguran\u00e7a dos pedestres.<\/p>\n\n\n\n<p>&nbsp;&nbsp;&nbsp;&nbsp;&nbsp;Art. 32. O condutor n\u00e3o poder\u00e1 ultrapassar ve\u00edculos em vias com duplo sentido de dire\u00e7\u00e3o e pista \u00fanica, nos trechos em curvas e em aclives sem visibilidade suficiente, nas passagens de n\u00edvel, nas pontes e viadutos e nas travessias de pedestres, exceto quando houver sinaliza\u00e7\u00e3o permitindo a ultrapassagem.<\/p>\n\n\n\n<p>&nbsp;&nbsp;&nbsp;&nbsp;&nbsp;Art. 33. Nas interse\u00e7\u00f5es e suas proximidades, o condutor n\u00e3o poder\u00e1 efetuar ultrapassagem.<\/p>\n\n\n\n<p>&nbsp;&nbsp;&nbsp;&nbsp;&nbsp;Art. 34. O condutor que queira executar uma manobra dever\u00e1 certificar-se de que pode execut\u00e1-la sem perigo para os demais usu\u00e1rios da via que o seguem, precedem ou v\u00e3o cruzar com ele, considerando sua posi\u00e7\u00e3o, sua dire\u00e7\u00e3o e sua velocidade.<\/p>\n\n\n\n<p>&nbsp;&nbsp;&nbsp;&nbsp;&nbsp;Art. 35. Antes de iniciar qualquer manobra que implique um deslocamento lateral, o condutor dever\u00e1 indicar seu prop\u00f3sito de forma clara e com a devida anteced\u00eancia, por meio da luz indicadora de dire\u00e7\u00e3o de seu ve\u00edculo, ou fazendo gesto convencional de bra\u00e7o.<\/p>\n\n\n\n<p><em>Par\u00e1grafo \u00fanico.&nbsp;<\/em>Entende-se por deslocamento lateral a transposi\u00e7\u00e3o de faixas, movimentos de convers\u00e3o \u00e0 direita, \u00e0 esquerda e retornos.<\/p>\n\n\n\n<p>&nbsp;&nbsp;&nbsp;&nbsp;&nbsp;Art. 36. O condutor que for ingressar numa via, procedente de um lote lindeiro a essa via, dever\u00e1 dar prefer\u00eancia aos ve\u00edculos e pedestres que por ela estejam transitando.<\/p>\n\n\n\n<p>&nbsp;&nbsp;&nbsp;&nbsp;&nbsp;Art. 37. Nas vias providas de acostamento, a convers\u00e3o \u00e0 esquerda e a opera\u00e7\u00e3o de retomo dever\u00e3o ser feitas nos locais apropriados e, onde estes n\u00e3o existirem, o condutor dever\u00e1 aguardar no acostamento, \u00e0 direita, para cruzar a pista com seguran\u00e7a.<\/p>\n\n\n\n<p>&nbsp;&nbsp;&nbsp;&nbsp;&nbsp;Art. 38. Antes de entrar \u00e0 direita ou \u00e0 esquerda, em outra via ou em lotes lindeiros, o condutor dever\u00e1:<\/p>\n\n\n\n<p>&nbsp;&nbsp;&nbsp;&nbsp;&nbsp;I &#8211; ao sair da via pela lado direito, aproximar-se o m\u00e1ximo poss\u00edvel do bordo direito da pista e executar sua manobra no menor espa\u00e7o poss\u00edvel;<\/p>\n\n\n\n<p>&nbsp;&nbsp;&nbsp;&nbsp;&nbsp;II &#8211; ao sair da via pelo lado esquerdo, aproximar-se o m\u00e1ximo poss\u00edvel de seu eixo ou da linha divis\u00f3ria da pista quando houver, caso se trate de uma pista com circula\u00e7\u00e3o nos dois sentidos, ou do bordo esquerdo, tratando-se de uma pista de um s\u00f3 sentido.<\/p>\n\n\n\n<p><em>Par\u00e1grafo \u00fanico.&nbsp;<\/em>Durante a manobra de mudan\u00e7a de dire\u00e7\u00e3o, o condutor dever\u00e1 ceder passagem aos pedestres e ciclistas, aos ve\u00edculos que transitem em sentido contr\u00e1rio pela pista da via da qual vai sair, respeitadas as normas de prefer\u00eancia de passagem.<\/p>\n\n\n\n<p>&nbsp;&nbsp;&nbsp;&nbsp;&nbsp;Art. 39. Nas vias urbanas, a opera\u00e7\u00e3o de retorno dever\u00e1 ser feita nos locais para isto determinados, quer por meio de sinaliza\u00e7\u00e3o, quer pela exist\u00eancia de locais apropriados, ou, ainda, em outros locais que ofere\u00e7am condi\u00e7\u00f5es de seguran\u00e7a e fluidez, observadas as caracter\u00edsticas da via, do ve\u00edculo, das condi\u00e7\u00f5es meteorol\u00f3gicas e da movimenta\u00e7\u00e3o de pedestres e ciclistas.<\/p>\n\n\n\n<p>&nbsp;&nbsp;&nbsp;&nbsp;&nbsp;Art. 40. O uso de luzes em ve\u00edculo obedecer\u00e1 \u00e1s seguintes determina\u00e7\u00e3o:<\/p>\n\n\n\n<p>&nbsp;&nbsp;&nbsp;&nbsp;&nbsp;I &#8211; o condutor manter\u00e1 acesos os far\u00f3is do ve\u00edculo, utilizando luz baixa, durante a noite e durante o dia nos t\u00faneis providos de ilumina\u00e7\u00e3o publica;<\/p>\n\n\n\n<p>&nbsp;&nbsp;&nbsp;&nbsp;&nbsp;II &#8211; nas vias n\u00e3o iluminadas o condutor deve usar luz alta, exceto ao cruzar com outro ve\u00edculo ou ao segui-lo;<\/p>\n\n\n\n<p>&nbsp;&nbsp;&nbsp;&nbsp;&nbsp;III &#8211; a troca de luz baixa e alta, de forma intermitente e por curto per\u00edodo de tempo, com o objetivo de advertir outros motoristas, s\u00f3 poder\u00e1 ser utilizada para indicar a inten\u00e7\u00e3o de ultrapassar o ve\u00edculo que segue \u00e0 frente ou para indicar a exist\u00eancia de risco \u00e0 seguran\u00e7a para os ve\u00edculos que circulam no sentido contr\u00e1rio;<\/p>\n\n\n\n<p>&nbsp;&nbsp;&nbsp;&nbsp;&nbsp;IV &#8211; o condutor manter\u00e1 acesas pelo menos as luzes de posi\u00e7\u00e3o do ve\u00edculo quando sob chuva forte, neblina ou cerra\u00e7\u00e3o;<\/p>\n\n\n\n<p>&nbsp;&nbsp;&nbsp;&nbsp;&nbsp;V &#8211; O condutor utilizar\u00e1 o pisca-alerta nas seguintes situa\u00e7\u00f5es:<\/p>\n\n\n\n<figure class=\"wp-block-table\"><table class=\"has-fixed-layout\"><tbody><tr><td><\/td><td><em>a)<\/em><\/td><td>em imobiliza\u00e7\u00f5es ou situa\u00e7\u00f5es de emerg\u00eancia;<\/td><\/tr><\/tbody><\/table><\/figure>\n\n\n\n<figure class=\"wp-block-table\"><table class=\"has-fixed-layout\"><tbody><tr><td><\/td><td><em>b)<\/em><\/td><td>quando a regulamenta\u00e7\u00e3o da via assim o determinar;<\/td><\/tr><\/tbody><\/table><\/figure>\n\n\n\n<p>&nbsp;&nbsp;&nbsp;&nbsp;&nbsp;VI &#8211; durante a noite, em circula\u00e7\u00e3o, o condutor manter\u00e1 acesa a luz de placa;<\/p>\n\n\n\n<p>&nbsp;&nbsp;&nbsp;&nbsp;&nbsp;VII &#8211; o condutor manter\u00e1 acesas, \u00e0 noite, as luzes de posi\u00e7\u00e3o quando o ve\u00edculo estiver parado para fins de embarque ou desembarque de passageiros e carga ou descarga de mercadorias.<\/p>\n\n\n\n<p><em>Par\u00e1grafo \u00fanico.&nbsp;<\/em>Os ve\u00edculos de transporte coletivo regular de passageiros, quando circularem em faixas pr\u00f3prias a eles destinadas, e os ciclos motorizados dever\u00e3o utilizar-se de farol de luz baixa durante o dia e a noite.<\/p>\n\n\n\n<p>&nbsp;&nbsp;&nbsp;&nbsp;&nbsp;Art. 41. O condutor de ve\u00edculo s\u00f3 poder\u00e1 fazer uso de buzina, desde que em toque breve, nas seguintes situa\u00e7\u00f5es:<\/p>\n\n\n\n<p>&nbsp;&nbsp;&nbsp;&nbsp;&nbsp;I &#8211; para fazer as advert\u00eancias necess\u00e1rias a fim de evitar acidentes;<\/p>\n\n\n\n<p>&nbsp;&nbsp;&nbsp;&nbsp;&nbsp;II &#8211; fora das \u00e1reas urbanas, quando for conveniente advertir a um condutor que se tem o prop\u00f3sito de ultrapass\u00e1-lo.<\/p>\n\n\n\n<p>&nbsp;&nbsp;&nbsp;&nbsp;&nbsp;Art. 42. Nenhum condutor dever\u00e1 frear bruscamente seu ve\u00edculo, salvo por raz\u00f5es de seguran\u00e7a.<\/p>\n\n\n\n<p>&nbsp;&nbsp;&nbsp;&nbsp;&nbsp;Art. 43. Ao regular a velocidade, o condutor dever\u00e1 observar constantemente as condi\u00e7\u00f5es f\u00edsicas da via, do ve\u00edculo e da carga, as condi\u00e7\u00f5es meteorol\u00f3gicas e a intensidade do tr\u00e2nsito, obedecendo aos limites m\u00e1ximos de velocidade estabelecidos para a via, al\u00e9m de:<\/p>\n\n\n\n<p>&nbsp;&nbsp;&nbsp;&nbsp;&nbsp;I &#8211; n\u00e3o obstruir a marcha normal dos demais ve\u00edculos em circula\u00e7\u00e3o sem causa justificada, transitando a uma velocidade anormalmente reduzida;<\/p>\n\n\n\n<p>&nbsp;&nbsp;&nbsp;&nbsp;&nbsp;II &#8211; sempre que quiser diminuir a velocidade de seu ve\u00edculo dever\u00e1 antes certificar-se de que pode faz\u00ea-lo sem risco nem inconvenientes para os outros condutores, a n\u00e3o ser que haja perigo iminente;<\/p>\n\n\n\n<p>&nbsp;&nbsp;&nbsp;&nbsp;&nbsp;III &#8211; indicar, de forma clara, com a anteced\u00eancia necess\u00e1ria e a sinaliza\u00e7\u00e3o devida, a manobra de redu\u00e7\u00e3o de velocidade.<\/p>\n\n\n\n<p>&nbsp;&nbsp;&nbsp;&nbsp;&nbsp;Art. 44. Ao aproximar-se de qualquer tipo de cruzamento, o condutor do ve\u00edculo deve demonstrar prud\u00eancia especial, transitando em velocidade moderada, de forma que possa deter seu ve\u00edculo com seguran\u00e7a para dar passagem a pedestre e a ve\u00edculos que tenham o direito de prefer\u00eancia.<\/p>\n\n\n\n<p>&nbsp;&nbsp;&nbsp;&nbsp;&nbsp;Art. 45. Mesmo que a indica\u00e7\u00e3o luminosa do sem\u00e1foro lhe seja favor\u00e1vel, nenhum condutor pode entrar em uma interse\u00e7\u00e3o se houver possibilidade de ser obrigado a imobilizar o ve\u00edculo na \u00e1rea do cruzamento, obstruindo ou impedindo a passagem do tr\u00e2nsito transversal.<\/p>\n\n\n\n<p>&nbsp;&nbsp;&nbsp;&nbsp;&nbsp;Art. 46. Sempre que for necess\u00e1ria a imobiliza\u00e7\u00e3o tempor\u00e1ria de um ve\u00edculo no leito vi\u00e1rio, em situa\u00e7\u00e3o de emerg\u00eancia, dever\u00e1 ser providenciada a imediata sinaliza\u00e7\u00e3o de advert\u00eancia, na forma estabelecida pelo CONTRAN.<\/p>\n\n\n\n<p>&nbsp;&nbsp;&nbsp;&nbsp;&nbsp;Art. 47. Quando proibido o estacionamento na via, a parada dever\u00e1 restringir-se ao tempo indispens\u00e1vel para embarque ou desembarque de passageiros, desde que n\u00e3o interrompa ou perturbe o fluxo de ve\u00edculos ou a locomo\u00e7\u00e3o de pedestres.<\/p>\n\n\n\n<p><em>Par\u00e1grafo \u00fanico.&nbsp;<\/em>A opera\u00e7\u00e3o de carga ou descarga ser\u00e1 regulamentada pelo \u00f3rg\u00e3o ou entidade com circunscri\u00e7\u00e3o sobre a via e \u00e9 considerada estacionamento.<\/p>\n\n\n\n<p>&nbsp;&nbsp;&nbsp;&nbsp;&nbsp;Art. 48. Nas paradas, opera\u00e7\u00f5es de carga ou descarga e nos estacionamentos, o ve\u00edculo dever\u00e1 ser posicionado no sentido do fluxo, paralelo ao bordo da pista de rolamento e junto \u00e0 guia da cal\u00e7ada (meio-fio), admitidas as exce\u00e7\u00f5es devidamente sinalizadas.<\/p>\n\n\n\n<p>&nbsp;&nbsp;&nbsp;&nbsp;&nbsp;\u00a7 1\u00ba Nas vias providas de acostamento, os ve\u00edculos parados, estacionados ou em opera\u00e7\u00e3o de carga ou descarga dever\u00e3o estar situados fora da pista de rolamento.<\/p>\n\n\n\n<p>&nbsp;&nbsp;&nbsp;&nbsp;&nbsp;\u00a7 2\u00ba O estacionamento dos ve\u00edculos motorizados de duas rodas ser\u00e1 feito em posi\u00e7\u00e3o perpendicular \u00e0 guia da cal\u00e7ada (meio-fio) e junto a ela, salvo quando houver sinaliza\u00e7\u00e3o que determine outra condi\u00e7\u00e3o.<\/p>\n\n\n\n<p>&nbsp;&nbsp;&nbsp;&nbsp;&nbsp;\u00a7 3\u00ba O estacionamento dos ve\u00edculos sem abandono do condutor poder\u00e1 ser feito somente nos locais previstos neste C\u00f3digo ou naqueles regulamentados por sinaliza\u00e7\u00e3o espec\u00edfica.<\/p>\n\n\n\n<p>&nbsp;&nbsp;&nbsp;&nbsp;&nbsp;Art. 49. O condutor e os passageiros n\u00e3o dever\u00e3o abrir a porta do ve\u00edculo, deix\u00e1-la aberta ou descer do ve\u00edculo sem antes se certificarem de que isso n\u00e3o constitui perigo para eles e para outros usu\u00e1rios da via.<\/p>\n\n\n\n<p><em>Par\u00e1grafo \u00fanico.&nbsp;<\/em>O embarque e o desembarque devem ocorrer sempre do lado da cal\u00e7ada, exceto para o condutor.<\/p>\n\n\n\n<p>&nbsp;&nbsp;&nbsp;&nbsp;&nbsp;Art. 50. O uso de faixas laterais de dom\u00ednio e das \u00e1reas adjacentes \u00e0s estradas e rodovias obedecer\u00e1 \u00e0s condi\u00e7\u00f5es de seguran\u00e7a do tr\u00e2nsito estabelecidas pelo \u00f3rg\u00e3o ou entidade com circunscri\u00e7\u00e3o sobre a via.<\/p>\n\n\n\n<p>&nbsp;&nbsp;&nbsp;&nbsp;&nbsp;Art. 51. Nas vias internas pertencentes a condom\u00ednios constitu\u00eddos por unidades aut\u00f4nomas, a sinaliza\u00e7\u00e3o de regulamenta\u00e7\u00e3o da via ser\u00e1 implantada e mantida \u00e0s expensas do condom\u00ednio, ap\u00f3s aprova\u00e7\u00e3o dos projetos pelo \u00f3rg\u00e3o ou entidade com circunscri\u00e7\u00e3o sobre a via.<\/p>\n\n\n\n<p>&nbsp;&nbsp;&nbsp;&nbsp;&nbsp;Art. 52. Os ve\u00edculos de tra\u00e7\u00e3o animal ser\u00e3o conduzidos pela direita da pista, junto \u00e0 guia da cal\u00e7ada (meio-fio) ou acostamento, sempre que n\u00e3o houver faixa especial a eles destinada, devendo seus condutores obedecer, no que couber, \u00e0s normas de circula\u00e7\u00e3o previstas neste C\u00f3digo e \u00e0s que vierem a ser fixadas pelo \u00f3rg\u00e3o ou entidade com circunscri\u00e7\u00e3o sobre a via.<\/p>\n\n\n\n<p>&nbsp;&nbsp;&nbsp;&nbsp;&nbsp;Art. 53. Os animais isolados ou em grupos s\u00f3 podem circular nas vias quando conduzidos por um guia, observado o seguinte:<\/p>\n\n\n\n<p>&nbsp;&nbsp;&nbsp;&nbsp;&nbsp;I &#8211; para facilitar os deslocamentos, os rebanhos dever\u00e3o ser divididos em grupos de tamanho moderado e separados uns dos outros por espa\u00e7os suficientes para n\u00e3o obstruir o tr\u00e2nsito;<\/p>\n\n\n\n<p>&nbsp;&nbsp;&nbsp;&nbsp;&nbsp;II &#8211; os animais que circularem pela pista de rolamento dever\u00e3o ser mantidos junto ao bordo da pista.<\/p>\n\n\n\n<p>&nbsp;&nbsp;&nbsp;&nbsp; Art 54. Os condutores de motocicletas, motonetas e ciclomotores s\u00f3 poder\u00e3o circular nas vias:&nbsp;<br>&nbsp;&nbsp;&nbsp;&nbsp;&nbsp;<br>&nbsp;&nbsp;&nbsp;&nbsp; I &#8211; utilizando capacete de seguran\u00e7a, com viseira ou \u00f3culos protetores;<br><br>&nbsp;&nbsp;&nbsp;&nbsp;&nbsp;II &#8211; segurando o guidom com as duas m\u00e3os;<br><br>&nbsp;&nbsp;&nbsp;&nbsp;&nbsp;III &#8211; usando vestu\u00e1rio de prote\u00e7\u00e3o, de acordo com as especifica\u00e7\u00f5es do CONTRAN.<br><br>&nbsp;&nbsp;&nbsp;&nbsp;&nbsp;Art. 55. Os passageiros de motocicletas, motonetas e ciclomotores s\u00f3 poder\u00e3o ser transportados:<\/p>\n\n\n\n<p>&nbsp;&nbsp;&nbsp;&nbsp;&nbsp;I &#8211; utilizando capacete de seguran\u00e7a;<\/p>\n\n\n\n<p>&nbsp;&nbsp;&nbsp;&nbsp;&nbsp;II &#8211; em carro lateral acoplado aos ve\u00edculos ou em assento suplementar atr\u00e1s do condutor;<\/p>\n\n\n\n<p>&nbsp;&nbsp;&nbsp;&nbsp;&nbsp;III &#8211; usando vestu\u00e1rio de prote\u00e7\u00e3o, de acordo com as especifica\u00e7\u00f5es do CONTRAN.<\/p>\n\n\n\n<p>&nbsp;&nbsp;&nbsp;&nbsp;&nbsp;Art. 56. (VETADO)<\/p>\n\n\n\n<p>&nbsp;&nbsp;&nbsp;&nbsp;&nbsp;Art. 57. Os ciclomotores devem ser conduzidos pela direita da pista de rolamento, preferencialmente no centro da faixa mais \u00e0 direita ou no bordo direito da pista sempre que n\u00e3o houver acostamento ou faixa pr\u00f3pria a eles destinada, proibida a sua circula\u00e7\u00e3o nas vias de tr\u00e2nsito r\u00e1pido e sobre as cal\u00e7adas das vias urbanas.<\/p>\n\n\n\n<p><em>Par\u00e1grafo \u00fanico.&nbsp;<\/em>Quando uma via comportar duas ou mais faixas de tr\u00e2nsito e a da direita for destinada ao uso exclusivo de outro tipo de ve\u00edculo, os ciclomotores dever\u00e3o circular pela faixa adjacente \u00e0 da direita.<\/p>\n\n\n\n<p>&nbsp;&nbsp;&nbsp;&nbsp;&nbsp;Art. 58. Nas vias urbanas e nas rurais de pista dupla, a circula\u00e7\u00e3o de bicicletas dever\u00e1 ocorrer, quando n\u00e3o houver ciclovia, ciclofaixa, ou acostamento, ou quando n\u00e3o for poss\u00edvel a utiliza\u00e7\u00e3o destes, nos bordos da pista de rolamento, no mesmo sentido de circula\u00e7\u00e3o regulamentado para a via, com prefer\u00eancia sobre os ve\u00edculos automotores.<\/p>\n\n\n\n<p><em>Par\u00e1grafo \u00fanico.&nbsp;<\/em>A autoridade de tr\u00e2nsito com circunscri\u00e7\u00e3o sobre a via poder\u00e1 autorizar a circula\u00e7\u00e3o de bicicletas no sentido contr\u00e1rio ao fluxo dos ve\u00edculos automotores, desde que dotado o trecho com ciclofaixa.<\/p>\n\n\n\n<p>&nbsp;&nbsp;&nbsp;&nbsp;&nbsp;Art. 59. Desde que autorizado e devidamente sinalizado pelo \u00f3rg\u00e3o ou entidade com circunscri\u00e7\u00e3o sobre a via, ser\u00e1 permitida a circula\u00e7\u00e3o de bicicletas nos passeios.<\/p>\n\n\n\n<p>&nbsp;&nbsp;&nbsp;&nbsp;&nbsp;Art. 60. As vias abertas \u00e0 circula\u00e7\u00e3o, de acordo com sua utiliza\u00e7\u00e3o, classificam-se em:<\/p>\n\n\n\n<p>&nbsp;&nbsp;&nbsp;&nbsp;&nbsp;I &#8211; vias urbanas:<\/p>\n\n\n\n<figure class=\"wp-block-table\"><table class=\"has-fixed-layout\"><tbody><tr><td><\/td><td><em>a)<\/em><\/td><td>via de tr\u00e2nsito r\u00e1pido;<\/td><\/tr><\/tbody><\/table><\/figure>\n\n\n\n<figure class=\"wp-block-table\"><table class=\"has-fixed-layout\"><tbody><tr><td><\/td><td><em>b)<\/em><\/td><td>via arterial;<\/td><\/tr><\/tbody><\/table><\/figure>\n\n\n\n<figure class=\"wp-block-table\"><table class=\"has-fixed-layout\"><tbody><tr><td><\/td><td><em>c)<\/em><\/td><td>via coletora;<\/td><\/tr><\/tbody><\/table><\/figure>\n\n\n\n<figure class=\"wp-block-table\"><table class=\"has-fixed-layout\"><tbody><tr><td><\/td><td><em>d)<\/em><\/td><td>via local;<\/td><\/tr><\/tbody><\/table><\/figure>\n\n\n\n<p>&nbsp;&nbsp;&nbsp;&nbsp;&nbsp;II &#8211; vias rurais:<\/p>\n\n\n\n<figure class=\"wp-block-table\"><table class=\"has-fixed-layout\"><tbody><tr><td><\/td><td><em>a)<\/em><\/td><td>rodovias;<\/td><\/tr><\/tbody><\/table><\/figure>\n\n\n\n<figure class=\"wp-block-table\"><table class=\"has-fixed-layout\"><tbody><tr><td><\/td><td><em>b)<\/em><\/td><td>estradas.<\/td><\/tr><\/tbody><\/table><\/figure>\n\n\n\n<p>&nbsp;&nbsp;&nbsp;&nbsp;&nbsp;Art. 61. A velocidade m\u00e1xima permitida para a via ser\u00e1 indicada por meio de sinaliza\u00e7\u00e3o, obedecidas suas caracter\u00edsticas t\u00e9cnicas e as condi\u00e7\u00f5es de tr\u00e2nsito.<\/p>\n\n\n\n<p>&nbsp;&nbsp;&nbsp;&nbsp;&nbsp;\u00a7 1\u00ba Onde n\u00e3o existir sinaliza\u00e7\u00e3o regulamentadora, a velocidade m\u00e1xima ser\u00e1 de:<\/p>\n\n\n\n<p>&nbsp;&nbsp;&nbsp;&nbsp;&nbsp;I &#8211; nas vias urbanas:<\/p>\n\n\n\n<figure class=\"wp-block-table\"><table class=\"has-fixed-layout\"><tbody><tr><td><\/td><td><em>a)<\/em><\/td><td>oitenta quil\u00f4metros por hora, nas vias de tr\u00e2nsito r\u00e1pido;<\/td><\/tr><\/tbody><\/table><\/figure>\n\n\n\n<figure class=\"wp-block-table\"><table class=\"has-fixed-layout\"><tbody><tr><td><\/td><td><em>b)<\/em><\/td><td>sessenta quil\u00f4metros por hora, nas vias arteriais;<\/td><\/tr><\/tbody><\/table><\/figure>\n\n\n\n<figure class=\"wp-block-table\"><table class=\"has-fixed-layout\"><tbody><tr><td><\/td><td><em>c)<\/em><\/td><td>quarenta quil\u00f4metros por hora nas vias coletoras;<\/td><\/tr><\/tbody><\/table><\/figure>\n\n\n\n<figure class=\"wp-block-table\"><table class=\"has-fixed-layout\"><tbody><tr><td><\/td><td><em>d)<\/em><\/td><td>trinta quil\u00f4metros por hora, nas vias locais;<\/td><\/tr><\/tbody><\/table><\/figure>\n\n\n\n<p>&nbsp;&nbsp;&nbsp;&nbsp;&nbsp;II &#8211; nas vias rurais:<\/p>\n\n\n\n<figure class=\"wp-block-table\"><table class=\"has-fixed-layout\"><tbody><tr><td><\/td><td><em>a)<\/em><\/td><td>nas rodovia;<br>1) cento e dez quil\u00f4metros por hora, para autom\u00f3veis e camionetas;<br>2) noventa quil\u00f4metros por hora, para \u00f4nibus e micro\u00f4nibus;<br>3) oitenta quil\u00f4metros por hora, para os demais ve\u00edculos;<\/td><\/tr><\/tbody><\/table><\/figure>\n\n\n\n<figure class=\"wp-block-table\"><table class=\"has-fixed-layout\"><tbody><tr><td><\/td><td><em>b)<\/em><\/td><td>nas estradas, sessenta quil\u00f4metros por hora.<\/td><\/tr><\/tbody><\/table><\/figure>\n\n\n\n<p>&nbsp;&nbsp;&nbsp;&nbsp;&nbsp;\u00a7 2\u00ba O \u00f3rg\u00e3o ou entidade de tr\u00e2nsito ou rodovi\u00e1rio com circunscri\u00e7\u00e3o sobre a via poder\u00e1 regulamentar, por meio de sinaliza\u00e7\u00e3o, velocidades superiores ou inferiores \u00e0quelas estabelecidas no par\u00e1grafo anterior.<\/p>\n\n\n\n<p><br>&nbsp;&nbsp;&nbsp;&nbsp;&nbsp;Art. 62. A velocidade m\u00ednima n\u00e3o poder\u00e1 ser inferior \u00e0 metade da velocidade m\u00e1xima estabelecida, respeitadas as condi\u00e7\u00f5es operacionais de tr\u00e2nsito e da via.<br><br>&nbsp;&nbsp;&nbsp;&nbsp;&nbsp;Art. 63. (VETADO)<br><br>&nbsp;&nbsp;&nbsp;&nbsp;&nbsp;Art. 64. As crian\u00e7as com idade inferior a dez anos devem ser transportadas nos bancos traseiros, salvo exce\u00e7\u00f5es regulamentadas pelo CONTRAN.<br><br>&nbsp;&nbsp;&nbsp;&nbsp;&nbsp;Art. 65. \u00c9 obrigat\u00f3rio o uso do cinto de seguran\u00e7a para condutor e passageiros em todas as vias do territ\u00f3rio nacional, salvo em situa\u00e7\u00e3o regulamentadas pelo CONTRAN.<br><br>&nbsp;&nbsp;&nbsp;&nbsp;&nbsp;Art. 66. (VETADO)<br><br>&nbsp;&nbsp;&nbsp;&nbsp;&nbsp;Art. 67. As provas ou competi\u00e7\u00f5es desportivas, inclusive seus ensaios, em via aberta \u00e0 circula\u00e7\u00e3o, s\u00f3 poder\u00e3o ser realizadas mediante a permiss\u00e3o da autoridade de tr\u00e2nsito com circunscri\u00e7\u00e3o sobre a via e depender\u00e3o de:<br><br>&nbsp;&nbsp;&nbsp;&nbsp;&nbsp;I &#8211; autoriza\u00e7\u00e3o expressa da respectiva confedera\u00e7\u00e3o desportiva ou de entidades estaduais a ela filiadas;<br><br>&nbsp;&nbsp;&nbsp;&nbsp;&nbsp;II &#8211; cau\u00e7\u00e3o ou fian\u00e7a para cobrir poss\u00edveis danos materiais \u00e0 via;<br><br>&nbsp;&nbsp;&nbsp;&nbsp;&nbsp;III &#8211; contrato de seguro contra riscos e acidentes em favor de terceiros;<br><br>&nbsp;&nbsp;&nbsp;&nbsp;&nbsp;IV &#8211; pr\u00e9vio recolhimento do valor correspondente aos custos operacionais em que o \u00f3rg\u00e3o ou entidade permission\u00e1ria incorrer\u00e1.<br><br>&nbsp;&nbsp;&nbsp;&nbsp;&nbsp;<em>Par\u00e1grafo \u00fanico.&nbsp;<\/em>A autoridade com circunscri\u00e7\u00e3o sobre a via arbitrar\u00e1 os valores m\u00ednimos da cau\u00e7\u00e3o ou fian\u00e7a e do contrato de seguro.&nbsp;<\/p>\n\n\n\n<p>CAP\u00cdTULO VI<br>DOS PEDRESTES E CONDUTORES DE VE\u00cdCULOS N\u00c3O MOTORIZADOS<\/p>\n\n\n\n<p><br>&nbsp;&nbsp;&nbsp;&nbsp;&nbsp;Art. 68. \u00c9 assegurada ao pedestre a utiliza\u00e7\u00e3o dos passeios ou passagens apropriadas das vias urbanas e dos acostamentos das vias rurais para circula\u00e7\u00e3o, podendo a autoridade competente permitir a utiliza\u00e7\u00e3o de parte da cal\u00e7ada para outros fins, desde que n\u00e3o seja prejudicial ao fluxo de pedestres.<br><br>&nbsp;&nbsp;&nbsp;&nbsp;&nbsp;\u00a7 1\u00ba O ciclista desmontado empurrando a bicicleta equipara-se ao pedestre em direitos e deveres.<br><br>&nbsp;&nbsp;&nbsp;&nbsp;&nbsp;\u00a7 2\u00ba Nas \u00e1reas urbanas, quando n\u00e3o houver passeios ou quando n\u00e3o for poss\u00edvel a utiliza\u00e7\u00e3o destes, a circula\u00e7\u00e3o de pedestres na pista de rolamento ser\u00e1 feita com prioridade sobre os ve\u00edculos, pelos bordos da pista, em fila \u00fanica, exceto em locais proibidos pela sinaliza\u00e7\u00e3o e nas situa\u00e7\u00f5es em que a seguran\u00e7a ficar comprometida.<br><br>&nbsp;&nbsp;&nbsp;&nbsp;&nbsp;\u00a7 3\u00ba Nas vias rurais, quando n\u00e3o houver acostamento ou quando n\u00e3o for poss\u00edvel a utiliza\u00e7\u00e3o dele, a circula\u00e7\u00e3o de pedestres, na pista de rolamento, ser\u00e1 feita com prioridade sobre os ve\u00edculos, pelos bordos da pista, em fila \u00fanica, em sentido contr\u00e1rio ao deslocamento de ve\u00edculos, exceto em locais proibidos pela sinaliza\u00e7\u00e3o e nas situa\u00e7\u00f5es em que a seguran\u00e7a ficar comprometida.<br><br>&nbsp;&nbsp;&nbsp;&nbsp;&nbsp;\u00a7 4\u00ba (VETADO)<br><br>&nbsp;&nbsp;&nbsp;&nbsp;&nbsp;\u00a7 5\u00ba Nos trechos urbanos de vias rurais e nas obras de arte a serem constru\u00eddas, dever\u00e1 ser previsto passeio destinado \u00e0 circula\u00e7\u00e3o dos pedestres, que n\u00e3o dever\u00e3o, nessas condi\u00e7\u00f5es, usar o acostamento.<br><br>&nbsp;&nbsp;&nbsp;&nbsp;&nbsp;\u00a7 6\u00ba Onde houver obstru\u00e7\u00e3o da cal\u00e7ada ou da passagem para pedestres, o \u00f3rg\u00e3o ou entidade com circunscri\u00e7\u00e3o sobre a via dever\u00e1 assegurar a devida sinaliza\u00e7\u00e3o e prote\u00e7\u00e3o para circula\u00e7\u00e3o de pedestres.<br><br>&nbsp;&nbsp;&nbsp;&nbsp;&nbsp;Art. 69. Para cruzar a pista de rolamento o pedestre tomar\u00e1 precau\u00e7\u00f5es de seguran\u00e7a, levando em conta, principalmente, a visibilidade, a dist\u00e2ncia e a velocidade dos ve\u00edculos, utilizando sempre as faixas ou passagens a ele destinadas sempre que estas existirem numa dist\u00e2ncia de at\u00e9 cinq\u00fcenta metros dele, observadas as seguintes disposi\u00e7\u00f5es:<br><br>&nbsp;&nbsp;&nbsp;&nbsp;&nbsp;I &#8211; onde n\u00e3o houver faixa ou passagem, o cruzamento da via dever\u00e1 ser feito em sentido perpendicular ao de seu eixo;<br><br>&nbsp;&nbsp;&nbsp;&nbsp;&nbsp;II &#8211; para atravessar uma passagem sinalizada para pedestres ou delimitada por marcas sobre a pista:<br><\/p>\n\n\n\n<figure class=\"wp-block-table\"><table class=\"has-fixed-layout\"><tbody><tr><td><\/td><td><em>a)<\/em><\/td><td>onde houver foco de pedestres, obedecer \u00e0s indica\u00e7\u00f5es das luzes;<\/td><\/tr><\/tbody><\/table><\/figure>\n\n\n\n<figure class=\"wp-block-table\"><table class=\"has-fixed-layout\"><tbody><tr><td><\/td><td><em>b)<\/em><\/td><td>onde n\u00e3o houver foco de pedestres, aguardar que o sem\u00e1foro ou o agente de tr\u00e2nsito interrompa o fluxo de ve\u00edculos;<\/td><\/tr><\/tbody><\/table><\/figure>\n\n\n\n<p>&nbsp;&nbsp;&nbsp;&nbsp;&nbsp;III &#8211; nas interse\u00e7\u00f5es e em suas proximidades, onde n\u00e3o existam faixas de travessia, os pedestres devem atravessar a via na continua\u00e7\u00e3o da cal\u00e7ada, observadas as seguintes normas:<\/p>\n\n\n\n<figure class=\"wp-block-table\"><table class=\"has-fixed-layout\"><tbody><tr><td><\/td><td><em>a)<\/em><\/td><td>n\u00e3o dever\u00e3o adentrar na pista sem antes se certificar de que podem faz\u00ea-lo sem obstruir o tr\u00e2nsito de ve\u00edculos;<\/td><\/tr><\/tbody><\/table><\/figure>\n\n\n\n<figure class=\"wp-block-table\"><table class=\"has-fixed-layout\"><tbody><tr><td><\/td><td><em>b)<\/em><\/td><td>uma vez iniciada a travessia de uma pista, os pedestres n\u00e3o dever\u00e3o aumentar o seu percurso, demorar-se ou parar sobre ela sem necessidade.<\/td><\/tr><\/tbody><\/table><\/figure>\n\n\n\n<p><br>&nbsp;&nbsp;&nbsp;&nbsp;&nbsp;Art. 70. Os pedestres que estiverem atravessando a via sobre as faixas delimitadas para esse fim ter\u00e3o prioridade de passagem, exceto nos locais com sinaliza\u00e7\u00e3o semaf\u00f3rica, onde dever\u00e3o ser respeitadas as disposi\u00e7\u00f5es deste C\u00f3digo.<br><br>&nbsp;&nbsp;&nbsp;&nbsp;&nbsp;<em>Par\u00e1grafo \u00fanico.&nbsp;<\/em>Nos locais em que houver sinaliza\u00e7\u00e3o semaf\u00f3rica de controle de passagem ser\u00e1 dada prefer\u00eancia aos pedestres que n\u00e3o tenham conclu\u00eddo a travessia, mesmo em caso de mudan\u00e7a do sem\u00e1foro liberando a passagem dos ve\u00edculos.<br><br>&nbsp;&nbsp;&nbsp;&nbsp;&nbsp;Art. 71. O \u00f3rg\u00e3o ou entidade com circunscri\u00e7\u00e3o sobre a via manter\u00e1 obrigatoriamente, as faixas e passagens de pedestres em boas condi\u00e7\u00f5es de visibilidade, higiene, seguran\u00e7a e sinaliza\u00e7\u00e3o.&nbsp;<\/p>\n\n\n\n<p>CAP\u00cdTULO V<br>DO CIDAD\u00c3O<\/p>\n\n\n\n<p>&nbsp;&nbsp;&nbsp;&nbsp;&nbsp;Art. 72. Todo cidad\u00e3o ou entidade civil tem o direito de solicitar, por escrito, aos \u00f3rg\u00e3os ou entidades do Sistema Nacional de Tr\u00e2nsito, sinaliza\u00e7\u00e3o, fiscaliza\u00e7\u00e3o e implanta\u00e7\u00e3o de equipamentos de seguran\u00e7a, bem como sugerir altera\u00e7\u00f5es em normas, legisla\u00e7\u00e3o e outros assuntos pertinentes a este C\u00f3digo.<br><br>&nbsp;&nbsp;&nbsp;&nbsp;&nbsp;Art. 73. Os \u00f3rg\u00e3os ou entidades pertencentes ao Sistema Nacional de Tr\u00e2nsito t\u00eam o dever de analisar as solicita\u00e7\u00f5es e responder, por escrito, dentro de prazos m\u00ednimos, sobre a possibilidade ou n\u00e3o de atendimento, esclarecendo ou justificando a an\u00e1lise efetuada, e, se pertinente, informando ao solicitante quando tal evento ocorrer\u00e1.<br><br>&nbsp;&nbsp;&nbsp;&nbsp;&nbsp;<em>Par\u00e1grafo \u00fanico.&nbsp;<\/em>As campanhas de tr\u00e2nsito devem esclarecer quais as atribui\u00e7\u00f5es dos \u00f3rg\u00e3os e entidades pertencentes ao Sistema Nacional de Tr\u00e2nsito e como proceder a tais solicita\u00e7\u00f5es.<\/p>\n\n\n\n<p>CAP\u00cdTULO VI<br>DA EDUCA\u00c7\u00c3O PARA O TR\u00c2NSITO<br><\/p>\n\n\n\n<p>&nbsp;&nbsp;&nbsp;&nbsp;&nbsp;Art. 74. A educa\u00e7\u00e3o para o tr\u00e2nsito \u00e9 direito de todos e constitui dever priorit\u00e1rio para os componentes do Sistema Nacional de Tr\u00e2nsito.<br><br>&nbsp;&nbsp;&nbsp;&nbsp;&nbsp;\u00a7 1\u00ba \u00c9 obrigat\u00f3ria a exist\u00eancia de coordena\u00e7\u00e3o educacional em cada \u00f3rg\u00e3o ou entidade componente do Sistema Nacional de Tr\u00e2nsito.<br><br>&nbsp;&nbsp;&nbsp;&nbsp;&nbsp;\u00a7 2\u00ba Os \u00f3rg\u00e3os ou entidades executivos de tr\u00e2nsito dever\u00e3o promover, dentro de sua estrutura organizacional ou mediante conv\u00eanio, o funcionamento de Escolas P\u00fablicas de Tr\u00e2nsito, nos moldes e padr\u00f5es estabelecidos pelo CONTRAN.<br><br>&nbsp;&nbsp;&nbsp;&nbsp;&nbsp;Art. 75. O CONTRAN estabelecer\u00e1, anualmente, os temas e os cronogramas das campanhas de \u00e2mbito nacional que dever\u00e3o ser promovidas por todos os \u00f3rg\u00e3os ou entidades do Sistema Nacional de Tr\u00e2nsito, em especial nos per\u00edodos referentes \u00e0s f\u00e9rias escolares, feriados prolongados e \u00e0 Semana Nacional de Tr\u00e2nsito.<br><br>&nbsp;&nbsp;&nbsp;&nbsp;&nbsp;\u00a7 1\u00ba Os \u00f3rg\u00e3os ou entidades do Sistema Nacional de Tr\u00e2nsito dever\u00e3o promover outras campanhas no \u00e2mbito de sua circunscri\u00e7\u00e3o e de acordo com as peculiaridades locais.<br><br>&nbsp;&nbsp;&nbsp;&nbsp;&nbsp;\u00a7 2\u00ba As campanhas de que trata este artigo s\u00e3o de car\u00e1ter permanente, e os servi\u00e7os de r\u00e1dio e difus\u00e3o sonora de sons e imagens explorados pelo poder p\u00fablico s\u00e3o obrigados a difundi-Ias gratuitamente, com a freq\u00fc\u00eancia recomendada pelos \u00f3rg\u00e3os competentes do Sistema Nacional de Tr\u00e2nsito.<br><br>&nbsp;&nbsp;&nbsp;&nbsp;&nbsp;Art. 76. A educa\u00e7\u00e3o para o tr\u00e2nsito ser\u00e1 promovida na pr\u00e9-escola e nas escolas de 1\u00ba, 2\u00ba e 3\u00ba graus, por meio de planejamento e a\u00e7\u00f5es coordenadas entre os \u00f3rg\u00e3os e entidades do Sistema Nacional de Tr\u00e2nsito e de Educa\u00e7\u00e3o, da Uni\u00e3o, dos Estados, do Distrito Federal e dos Munic\u00edpios, nas respectivas \u00e1reas de atua\u00e7\u00e3o.<br><br>&nbsp;&nbsp;&nbsp;&nbsp;&nbsp;<em>Par\u00e1grafo \u00fanico.&nbsp;<\/em>Para a finalidade prevista neste artigo, o Minist\u00e9rio da Educa\u00e7\u00e3o e do Desporto, mediante proposta do CONTRAN e do Conselho de Reitores das Universidades Brasileiras, diretamente ou mediante conv\u00eanio, promover\u00e1:<br><br>&nbsp;&nbsp;&nbsp;&nbsp;&nbsp;I &#8211; a ado\u00e7\u00e3o, em todos os n\u00edveis de ensino, de um curr\u00edculo interdisciplinar com conte\u00fado program\u00e1tico sobre seguran\u00e7a de tr\u00e2nsito;<br><br>&nbsp;&nbsp;&nbsp;&nbsp;&nbsp;II &#8211; a ado\u00e7\u00e3o de conte\u00fados relativos \u00e0 educa\u00e7\u00e3o para o tr\u00e2nsito nas escolas de forma\u00e7\u00e3o para o magist\u00e9rio e o treinamento de professores e multiplicadores;<br><br>&nbsp;&nbsp;&nbsp;&nbsp;&nbsp;III &#8211; a cria\u00e7\u00e3o de corpos t\u00e9cnicos interprofissionais para levantamento e an\u00e1lise de dados estat\u00edsticos relativos ao tr\u00e2nsito;<br><br>&nbsp;&nbsp;&nbsp;&nbsp;&nbsp;IV &#8211; a elabora\u00e7\u00e3o de planos de redu\u00e7\u00e3o de acidentes de tr\u00e2nsito junto aos n\u00facleos interdisciplinares universit\u00e1rios de tr\u00e2nsito, com vistas \u00e0 integra\u00e7\u00e3o universidades-sociedade na \u00e1rea de tr\u00e2nsito.<br><br>&nbsp;&nbsp;&nbsp;&nbsp;&nbsp;Art. 77. No \u00e2mbito da educa\u00e7\u00e3o para o tr\u00e2nsito caber\u00e1 ao Minist\u00e9rio da Sa\u00fade, mediante proposta do CONTRAN, estabelecer campanha nacional esclarecendo condutas a serem seguidas nos primeiros socorros em caso de acidente de tr\u00e2nsito.<br><br>&nbsp;&nbsp;&nbsp;&nbsp;&nbsp;<em>Par\u00e1grafo \u00fanico.&nbsp;<\/em>As campanhas ter\u00e3o car\u00e1ter permanente por interm\u00e9dio do Sistema \u00danico de Sa\u00fade &#8211; SUS, sendo intensificadas nos per\u00edodos e na forma estabelecidos no art. 76.<br><br>&nbsp;&nbsp;&nbsp;&nbsp;&nbsp;Art. 78. Os Minist\u00e9rios da Sa\u00fade, da Educa\u00e7\u00e3o e do Desporto, do Trabalho, dos Transportes e da Justi\u00e7a, por interm\u00e9dio do CONTRAN, desenvolver\u00e3o e implementar\u00e3o programas destinados \u00e0 preven\u00e7\u00e3o de acidentes.<br><br>&nbsp;&nbsp;&nbsp;&nbsp;&nbsp;<em>Par\u00e1grafo \u00fanico.&nbsp;<\/em>O percentual de dez por cento do total dos valores arrecadados destinados \u00e0 Previd\u00eancia Social, do Pr\u00eamio do Seguro Obrigat\u00f3rio de Danos Pessoais causados por Ve\u00edculos Automotores de Via Terrestre &#8211; DPVAT, de que trata a Lei n\u00ba 6.194, de 19 de dezembro de 1974, ser\u00e3o repassados mensalmente ao Coordenador do Sistema Nacional de Tr\u00e2nsito para aplica\u00e7\u00e3o exclusiva em programas de que trata este artigo.<br><br>&nbsp;&nbsp;&nbsp;&nbsp;&nbsp;Art. 79. Os \u00f3rg\u00e3os e entidades executivos de tr\u00e2nsito poder\u00e3o firmar conv\u00eanio com os \u00f3rg\u00e3os de educa\u00e7\u00e3o da Uni\u00e3o, dos Estados, do Distrito Federal e dos Munic\u00edpios, objetivando o cumprimento das obriga\u00e7\u00f5es estabelecidas neste cap\u00edtulo.<\/p>\n\n\n\n<p>CAP\u00cdTULO VII<br>DA SINALIZA\u00c7\u00c3O DE TR\u00c2NSITO<\/p>\n\n\n\n<p>&nbsp;&nbsp;&nbsp;&nbsp;&nbsp;Art. 80. Sempre que necess\u00e1rio, ser\u00e1 colocada ao longo da via, sinaliza\u00e7\u00e3o prevista neste C\u00f3digo e em legisla\u00e7\u00e3o complementar, destinada a condutores e pedestres, vedada a utiliza\u00e7\u00e3o de qualquer outra.<br><br>&nbsp;&nbsp;&nbsp;&nbsp;&nbsp;\u00a7 1\u00ba A sinaliza\u00e7\u00e3o ser\u00e1 colocada em posi\u00e7\u00e3o e condi\u00e7\u00f5es que a tornem perfeitamente vis\u00edvel e leg\u00edvel durante o dia e a noite, em dist\u00e2ncia compat\u00edvel com a seguran\u00e7a do tr\u00e2nsito, conforme normas e especifica\u00e7\u00f5es do CONTRAN.<br><br>&nbsp;&nbsp;&nbsp;&nbsp;&nbsp;\u00a7 2\u00ba O CONTRAN poder\u00e1 autorizar, em car\u00e1ter experimental e por per\u00edodo prefixado, a utiliza\u00e7\u00e3o de sinaliza\u00e7\u00e3o n\u00e3o prevista neste C\u00f3digo.<br><br>&nbsp;&nbsp;&nbsp;&nbsp;&nbsp;Art. 81. Nas vias p\u00fablicas e nos im\u00f3veis \u00e9 proibido colocar luzes, publicidade, inscri\u00e7\u00f5es, vegeta\u00e7\u00e3o e mobili\u00e1rio que possam gerar confus\u00e3o, interferir na visibilidade da sinaliza\u00e7\u00e3o e comprometer a seguran\u00e7a do tr\u00e2nsito.<br><br>&nbsp;&nbsp;&nbsp;&nbsp;&nbsp;Art. 82. \u00c9 proibido afixar sobre a sinaliza\u00e7\u00e3o de tr\u00e2nsito e respectivos suportes, ou junto a ambos, qualquer tipo de publicidade, inscri\u00e7\u00f5es, legendas e s\u00edmbolos que n\u00e3o se relacionem com a mensagem da sinaliza\u00e7\u00e3o.<br><br>&nbsp;&nbsp;&nbsp;&nbsp;&nbsp;Art. 83. A afixa\u00e7\u00e3o de publicidade ou de quaisquer legendas ou s\u00edmbolos ao longo das vias condiciona-se \u00e0 previa aprova\u00e7\u00e3o do \u00f3rg\u00e3o ou entidade com circunscri\u00e7\u00e3o sobre a via.<br><br>&nbsp;&nbsp;&nbsp;&nbsp;&nbsp;Art. 84. O \u00f3rg\u00e3o ou entidade de tr\u00e2nsito com circunscri\u00e7\u00e3o sobre a via poder\u00e1 retirar ou determinar a imediata retirada de qualquer elemento que prejudique a visibilidade da sinaliza\u00e7\u00e3o vi\u00e1ria e a seguran\u00e7a do tr\u00e2nsito, com \u00f4nus para quem o tenha colocado.<br><br>&nbsp;&nbsp;&nbsp;&nbsp;&nbsp;Art. 85. Os locais destinados pelo \u00f3rg\u00e3o ou entidade de tr\u00e2nsito com circunscri\u00e7\u00e3o sobre a via \u00e0 travessia de pedestres dever\u00e3o ser sinalizados com faixas pintadas ou demarcadas no leito da via.<br><br>&nbsp;&nbsp;&nbsp;&nbsp;&nbsp;Art. 86. Os locais destinados a postos de gasolina, oficinas, estacionamentos ou garagens de uso coletivo dever\u00e3o ter suas entradas e sa\u00eddas devidamente identificadas, na forma regulamentada pelo CONTRAN.<br><br>&nbsp;&nbsp;&nbsp;&nbsp;&nbsp;Art. 87. Os sinais de tr\u00e2nsito classificam-se em:<br><br>&nbsp;&nbsp;&nbsp;&nbsp;&nbsp;I &#8211; verticais;<br><br>&nbsp;&nbsp;&nbsp;&nbsp;&nbsp;II &#8211; horizontais;<br><br>&nbsp;&nbsp;&nbsp;&nbsp;&nbsp;III &#8211; dispositivos de sinaliza\u00e7\u00e3o auxiliar;<br><br>&nbsp;&nbsp;&nbsp;&nbsp;&nbsp;IV &#8211; luminosos;<br><br>&nbsp;&nbsp;&nbsp;&nbsp;&nbsp;V &#8211; sonoros;<br><br>&nbsp;&nbsp;&nbsp;&nbsp;&nbsp;VI &#8211; gestos do agente de tr\u00e2nsito e do condutor.<br><br>&nbsp;&nbsp;&nbsp;&nbsp;&nbsp;Art. 88. Nenhuma via pavimentada poder\u00e1 ser entregue ap\u00f3s sua constru\u00e7\u00e3o, ou reaberta ao tr\u00e2nsito ap\u00f3s a realiza\u00e7\u00e3o de obras ou de manuten\u00e7\u00e3o, enquanto n\u00e3o estiver devidamente sinalizada, vertical e horizontalmente, de forma a garantir as condi\u00e7\u00f5es adequadas de seguran\u00e7a na circula\u00e7\u00e3o.<br><br>&nbsp;&nbsp;&nbsp;&nbsp;&nbsp;<em>Par\u00e1grafo \u00fanico.&nbsp;<\/em>Nas vias ou trechos de vias em obras dever\u00e1 ser afixada sinaliza\u00e7\u00e3o especifica e adequada.<br><br>&nbsp;&nbsp;&nbsp;&nbsp;&nbsp;Art. 89. A sinaliza\u00e7\u00e3o ter\u00e1 a seguinte ordem de preval\u00eancia:<br><br>&nbsp;&nbsp;&nbsp;&nbsp;&nbsp;I &#8211; as ordens do agente de tr\u00e2nsito sobre as normas de circula\u00e7\u00e3o e outros sinais;<br><br>&nbsp;&nbsp;&nbsp;&nbsp;&nbsp;II &#8211; as indica\u00e7\u00f5es do sem\u00e1foro sobre os demais sinais;<br><br>&nbsp;&nbsp;&nbsp;&nbsp;&nbsp;III &#8211; as indica\u00e7\u00f5es dos sinais sobre as demais normas de tr\u00e2nsito.<br><br>&nbsp;&nbsp;&nbsp;&nbsp;&nbsp;Art. 90. N\u00e3o ser\u00e3o aplicadas as san\u00e7\u00f5es previstas neste C\u00f3digo por inobserv\u00e2ncia \u00e0 sinaliza\u00e7\u00e3o quando esta for insuficiente ou incorreta.<br><br>&nbsp;&nbsp;&nbsp;&nbsp;&nbsp;\u00a7 1\u00ba O \u00f3rg\u00e3o ou entidade de tr\u00e2nsito com circunscri\u00e7\u00e3o sobre a via \u00e9 respons\u00e1vel pela implanta\u00e7\u00e3o da sinaliza\u00e7\u00e3o, respondendo pela sua falta, insufici\u00eancia ou incorreta coloca\u00e7\u00e3o.<br><br>&nbsp;&nbsp;&nbsp;&nbsp;&nbsp;\u00a7 2\u00ba O CONTRAN editar\u00e1 normas complementares no que se refere \u00e0 interpreta\u00e7\u00e3o, coloca\u00e7\u00e3o e uso da sinaliza\u00e7\u00e3o.<\/p>\n\n\n\n<p>CAP\u00cdTULO VIII<br>DA ENGENHARIA DE TR\u00c1FEGO, DA OPERA\u00c7\u00c3O, DA FISCALIZA\u00c7\u00c3O E DO POLICIAMENTO OSTENSIVO DE TR\u00c2NSITO<br><\/p>\n\n\n\n<p>&nbsp;&nbsp;&nbsp;&nbsp;&nbsp;Art. 91. O CONTRAN estabelecer\u00e1 as normas e regulamentos a serem adotados em todo o territ\u00f3rio nacional quando da implementa\u00e7\u00e3o das solu\u00e7\u00f5es adotadas pela Engenharia de Tr\u00e1fego, assim como padr\u00f5es a serem praticados por todos os \u00f3rg\u00e3os e entidades do Sistema Nacional de Tr\u00e2nsito.<br><br>&nbsp;&nbsp;&nbsp;&nbsp;&nbsp;Art. 92. (VETADO)<br><br>&nbsp;&nbsp;&nbsp;&nbsp;&nbsp;Art. 93. Nenhum projeto de edifica\u00e7\u00e3o que possa transformar-se em p\u00f3lo atrativo de tr\u00e2nsito poder\u00e1 ser aprovado sem pr\u00e9via anu\u00eancia do \u00f3rg\u00e3o ou entidade com circunscri\u00e7\u00e3o sobre a via e sem que do projeto conste \u00e1rea para estacionamento e indica\u00e7\u00e3o das vias de acesso adequadas.<br><br>&nbsp;&nbsp;&nbsp;&nbsp;&nbsp;Art. 94. Qualquer obst\u00e1culo \u00e0 livre circula\u00e7\u00e3o e \u00e0 seguran\u00e7a de ve\u00edculos e pedestres, tanto na via quanto na cal\u00e7ada, caso n\u00e3o possa ser retirado, deve ser devida e imediatamente sinalizado.<br><br>&nbsp;&nbsp;&nbsp;&nbsp;&nbsp;<em>Par\u00e1grafo \u00fanico.&nbsp;<\/em>\u00c9 proibida a utiliza\u00e7\u00e3o das ondula\u00e7\u00f5es transversais e de sonorizadores como redutores de velocidade, salvo em casos especiais definidos pelo \u00f3rg\u00e3o ou entidade competente, nos padr\u00f5es e crit\u00e9rios estabelecidos pelo CONTRAN.<br><br>&nbsp;&nbsp;&nbsp;&nbsp;&nbsp;Art. 95. Nenhuma obra ou evento que possa perturbar ou interromper a livre circula\u00e7\u00e3o de ve\u00edculos e pedestres, ou colocar em risco sua seguran\u00e7a, ser\u00e1 iniciada sem permiss\u00e3o pr\u00e9via do \u00f3rg\u00e3o ou entidade de tr\u00e2nsito com circunscri\u00e7\u00e3o sobre a via.<br><br>&nbsp;&nbsp;&nbsp;&nbsp;&nbsp;\u00a7 1\u00ba A obriga\u00e7\u00e3o de sinalizar \u00e9 do respons\u00e1vel pela execu\u00e7\u00e3o ou manuten\u00e7\u00e3o da obra ou do evento.<br><br>&nbsp;&nbsp;&nbsp;&nbsp;&nbsp;\u00a7 2\u00ba Salvo em casos de emerg\u00eancia, a autoridade de tr\u00e2nsito com circunscri\u00e7\u00e3o sobre a via avisar\u00e1 a comunidade, por interm\u00e9dio dos meios de comunica\u00e7\u00e3o social, com quarenta e oito horas de anteced\u00eancia, de qualquer interdi\u00e7\u00e3o da via, indicando-se os caminhos alternativos a serem utilizados.<br><br>&nbsp;&nbsp;&nbsp;&nbsp;&nbsp;\u00a7 3\u00ba A inobserv\u00e2ncia do disposto neste artigo ser\u00e1 punida com multa que varia entre cinq\u00fcenta e trezentas UFIR, independentemente das comina\u00e7\u00f5es civeis e penais cab\u00edveis.<br><br>&nbsp;&nbsp;&nbsp;&nbsp;&nbsp;\u00a7 4\u00ba Ao servidor p\u00fablico respons\u00e1vel pela inobserv\u00e2ncia de qualquer das normas previstas neste e nos arts. 93 e 94, a autoridade de tr\u00e2nsito aplicar\u00e1 multa di\u00e1ria na base de cinq\u00fcenta por cento do dia de vencimento ou remunera\u00e7\u00e3o devida enquanto permanecer a irregularidade.<\/p>\n\n\n\n<p>CAP\u00cdTULO IX<br>DOS VE\u00cdCULOS<\/p>\n\n\n\n<h4 class=\"wp-block-heading\">SE\u00c7\u00c3O I<br>Disposi\u00e7\u00f5es Gerais<\/h4>\n\n\n\n<p>&nbsp;&nbsp;&nbsp;&nbsp;&nbsp;Art. 96. Os ve\u00edculos classificam-se em:<\/p>\n\n\n\n<p>&nbsp;&nbsp;&nbsp;&nbsp;&nbsp; I &#8211; quanto a tra\u00e7\u00e3o:<\/p>\n\n\n\n<figure class=\"wp-block-table\"><table class=\"has-fixed-layout\"><tbody><tr><td><\/td><td><em>a)<\/em><\/td><td>automotor;<\/td><\/tr><\/tbody><\/table><\/figure>\n\n\n\n<figure class=\"wp-block-table\"><table class=\"has-fixed-layout\"><tbody><tr><td><\/td><td><em>b)<\/em><\/td><td>el\u00e9trico;<\/td><\/tr><\/tbody><\/table><\/figure>\n\n\n\n<figure class=\"wp-block-table\"><table class=\"has-fixed-layout\"><tbody><tr><td><\/td><td><em>c)<\/em><\/td><td>de propuls\u00e3o humana;<\/td><\/tr><\/tbody><\/table><\/figure>\n\n\n\n<figure class=\"wp-block-table\"><table class=\"has-fixed-layout\"><tbody><tr><td><\/td><td><em>d)<\/em><\/td><td>de tra\u00e7\u00e3o animal;<\/td><\/tr><\/tbody><\/table><\/figure>\n\n\n\n<figure class=\"wp-block-table\"><table class=\"has-fixed-layout\"><tbody><tr><td><\/td><td><em>e)<\/em><\/td><td>reboque ou semi-reboque;<\/td><\/tr><\/tbody><\/table><\/figure>\n\n\n\n<p>&nbsp;&nbsp;&nbsp;&nbsp;&nbsp; II &#8211; quanto \u00e0 esp\u00e9cie:<\/p>\n\n\n\n<figure class=\"wp-block-table\"><table class=\"has-fixed-layout\"><tbody><tr><td><\/td><td><em>a)<\/em><\/td><td>de passageiros:<br>1 &#8211; bicicleta:<br>2 &#8211; ciclomotor;<br>3 &#8211; motoneta;<br>4 &#8211; motocicleta;<br>5 &#8211; triciclo;<br>6 &#8211; quadriciclo;<br>7 &#8211; autom\u00f3vel;<br>8 &#8211; micro\u00f4nibus;<br>9 &#8211; \u00f4nibus;<br>10 &#8211; bonde;<br>11 &#8211; reboque ou semi-reboque;<br>12 &#8211; charrete;<\/td><\/tr><\/tbody><\/table><\/figure>\n\n\n\n<figure class=\"wp-block-table\"><table class=\"has-fixed-layout\"><tbody><tr><td><\/td><td><em>b)<\/em><\/td><td>de carga:<br>1 &#8211; motoneta;<br>2 &#8211; motocicleta;<br>3 &#8211; triciclo;<br>4 &#8211; quadriciclo;<br>5 &#8211; caminhonete;<br>6 &#8211; caminh\u00e3o;<br>7 &#8211; reboque ou semi-reboque;<br>8 &#8211; carro\u00e7a;<br>9 &#8211;&nbsp;carro-de-m\u00e3o;<\/td><\/tr><\/tbody><\/table><\/figure>\n\n\n\n<figure class=\"wp-block-table\"><table class=\"has-fixed-layout\"><tbody><tr><td><\/td><td><em>c)<\/em><\/td><td>misto:<br>1 &#8211; camioneta;<br>2 &#8211; utilit\u00e1rio;<br>3 &#8211; outros;<\/td><\/tr><\/tbody><\/table><\/figure>\n\n\n\n<figure class=\"wp-block-table\"><table class=\"has-fixed-layout\"><tbody><tr><td><\/td><td><em>d)<\/em><\/td><td>de competi\u00e7\u00e3o;<\/td><\/tr><\/tbody><\/table><\/figure>\n\n\n\n<figure class=\"wp-block-table\"><table class=\"has-fixed-layout\"><tbody><tr><td><\/td><td><em>e)<\/em><\/td><td>de tra\u00e7\u00e3o:<br>1 &#8211; caminh\u00e3o-trator;<br>2 &#8211; trator de rodas;<br>3 &#8211; trator de esteiras;<br>4 &#8211; trator misto;<\/td><\/tr><\/tbody><\/table><\/figure>\n\n\n\n<figure class=\"wp-block-table\"><table class=\"has-fixed-layout\"><tbody><tr><td><\/td><td><em>f)<\/em><\/td><td>especial;<\/td><\/tr><\/tbody><\/table><\/figure>\n\n\n\n<figure class=\"wp-block-table\"><table class=\"has-fixed-layout\"><tbody><tr><td><\/td><td><em>g)<\/em><\/td><td>de cole\u00e7\u00e3o;<\/td><\/tr><\/tbody><\/table><\/figure>\n\n\n\n<p>&nbsp;&nbsp;&nbsp;&nbsp;&nbsp; III &#8211; quanto \u00e0 categoria:<\/p>\n\n\n\n<figure class=\"wp-block-table\"><table class=\"has-fixed-layout\"><tbody><tr><td><\/td><td><em>a)<\/em><\/td><td>oficial;<\/td><\/tr><\/tbody><\/table><\/figure>\n\n\n\n<figure class=\"wp-block-table\"><table class=\"has-fixed-layout\"><tbody><tr><td><\/td><td><em>b)<\/em><\/td><td>de representa\u00e7\u00e3o diplom\u00e1tica, de reparti\u00e7\u00f5es consulares de carreira ou organismos internacionais acreditados junto ao Governo brasileiro;<\/td><\/tr><\/tbody><\/table><\/figure>\n\n\n\n<figure class=\"wp-block-table\"><table class=\"has-fixed-layout\"><tbody><tr><td><\/td><td><em>c)<\/em><\/td><td>particular;<\/td><\/tr><\/tbody><\/table><\/figure>\n\n\n\n<figure class=\"wp-block-table\"><table class=\"has-fixed-layout\"><tbody><tr><td><\/td><td><em>d)<\/em><\/td><td>de aluguel;<\/td><\/tr><\/tbody><\/table><\/figure>\n\n\n\n<figure class=\"wp-block-table\"><table class=\"has-fixed-layout\"><tbody><tr><td><\/td><td><em>e)<\/em><\/td><td>de aprendizagem.<\/td><\/tr><\/tbody><\/table><\/figure>\n\n\n\n<p>&nbsp;&nbsp;&nbsp;&nbsp;&nbsp;Art. 97. As caracter\u00edsticas dos ve\u00edculos, suas especifica\u00e7\u00f5es b\u00e1sicas, configura\u00e7\u00e3o e condi\u00e7\u00f5es essenciais para registro, licenciamento e circula\u00e7\u00e3o ser\u00e3o estabelecidas pelo CONTRAN, em fun\u00e7\u00e3o de suas aplica\u00e7\u00f5es.<\/p>\n\n\n\n<p>&nbsp;&nbsp;&nbsp;&nbsp;&nbsp;Art. 98. Nenhum propriet\u00e1rio ou respons\u00e1vel poder\u00e1, sem pr\u00e9via autoriza\u00e7\u00e3o da autoridade competente, fazer ou ordenar que sejam feitas no ve\u00edculo modifica\u00e7\u00f5es de suas caracter\u00edsticas de f\u00e1brica.<\/p>\n\n\n\n<p><em>Par\u00e1grafo \u00fanico.&nbsp;<\/em>Os ve\u00edculos e motores novos ou usados que sofrerem altera\u00e7\u00f5es ou convers\u00f5es s\u00e3o obrigados a atender aos mesmos limites e exig\u00eancias de emiss\u00e3o de poluentes e ru\u00eddo previstos pelos \u00f3rg\u00e3os ambientais competentes e pelo CONTRAN, cabendo \u00e0 entidade executora das modifica\u00e7\u00f5es e ao propriet\u00e1rio do ve\u00edculo a responsabilidade pelo cumprimento das exig\u00eancias.<\/p>\n\n\n\n<p>&nbsp;&nbsp;&nbsp;&nbsp;&nbsp;Art. 99. Somente poder\u00e1 transitar pelas vias terrestres o ve\u00edculo cujo peso e dimens\u00f5es atenderem aos limites estabelecidos pelo CONTRAN.<\/p>\n\n\n\n<p>&nbsp;&nbsp;&nbsp;&nbsp;&nbsp;\u00a7 1\u00ba O excesso de peso ser\u00e1 aferido por equipamento de pesagem ou pela verifica\u00e7\u00e3o de documento fiscal, na forma estabelecida pelo CONTRAN.<\/p>\n\n\n\n<p>&nbsp;&nbsp;&nbsp;&nbsp;&nbsp;\u00a7 2\u00ba Ser\u00e1 tolerado um percentual sobre os limites de peso bruto total e peso bruto transmitido por eixo de ve\u00edculos \u00e0 superf\u00edcie das vias, quando aferido por equipamento, na forma estabelecida pelo CONTRAN.<\/p>\n\n\n\n<p>&nbsp;&nbsp;&nbsp;&nbsp;&nbsp;\u00a7 3\u00ba Os equipamentos fixos ou m\u00f3veis utilizados na pesagem de ve\u00edculos ser\u00e3o aferidos de acordo com a metodologia e na periodicidade estabelecidas pelo CONTRAN, ouvido o \u00f3rg\u00e3o ou entidade de metrologia legal.<\/p>\n\n\n\n<p>&nbsp;&nbsp;&nbsp;&nbsp;&nbsp;Art. 100. Nenhum ve\u00edculo ou combina\u00e7\u00e3o de ve\u00edculos poder\u00e1 transitar com lota\u00e7\u00e3o de passageiros, com peso bruto total, ou com peso bruto total combinado com peso por eixo superior ao fixado pelo fabricante, nem ultrapassar a capacidade m\u00e1xima de tra\u00e7\u00e3o da unidade tratora.<\/p>\n\n\n\n<p><em>Par\u00e1grafo \u00fanico.&nbsp;<\/em>O CONTRAN regulamentara o uso de pneus extralargos, definindo seus limites de peso.<\/p>\n\n\n\n<p>&nbsp;&nbsp;&nbsp;&nbsp;&nbsp;Art. 101. Ao ve\u00edculo ou combina\u00e7\u00e3o de ve\u00edculos utilizado no transporte de carga indivis\u00edvel, que n\u00e3o se enquadre nos limites de peso e dimens\u00f5es estabelecidos pelo CONTRAN, poder\u00e1 ser concedida, pela autoridade com circunscri\u00e7\u00e3o sobre a via, autoriza\u00e7\u00e3o especial de tr\u00e2nsito, com prazo certo, v\u00e1lida para cada viagem, atendidas as medidas de seguran\u00e7a consideradas necess\u00e1rias.<\/p>\n\n\n\n<p>&nbsp;&nbsp;&nbsp;&nbsp;&nbsp;\u00a7 1\u00ba A autoriza\u00e7\u00e3o ser\u00e1 concedida mediante requerimento que especificar\u00e1 as caracter\u00edsticas do ve\u00edculo ou combina\u00e7\u00e3o de ve\u00edculos e de carga, o percurso, a data e o hor\u00e1rio do deslocamento inicial.<\/p>\n\n\n\n<p>&nbsp;&nbsp;&nbsp;&nbsp;&nbsp;\u00a7 2\u00ba A autoriza\u00e7\u00e3o n\u00e3o exime o benefici\u00e1rio da responsabilidade por eventuais danos que o ve\u00edculo ou a combina\u00e7\u00e3o de ve\u00edculos causar \u00e0 via ou a terceiros.<\/p>\n\n\n\n<p>&nbsp;&nbsp;&nbsp;&nbsp;&nbsp;\u00a7 3\u00ba Aos guindastes autopropelidos ou sobre caminh\u00f5es poder\u00e1 ser concedida, pela autoridade com circunscri\u00e7\u00e3o sobre a via, autoriza\u00e7\u00e3o especial de tr\u00e2nsito, com prazo de seis meses, atendidas as medidas de seguran\u00e7a consideradas necess\u00e1rias.<\/p>\n\n\n\n<p>&nbsp;&nbsp;&nbsp;&nbsp;&nbsp;Art. 102. O ve\u00edculo de carga dever\u00e1 estar devidamente equipado quando transitar, de modo a evitar o derramamento da carga sobre a via.<\/p>\n\n\n\n<p><em>Par\u00e1grafo \u00fanico.&nbsp;<\/em>O CONTRAN fixar\u00e1 os requisitos m\u00ednimos e a forma de prote\u00e7\u00e3o das cargas de que trata este artigo, de acordo com a sua natureza.<\/p>\n\n\n\n<h4 class=\"wp-block-heading\">SE\u00c7\u00c3O II<br>Da Seguran\u00e7a dos Ve\u00edculos<br><\/h4>\n\n\n\n<p>&nbsp;&nbsp;&nbsp;&nbsp;&nbsp;Art. 103. O veiculo s\u00f3 poder\u00e1 transitar pela via quando atendidos os requisitos e condi\u00e7\u00f5es de seguran\u00e7a estabelecidos neste C\u00f3digo e em normas do CONTRAN.<\/p>\n\n\n\n<p>&nbsp;&nbsp;&nbsp;&nbsp;&nbsp;\u00a7 1\u00ba Os fabricantes, os importadores, os montadores e os encarro\u00e7adores de ve\u00edculos dever\u00e3o emitir certificado de seguran\u00e7a, indispens\u00e1vel ao cadastramento no RENAVAM, nas condi\u00e7\u00f5es estabelecidas pelo CONTRAN.<\/p>\n\n\n\n<p>&nbsp;&nbsp;&nbsp;&nbsp;&nbsp;\u00a7 2\u00ba O CONTRAN dever\u00e1 especificar os procedimentos e a periodicidade para que os fabricantes, os importadores, os montadores e os encarro\u00e7adores comprovem o atendimento aos requisitos de seguran\u00e7a veicular, devendo, para isso, manter dispon\u00edveis a qualquer tempo os resultados dos testes e ensaios dos sistemas e componentes abrangidos pela legisla\u00e7\u00e3o de seguran\u00e7a veicular.<\/p>\n\n\n\n<p>&nbsp;&nbsp;&nbsp;&nbsp;&nbsp;Art. 104. Os ve\u00edculos em circula\u00e7\u00e3o ter\u00e3o suas condi\u00e7\u00f5es de seguran\u00e7a, de controle de emiss\u00e3o de gases poluentes e de ru\u00eddo avaliadas mediante inspe\u00e7\u00e3o, que ser\u00e1 obrigat\u00f3ria, na forma e periodicidade estabelecidas pelo CONTRAN para os itens de seguran\u00e7a e pelo CONAMA para emiss\u00e3o de gases poluentes e ru\u00eddo.<\/p>\n\n\n\n<p>&nbsp;&nbsp;&nbsp;&nbsp;&nbsp;\u00a7 1\u00ba (VETADO)<\/p>\n\n\n\n<p>&nbsp;&nbsp;&nbsp;&nbsp;&nbsp;\u00a7 2\u00ba (VETADO)<\/p>\n\n\n\n<p>&nbsp;&nbsp;&nbsp;&nbsp;&nbsp;\u00a7 3\u00ba (VETADO)<\/p>\n\n\n\n<p>&nbsp;&nbsp;&nbsp;&nbsp;&nbsp;\u00a7 4\u00ba (VETADO)<\/p>\n\n\n\n<p>&nbsp;&nbsp;&nbsp;&nbsp;&nbsp;\u00a7 5\u00ba Ser\u00e1 aplicada a medida administrativa de reten\u00e7\u00e3o aos ve\u00edculos reprovados na inspe\u00e7\u00e3o de seguran\u00e7a e na de emiss\u00e3o de gases poluentes e ru\u00eddo.<\/p>\n\n\n\n<p>&nbsp;&nbsp;&nbsp;&nbsp;&nbsp;Art. 105. S\u00e3o equipamentos obrigat\u00f3rios dos ve\u00edculos, entre outros a serem estabelecidos pelo CONTRAN:<\/p>\n\n\n\n<p>&nbsp;&nbsp;&nbsp;&nbsp;&nbsp;I &#8211; cinto de seguran\u00e7a, conforme regulamenta\u00e7\u00e3o espec\u00edfica do CONTRAN, com exce\u00e7\u00e3o dos ve\u00edculos destinados ao transporte de passageiros em percursos em que seja permitido viajar em p\u00e9;<\/p>\n\n\n\n<p>&nbsp;&nbsp;&nbsp;&nbsp;&nbsp;II &#8211; para os ve\u00edculos de transporte e de condu\u00e7\u00e3o escolar, os de transporte de passageiros com mais de dez lugares e os de carga com peso bruto total superior a quatro mil, quinhentos e trinta e seis quilogramas, equipamento registrador instant\u00e2neo inalter\u00e1vel de velocidade e tempo;<\/p>\n\n\n\n<p>&nbsp;&nbsp;&nbsp;&nbsp;&nbsp;III &#8211; encosto de cabe\u00e7a, para todos os tipos de ve\u00edculos automotores, segundo normas estabelecidas pelo CONTRAN;<\/p>\n\n\n\n<p>&nbsp;&nbsp;&nbsp;&nbsp;&nbsp;IV &#8211; (VETADO)<\/p>\n\n\n\n<p>&nbsp;&nbsp;&nbsp;&nbsp;&nbsp;V &#8211; dispositivo destinado ao controle de emiss\u00e3o de gases poluentes e de ru\u00eddo, segundo normas estabelecidas pelo CONTRAN.<\/p>\n\n\n\n<p>&nbsp;&nbsp;&nbsp;&nbsp;&nbsp;VI &#8211; para as bicicletas, a campainha, sinaliza\u00e7\u00e3o noturna dianteira, traseira, lateral e nos pedais, e espelho retrovisor do lado esquerdo.<\/p>\n\n\n\n<p>&nbsp;&nbsp;&nbsp;&nbsp;&nbsp;\u00a7 1\u00ba O CONTRAN disciplinar\u00e1 o uso dos equipamentos obrigat\u00f3rios dos ve\u00edculos e determinar\u00e1 suas especifica\u00e7\u00f5es t\u00e9cnicas.<\/p>\n\n\n\n<p>&nbsp;&nbsp;&nbsp;&nbsp;&nbsp;\u00a7 2\u00ba Nenhum ve\u00edculo poder\u00e1 transitar com equipamento ou acess\u00f3rio proibido, sendo o infrator sujeito \u00e0s penalidades e medidas administrativas previstas neste C\u00f3digo.<\/p>\n\n\n\n<p>&nbsp;&nbsp;&nbsp;&nbsp;&nbsp;\u00a7 3\u00ba Os fabricantes, os importadores, os montadores, os encarro\u00e7adores de ve\u00edculos e os revendedores devem comercializar os seus ve\u00edculos com os equipamentos obrigat\u00f3rios definidos neste artigo, e com os demais estabelecidos pelo CONTRAN.<\/p>\n\n\n\n<p>&nbsp;&nbsp;&nbsp;&nbsp;&nbsp;\u00a7 4\u00ba O CONTRAN estabelecer\u00e1 o prazo para o atendimento do disposto neste artigo.<\/p>\n\n\n\n<p>&nbsp;&nbsp;&nbsp;&nbsp;&nbsp;Art. 106. No caso de fabrica\u00e7\u00e3o artesanal ou de modifica\u00e7\u00e3o de ve\u00edculo ou, ainda, quando ocorrer substitui\u00e7\u00e3o de equipamento de seguran\u00e7a especificado pelo fabricante, ser\u00e1 exigido, para licenciamento e registro, certificado de seguran\u00e7a expedido por institui\u00e7\u00e3o t\u00e9cnica credenciada por \u00f3rg\u00e3o ou entidade de metrologia legal, conforme norma elaborada pelo CONTRAN.<\/p>\n\n\n\n<p>&nbsp;&nbsp;&nbsp;&nbsp;&nbsp;Art. 107. Os ve\u00edculos de aluguel, destinados ao transporte individual ou coletivo de passageiros, dever\u00e3o satisfazer, al\u00e9m das exig\u00eancias previstas neste C\u00f3digo, \u00e0s condi\u00e7\u00f5es t\u00e9cnicas e aos requisitos de seguran\u00e7a, higiene e conforto estabelecidos pelo poder competente para autorizar, permitir ou conceder a explora\u00e7\u00e3o dessa atividade.<\/p>\n\n\n\n<p>&nbsp;&nbsp;&nbsp;&nbsp;&nbsp;Art. 108. Onde n\u00e3o houver linha regular de \u00f4nibus, a autoridade com circunscri\u00e7\u00e3o sobre a via poder\u00e1 autorizar, a t\u00edtulo prec\u00e1rio, o transporte de passageiros em ve\u00edculo de carga ou misto, desde que obedecidas as condi\u00e7\u00f5es de seguran\u00e7a estabelecidas neste C\u00f3digo e pelo CONTRAN.<\/p>\n\n\n\n<p>&nbsp;&nbsp;&nbsp;&nbsp;&nbsp;Art. 109. O transporte de carga em ve\u00edculos destinados ao transporte de passageiros s\u00f3 pode ser realizado de acordo com as normas estabelecidas pelo CONTRAN.<\/p>\n\n\n\n<p>&nbsp;&nbsp;&nbsp;&nbsp;&nbsp;Art. 110. O ve\u00edculo que tiver alterada qualquer de suas caracter\u00edsticas para competi\u00e7\u00e3o ou Finalidade an\u00e1loga s\u00f3 poder\u00e1 circular nas vias p\u00fablicas com licen\u00e7a especial da autoridade de tr\u00e2nsito, em itiner\u00e1rio e hor\u00e1rio fixados.<\/p>\n\n\n\n<p>&nbsp;&nbsp;&nbsp;&nbsp;&nbsp;Art. 111. \u00c9 vedado, nas \u00e1reas envidra\u00e7adas do ve\u00edculo:<\/p>\n\n\n\n<p>&nbsp;&nbsp;&nbsp;&nbsp;&nbsp;I &#8211; (VETADO)<\/p>\n\n\n\n<p>&nbsp;&nbsp;&nbsp;&nbsp;&nbsp;II &#8211; o uso de cortinas, persianas fechadas ou similares nos ve\u00edculos em movimento, salvo nos que possuam espelhos retrovisores em ambos os lados.<\/p>\n\n\n\n<p><em>Par\u00e1grafo \u00fanico.&nbsp;<\/em>\u00c9 proibido o uso de inscri\u00e7\u00e3o de car\u00e1ter publicit\u00e1rio ou qualquer outra que possa desviar a aten\u00e7\u00e3o dos condutores em toda a extens\u00e3o do p\u00e1ra-brisa e da traseira dos ve\u00edculos, salvo se n\u00e3o colocar em risco a seguran\u00e7a do transito.<\/p>\n\n\n\n<p>&nbsp;&nbsp;&nbsp;&nbsp;&nbsp;Art. 112. O CONTRAN regulamentar\u00e1 os materiais e equipamentos que devam fazer parte do conjunto de primeiros socorros, de porte obrigat\u00f3rio para os ve\u00edculos.<\/p>\n\n\n\n<p>&nbsp;&nbsp;&nbsp;&nbsp;&nbsp;Art. 113. Os importadores, as montadoras, as encarro\u00e7adoras e fabricantes de ve\u00edculos e autope\u00e7as s\u00e3o respons\u00e1veis civil e criminalmente por danos causados aos usu\u00e1rios, a terceiros, e ao meio ambiente, decorrentes de falhas oriundas de projetos e da qualidade dos materiais e equipamentos utilizados na sua fabrica\u00e7\u00e3o.<\/p>\n\n\n\n<h4 class=\"wp-block-heading\">SE\u00c7\u00c3O III<br>Da Identifica\u00e7\u00e3o do Ve\u00edculo<br><\/h4>\n\n\n\n<p>&nbsp;&nbsp;&nbsp;&nbsp;&nbsp;Art. 114. O ve\u00edculo ser\u00e1 identificado obrigatoriamente por caracteres gravados no chassi ou no monobloco, reproduzidos em outras partes, conforme dispuser o CONTRAN.<br><br>&nbsp;&nbsp;&nbsp;&nbsp;&nbsp;\u00a7 1\u00ba A grava\u00e7\u00e3o ser\u00e1 realizada pelo fabricante ou montador, de modo a identificar o ve\u00edculo, seu fabricante e as suas caracter\u00edsticas, al\u00e9m do ano de fabrica\u00e7\u00e3o, que n\u00e3o poder\u00e1 ser alterado.<br><br>&nbsp;&nbsp;&nbsp;&nbsp;&nbsp;\u00a7 2\u00ba As regrava\u00e7\u00f5es, quando necess\u00e1rias, depender\u00e3o de pr\u00e9via autoriza\u00e7\u00e3o da autoridade executiva de tr\u00e2nsito e somente ser\u00e3o processadas por estabelecimento por ela credenciado, mediante a comprova\u00e7\u00e3o de propriedade do ve\u00edculo, mantida a mesma identifica\u00e7\u00e3o anterior, inclusive o ano de fabrica\u00e7\u00e3o.<br><br>&nbsp;&nbsp;&nbsp;&nbsp;&nbsp;\u00a7 3\u00ba Nenhum propriet\u00e1rio poder\u00e1, sem pr\u00e9via permiss\u00e3o da autoridade executiva de tr\u00e2nsito, fazer, ou ordenar que fa\u00e7a, modifica\u00e7\u00f5es da identifica\u00e7\u00e3o de seu ve\u00edculo.<br><br>&nbsp;&nbsp;&nbsp;&nbsp;&nbsp;Art. 115. O ve\u00edculo ser\u00e1 identificado externamente por meio de placas dianteira e traseira, sendo esta lacrada em sua estrutura, obedecidas as especifica\u00e7\u00f5es e modelos estabelecidos pelo CONTRAN.<br><br>&nbsp;&nbsp;&nbsp;&nbsp;&nbsp;\u00a7 1\u00ba Os caracteres das placas ser\u00e3o individualizados para cada ve\u00edculo e o acompanhar\u00e3o at\u00e9 a baixa do registro, sendo vedado seu reaproveitamento.<br><br>&nbsp;&nbsp;&nbsp;&nbsp;&nbsp;\u00a7 2\u00ba As placas com as cores verde e amarela da Bandeira Nacional ser\u00e3o usadas somente pelos ve\u00edculos de representa\u00e7\u00e3o pessoal do Presidente e do Vice-Presidente da Rep\u00fablica, dos Presidentes do Senado Federal e da C\u00e2mara dos deputados, do Presidente e dos Ministros do Supremo Tribunal Federal, dos Ministros de Estado, do Advogado-Geral da Uni\u00e3o e do Procurador-Geral da Rep\u00fablica.<br><br>&nbsp;&nbsp;&nbsp;&nbsp;&nbsp;\u00a7 3\u00ba Os ve\u00edculos de representa\u00e7\u00f5es dos Presidentes dos Tribunais Federais, dos Governadores, Prefeitos, Secret\u00e1rios Estaduais e Municipais, dos Presidentes das Assembl\u00e9ias Legislativas, das C\u00e2maras Municipais, dos Presidentes dos Tribunais Estaduais e do Distrito Federal, e do respectivo chefe do Minist\u00e9rio P\u00fablico e ainda dos Oficiais Generais das For\u00e7as Armadas ter\u00e3o placas especiais, de acordo com os modelos estabelecidos pelo CONTRAN.<br><br>&nbsp;&nbsp;&nbsp;&nbsp;&nbsp;\u00a7 4\u00ba Os aparelhos automotores destinados a puxar ou arrastar maquinaria de qualquer natureza ou a executar trabalhos agr\u00edcolas e de constru\u00e7\u00e3o ou de pavimenta\u00e7\u00e3o s\u00e3o sujeitos, desde que lhes seja facultado transitar nas vias, registro e licenciamento da reparti\u00e7\u00e3o competente, devendo receber numera\u00e7\u00e3o especial.<br><br>&nbsp;&nbsp;&nbsp;&nbsp;&nbsp;\u00a7 5\u00ba O disposto neste artigo n\u00e3o se aplica aos ve\u00edculos de uso b\u00e9lico.<br><br>&nbsp;&nbsp;&nbsp;&nbsp;&nbsp;\u00a7 6\u00ba Os ve\u00edculos de duas ou tr\u00eas rodas s\u00e3o dispensados da placa dianteira.<br><br>&nbsp;&nbsp;&nbsp;&nbsp;&nbsp;Art. 116. Os ve\u00edculos de propriedade da Uni\u00e3o, dos Estados e do Distrito Federal, devidamente registrados e licenciados, somente quando estritamente usados em servi\u00e7o reservado de car\u00e1ter policial, poder\u00e3o usar placas particulares, obedecidos os crit\u00e9rios e limites estabelecidos pela legisla\u00e7\u00e3o que regulamenta o uso de ve\u00edculo oficial.<br><br>&nbsp;&nbsp;&nbsp;&nbsp;&nbsp;Art. 117. Os ve\u00edculos de transporte de carga e os coletivos de passageiros dever\u00e3o conter, em local facilmente vis\u00edvel, a inscri\u00e7\u00e3o indicativo de sua tara, do peso bruto total (PBT), do peso bruto total combinado (PBTC) ou capacidade m\u00e1xima de tra\u00e7\u00e3o (CMT) e de sua lota\u00e7\u00e3o, vedado o uso em desacordo com sua classifica\u00e7\u00e3o.<\/p>\n\n\n\n<p>CAP\u00cdTULO X<br>DOS VE\u00cdCULOS EM CIRCULA\u00c7\u00c3O INTERNACIONAL<\/p>\n\n\n\n<p><br>&nbsp;&nbsp;&nbsp;&nbsp;&nbsp;Art. 118. A circula\u00e7\u00e3o de ve\u00edculo no territ\u00f3rio nacional, independentemente de sua origem, em tr\u00e2nsito entre o Brasil e os pa\u00edses com os quais exista acordo ou tratado internacional, reger-se-\u00e1 pelas disposi\u00e7\u00f5es deste C\u00f3digo, pelas conven\u00e7\u00f5es e acordos internacionais ratificados.<br><br>&nbsp;&nbsp;&nbsp;&nbsp;&nbsp;Art. 119. As reparti\u00e7\u00f5es aduaneiras e os \u00f3rg\u00e3os de controle de fronteira comunicar\u00e3o diretamente ao RENAVAM a entrada e sa\u00edda tempor\u00e1ria ou definitiva de ve\u00edculos.<br><br>&nbsp;&nbsp;&nbsp;&nbsp;&nbsp;<em>Par\u00e1grafo \u00fanico.&nbsp;<\/em>os ve\u00edculos licenciados no exterior n\u00e3o poder\u00e3o sair do territ\u00f3rio nacional sem pr\u00e9via quita\u00e7\u00e3o de d\u00e9bitos de multa por infra\u00e7\u00f5es de tr\u00e2nsito e o ressarcimento de danos que tiverem causado a bens do patrim\u00f4nio p\u00fablico, respeitado o princ\u00edpio da reciprocidade.<\/p>\n\n\n\n<p><br><br>CAP\u00cdTULO XI<br>DO REGISTRO DE VE\u00cdCULOS<\/p>\n\n\n\n<p>&nbsp;&nbsp;&nbsp;&nbsp;&nbsp;Art. 120. Todo ve\u00edculo automotor, el\u00e9trico, articulado, reboque ou semi-reboque, deve ser registrado perante o \u00f3rg\u00e3o executivo de tr\u00e2nsito do Estado ou do Distrito Federal, no Munic\u00edpio de domic\u00edlio ou resid\u00eancia de seu propriet\u00e1rio, na forma da lei.<br><br>&nbsp;&nbsp;&nbsp;&nbsp;&nbsp;\u00a7 1\u00ba Os \u00f3rg\u00e3os executivos de tr\u00e2nsito dos Estados e do Distrito Federal somente registrar\u00e3o, ve\u00edculos oficiais de propriedade da administra\u00e7\u00e3o direta, da Uni\u00e3o, dos Estados, do Distrito Federal e dos Munic\u00edpios, de qualquer um dos poderes, com indica\u00e7\u00e3o expressa, por pintura nas portas, do nome, sigla ou logotipo do \u00f3rg\u00e3o ou entidade em cujo nome o veiculo ser\u00e1 registrado, excetuando-se os ve\u00edculos de representa\u00e7\u00e3o e os previstos no art. 116.<br><br>&nbsp;&nbsp;&nbsp;&nbsp;&nbsp;\u00a7 2\u00ba O disposto neste artigo n\u00e3o se aplica ao veiculo de uso b\u00e9lico.<br><br>&nbsp;&nbsp;&nbsp;&nbsp;&nbsp;Art. 121. Registrado o ve\u00edculo, expedir-se-\u00e1 o Certificado de Registro de Ve\u00edculo &#8211; CRV de acordo com os modelos e especifica\u00e7\u00f5es estabelecidos pelo CONTRAN, contendo as caracter\u00edsticas e condi\u00e7\u00f5es de invulnerabilidade \u00e0 falsifica\u00e7\u00e3o e \u00e0 adultera\u00e7\u00e3o.<br><br>&nbsp;&nbsp;&nbsp;&nbsp;&nbsp;Art. 122. Para a expedi\u00e7\u00e3o do Certificado de Registro de Ve\u00edculo o \u00f3rg\u00e3o executivo de tr\u00e2nsito consultar\u00e1 o cadastro do RENAVAM e exigir\u00e1 do propriet\u00e1rio os seguintes documentos:<br><br>&nbsp;&nbsp;&nbsp;&nbsp;&nbsp;I &#8211; nota fiscal fornecida pelo fabricante ou revendedor, ou documento equivalente expedido por autoridade competente;<br><br>&nbsp;&nbsp;&nbsp;&nbsp;&nbsp;II &#8211; documento fornecido pelo Minist\u00e9rio das Rela\u00e7\u00f5es Exteriores, quando se tratar de ve\u00edculo importado por membro de miss\u00f5es diplom\u00e1ticas, de reparti\u00e7\u00f5es consulares de carreira, de representa\u00e7\u00f5es de organismos internacionais e de seus integrantes.<br><br>&nbsp;&nbsp;&nbsp;&nbsp;&nbsp;Art. 123. Ser\u00e1 obrigat\u00f3ria a expedi\u00e7\u00e3o de novo Certificado de Registro de Ve\u00edculo quando:<br><br>&nbsp;&nbsp;&nbsp;&nbsp;&nbsp;I &#8211; for transferida a propriedade;<br><br>&nbsp;&nbsp;&nbsp;&nbsp;&nbsp;II &#8211; o propriet\u00e1rio mudar o Munic\u00edpio de domic\u00edlio ou resid\u00eancia;<br><br>&nbsp;&nbsp;&nbsp;&nbsp;&nbsp;III &#8211; for alterada qualquer caracter\u00edstica do ve\u00edculo;<br><br>&nbsp;&nbsp;&nbsp;&nbsp;&nbsp;IV &#8211; houver mudan\u00e7a de categoria.<br><br>&nbsp;&nbsp;&nbsp;&nbsp;&nbsp;\u00a7 1\u00ba No caso de transfer\u00eancia de propriedade, o prazo para o propriet\u00e1rio adotar as provid\u00eancias necess\u00e1rias \u00e0 efetiva\u00e7\u00e3o da expedi\u00e7\u00e3o do novo Certificado de Registro de Ve\u00edculo \u00e9 de trinta dias, sendo que nos demais casos as provid\u00eancias dever\u00e3o ser imediatas.<br><br>&nbsp;&nbsp;&nbsp;&nbsp;&nbsp;\u00a7 2\u00ba No caso de transfer\u00eancia de domic\u00edlio ou resid\u00eancia no mesmo Munic\u00edpio, o propriet\u00e1rio comunicar\u00e1 o novo endere\u00e7o num prazo de trinta dias e aguardar\u00e1 o novo licenciamento para alterar o Certificado de Licenciamento Anual.<br><br>&nbsp;&nbsp;&nbsp;&nbsp;&nbsp;\u00a7 3\u00ba A expedi\u00e7\u00e3o do novo certificado ser\u00e1 comunicada ao \u00f3rg\u00e3o executivo de tr\u00e2nsito que expediu o anterior e ao RENAVAM.<br><br>&nbsp;&nbsp;&nbsp;&nbsp;&nbsp;Art. 124. Para a expedi\u00e7\u00e3o do novo certificado de Registro de Ve\u00edculo ser\u00e3o exigidos os seguintes documentos:<br><br>&nbsp;&nbsp;&nbsp;&nbsp;&nbsp;I &#8211; Certificado de Registro de Ve\u00edculo anterior;<br><br>&nbsp;&nbsp;&nbsp;&nbsp;&nbsp;II &#8211; Certificado de Licenciamento Anual;<br><br>&nbsp;&nbsp;&nbsp;&nbsp;&nbsp;III &#8211; comprovante de transfer\u00eancia de propriedade, quando for o caso, conforme modelo e normas estabelecidos pelo CONTRAN;<br><br>&nbsp;&nbsp;&nbsp;&nbsp;&nbsp;IV &#8211; Certificado de Seguran\u00e7a Veicular e de emiss\u00e3o de poluentes e ru\u00eddo, quando houver adapta\u00e7\u00e3o ou altera\u00e7\u00e3o de caracter\u00edsticas do ve\u00edculo;<br><br>&nbsp;&nbsp;&nbsp;&nbsp;&nbsp;V &#8211; comprovante de proced\u00eancia e justificativa da propriedade dos componentes e agregados adaptados ou montados no ve\u00edculo, quando houver altera\u00e7\u00e3o das caracter\u00edsticas originais de f\u00e1brica;<br><br>&nbsp;&nbsp;&nbsp;&nbsp;&nbsp;VI &#8211; autoriza\u00e7\u00e3o do Minist\u00e9rio das Rela\u00e7\u00f5es Exteriores, no caso de ve\u00edculo da categoria de miss\u00f5es diplom\u00e1ticas, de reparti\u00e7\u00f5es consulares de carreira, de representa\u00e7\u00f5es de organismos internacionais e de seus integrantes;<br><br>&nbsp;&nbsp;&nbsp;&nbsp;&nbsp;VII &#8211; certid\u00e3o negativa de roubo ou furto de ve\u00edculo, expedida no Munic\u00edpio do registro anterior, que poder\u00e1 ser substitu\u00edda por informa\u00e7\u00e3o do RENAVAM;<br><br>&nbsp;&nbsp;&nbsp;&nbsp;&nbsp;VIII &#8211; comprovante de quita\u00e7\u00e3o de d\u00e9bitos relativos a tributos, encargos e multas de tr\u00e2nsito vinculados ao ve\u00edculo, independentemente da responsabilidade pelas infra\u00e7\u00f5es cometidas;<br><br>&nbsp;&nbsp;&nbsp;&nbsp;&nbsp;IX &#8211; Registro Nacional de Transportadores Rodovi\u00e1rios, no caso de ve\u00edculos de carga;<br><br>&nbsp;&nbsp;&nbsp;&nbsp;&nbsp;X &#8211; comprovante relativo ao cumprimento do disposto no art. 98, quando houver altera\u00e7\u00e3o nas caracter\u00edsticas originais do ve\u00edculo que afetem a emiss\u00e3o de poluentes e ru\u00eddo;<br><br>&nbsp;&nbsp;&nbsp;&nbsp;&nbsp;XI &#8211; comprovante de aprova\u00e7\u00e3o de inspe\u00e7\u00e3o veicular e de poluentes e ru\u00eddo, quando for o caso, conforme regulamenta\u00e7\u00f5es do CONTRAN e do CONAMA.<br><br>&nbsp;&nbsp;&nbsp;&nbsp;&nbsp;Art. 125. As informa\u00e7\u00f5es sobre o chassi, o monobloco, os agregados e as caracter\u00edsticas originais do ve\u00edculo dever\u00e3o ser prestadas ao RENAVAM:<br><br>&nbsp;&nbsp;&nbsp;&nbsp;&nbsp;I &#8211; pelo fabricante ou montadora, antes da comercializa\u00e7\u00e3o, no e de ve\u00edculo nacional;<br><br>&nbsp;&nbsp;&nbsp;&nbsp;&nbsp;II &#8211; pelo \u00f3rg\u00e3o alfandeg\u00e1rio, no caso de ve\u00edculo importado por pessoa f\u00edsica;<br><br>&nbsp;&nbsp;&nbsp;&nbsp;&nbsp;III &#8211; pelo importador, no caso de ve\u00edculo importado por pessoa jur\u00eddica.<br><br>&nbsp;&nbsp;&nbsp;&nbsp;&nbsp;<em>Par\u00e1grafo \u00fanico.&nbsp;<\/em>As informa\u00e7\u00f5es recebidas pelo RENAVAM ser\u00e3o repassadas ao \u00f3rg\u00e3o executivo de tr\u00e2nsito respons\u00e1vel pela registro, devendo este comunicar no RENAVAM, t\u00e3o logo seja o ve\u00edculo registrado.<br><br>&nbsp;&nbsp;&nbsp;&nbsp;&nbsp;Art. 126. O propriet\u00e1rio de veiculo irrecuper\u00e1vel, ou definitivamente desmontado, dever\u00e1 requerer a baixa do registro, no prazo e forma estabelecidos pelo CONTRAN, sendo vedada a remontagem do veiculo sobre o mesmo chassi, de forma a manter o registro anterior.<br><br>&nbsp;&nbsp;&nbsp;&nbsp;&nbsp;<em>Par\u00e1grafo \u00fanico.&nbsp;<\/em>A obriga\u00e7\u00e3o de que trata este artigo e da companhia seguradora ou do adquirente do ve\u00edculo destinado \u00e0 desmontagem, quando estes sucederem ao propriet\u00e1rio.<br><br>&nbsp;&nbsp;&nbsp;&nbsp;&nbsp;Art. 127. O \u00f3rg\u00e3o executivo de tr\u00e2nsito competente s\u00f3 efetuar\u00e1 a baixa do registro ap\u00f3s pr\u00e9via consulta ao cadastro do RENAVAM.<br><br>&nbsp;&nbsp;&nbsp;&nbsp;&nbsp;<em>Par\u00e1grafo \u00fanico.&nbsp;<\/em>Efetuada a baixa do registro dever\u00e1 ser esta comunicada, de, imediato, ao RENAVAM.<br><br>&nbsp;&nbsp;&nbsp;&nbsp;&nbsp;Art. 128. N\u00e3o ser\u00e1 expedido novo Certificado de Registro de Veiculo enquanto houver d\u00e9bitos fiscais e de multas de tr\u00e2nsito e ambientais, vinculadas ao veiculo, independentemente da responsabilidade pelas infra\u00e7\u00f5es cometidas.<br><br>&nbsp;&nbsp;&nbsp;&nbsp;&nbsp;Art. 129. O registro e o licenciamento dos ve\u00edculos de propuls\u00e3o humana, dos ciclomotores e dos ve\u00edculos de tra\u00e7\u00e3o animal obedecer\u00e3o \u00e0 regulamenta\u00e7\u00e3o estabelecida em legisla\u00e7\u00e3o municipal do domic\u00edlio ou resid\u00eancia de seus propriet\u00e1rios.<\/p>\n\n\n\n<p>CAP\u00cdTULO XII<br>DO LICENCIAMENTO<\/p>\n\n\n\n<p><br>&nbsp;&nbsp;&nbsp;&nbsp;&nbsp;Art. 130. Todo ve\u00edculo automotor, el\u00e9trico, articulado, reboque ou semi-reboque, para transitar na via, dever\u00e1 ser licenciado anualmente pelo \u00f3rg\u00e3o executivo de tr\u00e2nsito do Estado, ou do Distrito Federal, onde estiver registrado o ve\u00edculo.<br><br>&nbsp;&nbsp;&nbsp;&nbsp;&nbsp;\u00a7 1\u00ba O disposto neste artigo n\u00e3o se aplica a ve\u00edculo de uso b\u00e9lico.<br><br>&nbsp;&nbsp;&nbsp;&nbsp;&nbsp;\u00a7 2\u00ba No caso de transfer\u00eancia de resid\u00eancia ou a domic\u00edlio, \u00e9 v\u00e1lido, durante o exerc\u00edcio, o licenciamento de origem.<br><br>&nbsp;&nbsp;&nbsp;&nbsp;&nbsp;Art. 131. O Certificado de Licenciamento Anual ser\u00e1 expedido no ve\u00edculo licenciado, vinculado ao Certificado de Registro, no modelo e especifica\u00e7\u00f5es estabelecidos pelo CONTRAN.<br><br>&nbsp;&nbsp;&nbsp;&nbsp;&nbsp;\u00a7 1\u00ba O primeiro licenciamento ser\u00e1 feito simultaneamente ao registro.<br><br>&nbsp;&nbsp;&nbsp;&nbsp;&nbsp;\u00a7 2\u00ba O ve\u00edculo somente ser\u00e1 considerado licenciado estando quitados os d\u00e9bitos relativos a tributos, encargos e multas de tr\u00e2nsito e ambientais, vinculados ao ve\u00edculo, independentemente da responsabilidade pelas infra\u00e7\u00f5es cometidas.<br><br>&nbsp;&nbsp;&nbsp;&nbsp;&nbsp;\u00a7 3\u00ba Ao licenciar o ve\u00edculo, o propriet\u00e1rio dever\u00e1 comprovar sua aprova\u00e7\u00e3o nas inspe\u00e7\u00f5es de seguran\u00e7a veicular e de controle de emiss\u00f5es de gases poluentes e de ru\u00eddo, conforme disposto no art. 104.<br><br>&nbsp;&nbsp;&nbsp;&nbsp;&nbsp;Art. 132. Os ve\u00edculos novos n\u00e3o est\u00e3o sujeitos ao licenciamento e ter\u00e3o sua circula\u00e7\u00e3o regulada pelo CONTRAN durante o trajeto entre a f\u00e1brica e o Munic\u00edpio de destino.<br><br>&nbsp;&nbsp;&nbsp;&nbsp;&nbsp;<em>Par\u00e1grafo \u00fanico.&nbsp;<\/em>O disposto neste artigo aplica-se, igualmente, aos ve\u00edculos importados, durante o trajeto entre a alf\u00e2ndega ou entreposto alfandeg\u00e1rio e o Munic\u00edpio de destino.<br><br>&nbsp;&nbsp;&nbsp;&nbsp;&nbsp;Art. 133. \u00c9 obrigat\u00f3rio o porte do Certificado de Licenciamento Anual.<br><br>&nbsp;&nbsp;&nbsp;&nbsp;&nbsp;Art. 134. No caso de transfer\u00eancia de propriedade, o propriet\u00e1rio antigo dever\u00e1 encaminhar ao \u00f3rg\u00e3o executivo de tr\u00e2nsito do Estado dentro de um prazo de trinta dias, c\u00f3pia autenticada do comprovante de transfer\u00eancia de propriedade, devidamente assinado e datado, sob pena de ter que se responsabilizar solidariamente pelas penalidades impostas e suas reincid\u00eancias at\u00e9 a data da comunica\u00e7\u00e3o.<br><br>&nbsp;&nbsp;&nbsp;&nbsp;&nbsp;Art. 135. Os ve\u00edculos de aluguel, destinados ao transporte individual ou coletivo de passageiros de linhas regulares ou empregados em qualquer servi\u00e7o remunerado, para registro, licenciamento e respectivo emplacamento de caracter\u00edstica comercial, dever\u00e3o estar devidamente autorizados pelo poder p\u00fablico concedente.<\/p>\n\n\n\n<p>CAP\u00cdTULO XIII<br>DA CONDU\u00c7\u00c3O DE ESCOLARES<br><\/p>\n\n\n\n<p>&nbsp;&nbsp;&nbsp;&nbsp;&nbsp;Art. 136. Os ve\u00edculos especialmente destinados \u00e0 condu\u00e7\u00e3o coletiva de escolares somente poder\u00e3o circular nas vias com autoriza\u00e7\u00e3o emitida pelo \u00f3rg\u00e3o ou entidade executivos de tr\u00e2nsito dos Estados e do Distrito Federal, exigindo-se, para tanto:<br><br>&nbsp;&nbsp;&nbsp;&nbsp;&nbsp;I &#8211; registro como ve\u00edculo de passageiros;<br><br>&nbsp;&nbsp;&nbsp;&nbsp;&nbsp;II &#8211; inspe\u00e7\u00e3o semestral para verifica\u00e7\u00e3o dos equipamentos obrigat\u00f3rios e de seguran\u00e7a;<br><br>&nbsp;&nbsp;&nbsp;&nbsp;&nbsp;III &#8211; pintura de faixa horizontal na cor amarela, com quarenta cent\u00edmetros de largura, \u00e0 meia altura, em toda a extens\u00e3o das partes laterais e traseira da carro\u00e7aria, com o d\u00edstico ESCOLAR, em preto, sendo que, em caso de ve\u00edculo de carro\u00e7aria pintada na cor amarela, as cores aqui indicadas devem ser invertidas;<br><br>&nbsp;&nbsp;&nbsp;&nbsp;&nbsp;IV &#8211; equipamento registrador instant\u00e2neo inalter\u00e1vel de velocidade e tempo;<br><br>&nbsp;&nbsp;&nbsp;&nbsp;&nbsp;V &#8211; lanternas de luz branca, fosca ou amarela dispostas nas extremidades da parte superior dianteira e lanternas de luz vermelha dispostas na extremidade superior da parte traseira;<br><br>&nbsp;&nbsp;&nbsp;&nbsp;&nbsp;VI &#8211; cintos de seguran\u00e7a em n\u00famero igual \u00e0 lota\u00e7\u00e3o;<br><br>&nbsp;&nbsp;&nbsp;&nbsp;&nbsp;VII &#8211; outros requisitos e equipamentos obrigat\u00f3rios estabelecidos pelo CONTRAN.<br><br>&nbsp;&nbsp;&nbsp;&nbsp;&nbsp;Art. 137. A autoriza\u00e7\u00e3o a que se refere o artigo anterior dever\u00e1 ser afixada na parte interna do ve\u00edculo, em local vis\u00edvel, com inscri\u00e7\u00e3o da lota\u00e7\u00e3o permitida, sendo vedada a condu\u00e7\u00e3o de escolares em n\u00famero superior \u00e0 capacidade estabelecida pelo fabricante.<br><br>&nbsp;&nbsp;&nbsp;&nbsp;&nbsp;Art. 138. O condutor de ve\u00edculo destinado \u00e0 condu\u00e7\u00e3o de escolares deve satisfazer os seguintes requisitos:<br><br>&nbsp;&nbsp;&nbsp;&nbsp;&nbsp;I &#8211; ter idade superior a vinte e um anos;<br><br>&nbsp;&nbsp;&nbsp;&nbsp;&nbsp;II &#8211; ser habilitado na categoria D;<br><br>&nbsp;&nbsp;&nbsp;&nbsp;&nbsp;III &#8211; (VETADO)<br><br>&nbsp;&nbsp;&nbsp;&nbsp;&nbsp;IV &#8211; n\u00e3o ter cometido nenhuma infra\u00e7\u00e3o grave ou grav\u00edssima, ou ser reincidente em infra\u00e7\u00f5es m\u00e9dias durante os doze \u00faltimos meses;<br><br>&nbsp;&nbsp;&nbsp;&nbsp;&nbsp;V &#8211; ser aprovado em curso especializado, nos termos da regulamenta\u00e7\u00e3o do CONTRAN.<br><br>&nbsp;&nbsp;&nbsp;&nbsp;&nbsp;Art. 139. O disposto neste Cap\u00edtulo n\u00e3o exclui a compet\u00eancia municipal de aplicar as exig\u00eancias previstas em seus regulamentos, para o transporte de escolares.<\/p>\n\n\n\n<p>CAP\u00cdTULO XIV<br>DA HABILITA\u00c7\u00c3O<\/p>\n\n\n\n<p><br>&nbsp;&nbsp;&nbsp;&nbsp;&nbsp;Art. 140. A habilita\u00e7\u00e3o para conduzir ve\u00edculo automotor e el\u00e9trico ser\u00e1 apurada por meio de exames que dever\u00e3o ser realizados junto ao \u00f3rg\u00e3o ou entidade executivos do Estado ou do Distrito Federal, do domic\u00edlio ou resid\u00eancia do candidato, ou na sede estadual ou distrital do pr\u00f3prio \u00f3rg\u00e3o, devendo o condutor preencher os seguintes requisitos:<br><br>&nbsp;&nbsp;&nbsp;&nbsp;&nbsp;I &#8211; ser penalmente imput\u00e1vel;<br><br>&nbsp;&nbsp;&nbsp;&nbsp;&nbsp;II &#8211; saber ler e escrever;<br><br>&nbsp;&nbsp;&nbsp;&nbsp;&nbsp;III &#8211; possuir Carteira de Identidade ou equivalente.<br><br>&nbsp;&nbsp;&nbsp;&nbsp;&nbsp;<em>Par\u00e1grafo \u00fanico.&nbsp;<\/em>As informa\u00e7\u00f5es do candidato \u00e0 habilita\u00e7\u00e3o ser\u00e3o cadastradas no RENACH.<br><br>&nbsp;&nbsp;&nbsp;&nbsp;&nbsp;Art. 141. O processo de habilita\u00e7\u00e3o, as normas relativas \u00e0 aprendizagem para conduzir ve\u00edculos automotores e el\u00e9tricos e \u00e0 autoriza\u00e7\u00e3o para conduzir ciclomotores ser\u00e3o regulamentados pelo CONTRAN.<br><br>&nbsp;&nbsp;&nbsp;&nbsp;&nbsp;\u00a7 1\u00ba A autoriza\u00e7\u00e3o para conduzir ve\u00edculos de propuls\u00e3o humana e de tra\u00e7\u00e3o animal ficar\u00e1 a cargo dos Munic\u00edpios.<br><br>&nbsp;&nbsp;&nbsp;&nbsp;&nbsp;\u00a7 2\u00ba (VETADO)<br><br>&nbsp;&nbsp;&nbsp;&nbsp;&nbsp;Art. 142. O reconhecimento de habilita\u00e7\u00e3o obtida em outro pa\u00eds est\u00e1 subordinado \u00e0s condi\u00e7\u00f5es estabelecidas em conven\u00e7\u00f5es e acordos internacionais e \u00e0s normas do CONTRAN.<br><br>&nbsp;&nbsp;&nbsp;&nbsp;&nbsp;Art. 143. Os candidatos poder\u00e3o habilitar-se nas categorias de A a E, obedecida a seguinte grada\u00e7\u00e3o:<br><br>&nbsp;&nbsp;&nbsp;&nbsp;&nbsp;I &#8211; Categoria A &#8211; condutor de ve\u00edculo motorizado de duas ou tr\u00eas rodas, com ou sem carro lateral;<br><br>&nbsp;&nbsp;&nbsp;&nbsp;&nbsp;II &#8211; Categoria B &#8211; condutor de ve\u00edculo motorizado, n\u00e3o abrangido pela categoria A, cujo peso bruto total n\u00e3o exceda a tr\u00eas mil e quinhentos quilogramas e cuja lota\u00e7\u00e3o n\u00e3o exceda a oito lugares, exclu\u00eddo o do motorista;<br><br>&nbsp;&nbsp;&nbsp;&nbsp;&nbsp;III &#8211; Categoria C &#8211; condutor de ve\u00edculo motorizado utilizado em transporte de carga, cujo peso bruto total exceda a tr\u00eas mil e quinhentos quilogramas;<br><br>&nbsp;&nbsp;&nbsp;&nbsp;&nbsp;IV &#8211; Categoria D &#8211; condutor de ve\u00edculo motorizado utilizado no transporte de passageiros, cuja lota\u00e7\u00e3o exceda a oito lugares, exclu\u00eddo o do motorista;<br><br>&nbsp;&nbsp;&nbsp;&nbsp;&nbsp;V &#8211; Categoria E &#8211; condutor de combina\u00e7\u00e3o de ve\u00edculos em que a unidade tratora se enquadre nas Categorias B, C ou D e cuja unidade acoplada, reboque, semi-reboque ou articulada, tenha seis mil quilogramas ou mais de peso bruto total, ou cuja lota\u00e7\u00e3o exceda a oito lugares, ou, ainda, seja enquadrado na categoria trailer.<br><br>&nbsp;&nbsp;&nbsp;&nbsp;&nbsp;\u00a7 1\u00ba Para habilitar-se na categoria C, o condutor dever\u00e1 estar habilitado no m\u00ednimo h\u00e1 um ano na categoria B e n\u00e3o ter cometido nenhuma infra\u00e7\u00e3o grave ou grav\u00edssima, ou ser reincidente em infra\u00e7\u00f5es m\u00e9dias, durante os \u00faltimos doze meses.<br><br>&nbsp;&nbsp;&nbsp;&nbsp;&nbsp;\u00a7 2\u00ba Aplica-se o disposto no inciso V ao condutor da combina\u00e7\u00e3o de ve\u00edculos com mais de uma unidade tracionada, independentemente da capacidade de tra\u00e7\u00e3o ou do peso bruto total.<br><br>&nbsp;&nbsp;&nbsp;&nbsp;&nbsp;Art. 144. O trator de roda, o trator de esteira, o trator misto ou o equipamento automotor destinado \u00e0 movimenta\u00e7\u00e3o de cargas ou execu\u00e7\u00e3o de trabalho agr\u00edcola, de terraplenagem, de constru\u00e7\u00e3o ou de pavimenta\u00e7\u00e3o s\u00f3 podem ser conduzidos na via p\u00fablica por condutor habilitado nas categorias C, D ou E.<br><br>&nbsp;&nbsp;&nbsp;&nbsp;&nbsp;Art. 145. Para habilitar-se nas categorias D e E ou para conduzir ve\u00edculo de transporte coletivo de passageiros, de escolares, de emerg\u00eancia ou de produto perigoso, o candidato dever\u00e1 preencher os seguintes requisitos:<br><br>&nbsp;&nbsp;&nbsp;&nbsp;&nbsp;I &#8211; ser maior de vinte e um anos;<br><br>&nbsp;&nbsp;&nbsp;&nbsp;&nbsp;II &#8211; estar habilitado:<br><\/p>\n\n\n\n<figure class=\"wp-block-table\"><table class=\"has-fixed-layout\"><tbody><tr><td><\/td><td><em>a)<\/em><\/td><td>no m\u00ednimo h\u00e1 dois anos na categoria B, ou no m\u00ednimo h\u00e1 um ano na categoria C, quando pretender habilitar-se na categoria D; e<\/td><\/tr><\/tbody><\/table><\/figure>\n\n\n\n<figure class=\"wp-block-table\"><table class=\"has-fixed-layout\"><tbody><tr><td><\/td><td><em>b)<\/em><\/td><td>no m\u00ednimo h\u00e1 um ano na categoria C, quando pretender habilitar-se na categoria E;<\/td><\/tr><\/tbody><\/table><\/figure>\n\n\n\n<p>&nbsp;&nbsp;&nbsp;&nbsp;&nbsp;III &#8211; n\u00e3o ter cometido nenhuma infra\u00e7\u00e3o grave ou grav\u00edssima ou ser reincidente em infra\u00e7\u00f5es m\u00e9dias durante os \u00faltimos doze meses;<br><br>&nbsp;&nbsp;&nbsp;&nbsp;&nbsp;IV &#8211; ser aprovado em curso especializado e em curso de treinamento de pr\u00e1tica veicular em situa\u00e7\u00e3o de risco, nos termos da normatiza\u00e7\u00e3o do CONTRAN.<br><br>&nbsp;&nbsp;&nbsp;&nbsp;&nbsp;Art. 146. Para conduzir ve\u00edculos de outra categoria o condutor dever\u00e1 realizar exames complementares exigidos para habilita\u00e7\u00e3o na categoria pretendida.<br><br>&nbsp;&nbsp;&nbsp;&nbsp;&nbsp;Art. 147. O candidato \u00e0 habilita\u00e7\u00e3o dever\u00e1 submeter-se a exames realizados pelo \u00f3rg\u00e3o executivo de tr\u00e2nsito, na seguinte ordem:<br><br>&nbsp;&nbsp;&nbsp;&nbsp;&nbsp;I &#8211; de aptid\u00e3o f\u00edsica e mental;<br><br>&nbsp;&nbsp;&nbsp;&nbsp;&nbsp;II &#8211; (VETADO)<br><br>&nbsp;&nbsp;&nbsp;&nbsp;&nbsp;III &#8211; escrito, sobre legisla\u00e7\u00e3o de tr\u00e2nsito;<br><br>&nbsp;&nbsp;&nbsp;&nbsp;&nbsp;IV &#8211; de no\u00e7\u00f5es de primeiros socorros, conforme regulamenta\u00e7\u00e3o do CONTRAN:<br><br>&nbsp;&nbsp;&nbsp;&nbsp;&nbsp;V &#8211; de dire\u00e7\u00e3o veicular, realizado na via publica, em ve\u00edculo da categoria para a qual estiver habilitando-se.<br><br>&nbsp;&nbsp;&nbsp;&nbsp;&nbsp;<em>Par\u00e1grafo \u00fanico.&nbsp;<\/em>Os resultados dos exames e a identifica\u00e7\u00e3o dos respectivos examinadores ser\u00e3o registrados no RENACH.<br><br>&nbsp;&nbsp;&nbsp;&nbsp;&nbsp;Art. 148. Os exames de habilita\u00e7\u00e3o, exceto os de dire\u00e7\u00e3o veicular, poder\u00e3o ser aplicados por entidades p\u00fablicas ou privadas credenciadas pelo \u00f3rg\u00e3o executivo de tr\u00e2nsito dos Estados e do Distrito Federal, de acordo com as normas estabelecidas pelo CONTRAN.<br><br>&nbsp;&nbsp;&nbsp;&nbsp;&nbsp;\u00a7 1\u00ba A forma\u00e7\u00e3o de condutores dever\u00e1 incluir, obrigatoriamente, curso de dire\u00e7\u00e3o defensiva e de conceitos b\u00e1sicos de prote\u00e7\u00e3o ao meio ambiente relacionados com o tr\u00e2nsito.<br><br>&nbsp;&nbsp;&nbsp;&nbsp;&nbsp;\u00a7 2\u00ba Ao candidato aprovado ser\u00e1 conferida Permiss\u00e3o para Dirigir, com validade de um ano.<br><br>&nbsp;&nbsp;&nbsp;&nbsp;&nbsp;\u00a7 3\u00ba A Carteira Nacional de Habilita\u00e7\u00e3o ser\u00e1 conferida ao condutor no t\u00e9rmino de um ano desde que o mesmo n\u00e3o tenha cometido nenhuma infra\u00e7\u00e3o de natureza grave ou grav\u00edssima ou seja reincidente em infra\u00e7\u00e3o m\u00e9dia.<br><br>&nbsp;&nbsp;&nbsp;&nbsp;&nbsp;\u00a7 4\u00ba A n\u00e3o obten\u00e7\u00e3o da Carteira Nacional de Habilita\u00e7\u00e3o, tendo em vista a incapacidade de atendimento do disposto no par\u00e1grafo anterior, obriga o candidato a reiniciar todo o processo de habilita\u00e7\u00e3o.<br><br>&nbsp;&nbsp;&nbsp;&nbsp;&nbsp;Art. 149. (VETADO)<br><br>&nbsp;&nbsp;&nbsp;&nbsp;&nbsp;Art. 150. Ao renovar os exames previstos no artigo anterior, o condutor que n\u00e3o tenha curso de dire\u00e7\u00e3o defensiva e primeiros socorros dever\u00e1 a eles ser submetido, conforme normatiza\u00e7\u00e3o do CONTRAN.<br><br>&nbsp;&nbsp;&nbsp;&nbsp;&nbsp;<em>Par\u00e1grafo \u00fanico.&nbsp;<\/em>A empresa que utiliza condutores contratados para operar a sua frota de ve\u00edculos \u00e9 obrigada a fornecer curso de dire\u00e7\u00e3o defensiva, primeiros socorros e outros conforme normatiza\u00e7\u00e3o do CONTRAN.<br><br>&nbsp;&nbsp;&nbsp;&nbsp;&nbsp;Art. 151. No caso de reprova\u00e7\u00e3o no exame escrito sobre legisla\u00e7\u00e3o de tr\u00e2nsito ou de dire\u00e7\u00e3o veicular, o candidato s\u00f3 poder\u00e1 repetir o exame depois de decorridos quinze dias da divulga\u00e7\u00e3o do resultado.<br><br>&nbsp;&nbsp;&nbsp;&nbsp;&nbsp;Art. 152. O exame de dire\u00e7\u00e3o veicular ser\u00e1 realizado perante uma comiss\u00e3o integrada por tr\u00eas membros designados pelo dirigente do \u00f3rg\u00e3o executivo local de tr\u00e2nsito, para o per\u00edodo de um ano, permitida a recondu\u00e7\u00e3o por mais um per\u00edodo de igual dura\u00e7\u00e3o.<br><br>&nbsp;&nbsp;&nbsp;&nbsp;&nbsp;\u00a7 1\u00ba Na comiss\u00e3o de exame de dire\u00e7\u00e3o veicular, pelo menos um membro dever\u00e1 ser habilitado na categoria igual ou superior \u00e0 pretendida pelo candidato.<br><br>&nbsp;&nbsp;&nbsp;&nbsp;&nbsp;\u00a7 2\u00ba Os militares das For\u00e7as Armadas Auxiliares que possu\u00edrem curso de forma\u00e7\u00e3o de condutor, ministrado em suas corpora\u00e7\u00f5es, ser\u00e3o dispensados, para a concess\u00e3o da Carteira Nacional de Habilita\u00e7\u00e3o, dos exames a que se houverem submetido com aprova\u00e7\u00e3o naquele curso, desde que neles sejam observadas as normas estabelecidas pelo CONTRAN.<br><br>&nbsp;&nbsp;&nbsp;&nbsp;&nbsp;\u00a7 3\u00ba O militar interessado instruir\u00e1 seu requerimento com oficio do Comandante, Chefe ou Diretor da organiza\u00e7\u00e3o militar em que servir, do qual constar\u00e3o: o n\u00famero do registro de identifica\u00e7\u00e3o, naturalidade, nome, filia\u00e7\u00e3o, idade e categoria em que se habilitou a conduzir, acompanhado de c\u00f3pias das atas dos exames prestados.<br><br>&nbsp;&nbsp;&nbsp;&nbsp;&nbsp;\u00a7 4\u00ba (VETADO)<br><br>&nbsp;&nbsp;&nbsp;&nbsp;&nbsp;Art. 153. O candidato habilitado ter\u00e1 em seu prontu\u00e1rio a identifica\u00e7\u00e3o de seus instrutores e examinadores, que ser\u00e3o pass\u00edveis de puni\u00e7\u00e3o conforme regulamenta\u00e7\u00e3o a ser estabelecida pelo CONTRAN.<br><br>&nbsp;&nbsp;&nbsp;&nbsp;&nbsp;<em>Par\u00e1grafo \u00fanico.&nbsp;<\/em>As penalidades aplicadas aos instrutores e examinadores ser\u00e3o de advert\u00eancia, suspens\u00e3o e cancelamento da autoriza\u00e7\u00e3o para o exerc\u00edcio da atividade, conforme a falta cometida.<br><br>&nbsp;&nbsp;&nbsp;&nbsp;&nbsp;Art. 154. Os ve\u00edculos destinados \u00e0 forma\u00e7\u00e3o de condutores ser\u00e3o identificados por uma faixa amarela, de vinte cent\u00edmetros de largura, pintada ao longo da carro\u00e7aria, \u00e0 meia altura, com a inscri\u00e7\u00e3o AUTO-ESCOLA na cor preta.<br><br>&nbsp;&nbsp;&nbsp;&nbsp;&nbsp;<em>Par\u00e1grafo \u00fanico.&nbsp;<\/em>No ve\u00edculo eventualmente utilizado para aprendizagem, quando autorizado para servir a esse fim, dever\u00e1 ser afixada ao longo de sua carro\u00e7aria, \u00e0 meia altura, faixa branca remov\u00edvel, de vinte cent\u00edmetros de largura, com a inscri\u00e7\u00e3o AUTO-ESCOLA na cor preta.<br><br>&nbsp;&nbsp;&nbsp;&nbsp;&nbsp;Art. 155. A forma\u00e7\u00e3o de condutor de ve\u00edculo automotor e el\u00e9trico ser\u00e1 realizada por instrutor autorizado pelo \u00f3rg\u00e3o executivo de tr\u00e2nsito dos Estados ou do Distrito Federal, pertencente ou n\u00e3o \u00e0 entidade credenciada.<br><br>&nbsp;&nbsp;&nbsp;&nbsp;&nbsp;Art. 156. O CONTRAN regulamentar\u00e1 o credenciamento para presta\u00e7\u00e3o de servi\u00e7o pelas auto-escolas e outras entidades destinadas \u00e0 forma\u00e7\u00e3o de condutores e \u00e0s exig\u00eancias necess\u00e1rias para o exerc\u00edcio das atividades de instrutor e examinador.<br><br>&nbsp;&nbsp;&nbsp;&nbsp;&nbsp;Art. 157. (VETADO)<br><br>&nbsp;&nbsp;&nbsp;&nbsp;&nbsp;Art. 158. A aprendizagem s\u00f3 poder\u00e1 realizar-se:<br><br>&nbsp;&nbsp;&nbsp;&nbsp;&nbsp;I &#8211; nos termos, hor\u00e1rios e locais estabelecidos pelo \u00f3rg\u00e3o executivo de tr\u00e2nsito;<br><br>&nbsp;&nbsp;&nbsp;&nbsp;&nbsp;II &#8211; acompanhado o aprendiz por instrutor autorizado.<br><br>&nbsp;&nbsp;&nbsp;&nbsp;&nbsp;<em>Par\u00e1grafo \u00fanico.&nbsp;<\/em>Al\u00e9m do aprendiz e do instrutor, o ve\u00edculo utilizado na aprendizagem poder\u00e1 conduzir apenas mais um acompanhante.<br><br>&nbsp;&nbsp;&nbsp;&nbsp;&nbsp;Art. 159. A Carteira Nacional de Habilita\u00e7\u00e3o, expedida em modelo \u00fanico e de acordo com as especifica\u00e7\u00f5es do CONTRAN, atendidos os pr\u00e9-requisitos estabelecidos neste C\u00f3digo, conter\u00e1 fotografia, identifica\u00e7\u00e3o e CPF do condutor, ter\u00e1 f\u00e9 p\u00fablica e equivaler\u00e1 a documento de identidade em todo o territ\u00f3rio nacional.<br><br>&nbsp;&nbsp;&nbsp;&nbsp;&nbsp;\u00a7 1\u00ba \u00c9 obrigat\u00f3rio o porte da Permiss\u00e3o para Dirigir ou da Carteira Nacional de Habilita\u00e7\u00e3o quando o condutor estiver \u00e0 dire\u00e7\u00e3o do ve\u00edculo.<br><br>&nbsp;&nbsp;&nbsp;&nbsp;&nbsp;\u00a7 2\u00ba (VETADO)<br><br>&nbsp;&nbsp;&nbsp;&nbsp;&nbsp;\u00a7 3\u00ba A emiss\u00e3o de nova via da Carteira Nacional de Habilita\u00e7\u00e3o ser\u00e1 regulamentada pelo CONTRAN.<br><br>&nbsp;&nbsp;&nbsp;&nbsp;&nbsp;\u00a7 4\u00ba (VETADO)<br><br>&nbsp;&nbsp;&nbsp;&nbsp;&nbsp;\u00a7 5\u00ba A Carteira Nacional de Habilita\u00e7\u00e3o e a Permiss\u00e3o para Dirigir somente ter\u00e3o validade para a condu\u00e7\u00e3o de ve\u00edculo quando apresentada em original.<br><br>&nbsp;&nbsp;&nbsp;&nbsp;&nbsp;\u00a7 6\u00ba A identifica\u00e7\u00e3o da Carteira Nacional de Habilita\u00e7\u00e3o expedida e a da autoridade expedidora ser\u00e3o registradas no RENACH.<br><br>&nbsp;&nbsp;&nbsp;&nbsp;&nbsp;\u00a7 7\u00ba A cada condutor corresponder\u00e1 um \u00fanico registro no RENACH, agregando-se neste todas as informa\u00e7\u00f5es.<br><br>&nbsp;&nbsp;&nbsp;&nbsp;&nbsp;\u00a7 8\u00ba A renova\u00e7\u00e3o da validade da Carteira Nacional de Habilita\u00e7\u00e3o ou a emiss\u00e3o de uma nova via somente ser\u00e1 realizada ap\u00f3s quita\u00e7\u00e3o de d\u00e9bitos constantes do prontu\u00e1rio do condutor.<br><br>&nbsp;&nbsp;&nbsp;&nbsp;&nbsp;\u00a7 9\u00ba (VETADO)<br><br>&nbsp;&nbsp;&nbsp;&nbsp;&nbsp;Art. 160. O condutor condenado por delito de tr\u00e2nsito dever\u00e1 ser submetido a novos exames para que possa voltar a dirigir, de acordo com as normas estabelecidas pelo CONTRAN, independentemente do reconhecimento da prescri\u00e7\u00e3o, em face da pena concretizada na senten\u00e7a.<br><br>&nbsp;&nbsp;&nbsp;&nbsp;&nbsp;\u00a7 1\u00ba Em caso de acidente grave, o condutor nele envolvido poder\u00e1 ser submetido aos exames exigidos neste artigo, a ju\u00edzo da autoridade executiva estadual de tr\u00e2nsito, assegurada ampla defesa ao condutor.<br><br>&nbsp;&nbsp;&nbsp;&nbsp;&nbsp;\u00a7 2\u00ba No caso do par\u00e1grafo anterior, a autoridade executiva estadual de tr\u00e2nsito poder\u00e1 apreender o documento de habilita\u00e7\u00e3o do condutor at\u00e9 a sua aprova\u00e7\u00e3o nos exames realizados.<\/p>\n\n\n\n<p>CAP\u00cdTULO XV<br>DAS INFRA\u00c7\u00d5ES<\/p>\n\n\n\n<p><br>&nbsp;&nbsp;&nbsp;&nbsp;&nbsp;Art. 161. Constitui infra\u00e7\u00e3o de tr\u00e2nsito a inobserv\u00e2ncia de qualquer preceito deste C\u00f3digo, da legisla\u00e7\u00e3o complementar ou das resolu\u00e7\u00f5es do CONTRAN, sendo o infrator sujeito \u00e0s penalidades e medidas administrativas indicadas em cada artigo, al\u00e9m das puni\u00e7\u00f5es previstas no Cap\u00edtulo XIX.<br><br>&nbsp;&nbsp;&nbsp;&nbsp;&nbsp;<em>Par\u00e1grafo \u00fanico.&nbsp;<\/em>As infra\u00e7\u00f5es cometidas em rela\u00e7\u00e3o \u00e0s resolu\u00e7\u00f5es do CONTRAN ter\u00e3o suas penalidades e medidas administrativas definidas nas pr\u00f3prias resolu\u00e7\u00f5es.<br><\/p>\n\n\n\n<p>&nbsp;&nbsp;&nbsp;&nbsp;&nbsp;Art. 162. Dirigir veiculo:<br><br>&nbsp;&nbsp;&nbsp;&nbsp;&nbsp;I &#8211; sem possuir Carteira Nacional de Habilita\u00e7\u00e3o ou Permiss\u00e3o para Dirigir:<br>&nbsp;&nbsp;&nbsp;&nbsp; Infra\u00e7\u00e3o &#8211; grav\u00edssima;<br>&nbsp;&nbsp;&nbsp;&nbsp; Penalidade &#8211; multa (tr\u00eas vezes) e apreens\u00e3o do ve\u00edculo;<br><br>&nbsp;&nbsp;&nbsp;&nbsp;&nbsp;II &#8211; com Carteira Nacional de Habilita\u00e7\u00e3o ou Permiss\u00e3o para Dirigir cassada ou com suspens\u00e3o do direito de dirigir:<br>&nbsp;&nbsp;&nbsp;&nbsp; Infra\u00e7\u00e3o &#8211; grav\u00edssima;<br>&nbsp;&nbsp;&nbsp;&nbsp; Penalidade &#8211; multa (cinco vezes) e apreens\u00e3o do ve\u00edculo;<br><br>&nbsp;&nbsp;&nbsp;&nbsp;&nbsp;III &#8211; com Carteira Nacional de Habilita\u00e7\u00e3o ou Permiss\u00e3o para Dirigir de categoria diferente da do ve\u00edculo que esteja conduzindo:<br>&nbsp;&nbsp;&nbsp;&nbsp; Infra\u00e7\u00e3o &#8211; grav\u00edssima;<br>&nbsp;&nbsp;&nbsp;&nbsp; Penalidade &#8211; multa (tr\u00eas vezes) e apreens\u00e3o do ve\u00edculo;<br>&nbsp;&nbsp;&nbsp;&nbsp; Medida administrativa &#8211; recolhimento do documento de habilita\u00e7\u00e3o;<br><br>&nbsp;&nbsp;&nbsp;&nbsp;&nbsp;IV &#8211; (VETADO)<br><br>&nbsp;&nbsp;&nbsp;&nbsp;&nbsp;V &#8211; com validade da Carteira Nacional de Habilita\u00e7\u00e3o vencida h\u00e1 mais de trinta dias:<br>&nbsp;&nbsp;&nbsp;&nbsp; Infra\u00e7\u00e3o &#8211; grav\u00edssima;<br>&nbsp;&nbsp;&nbsp;&nbsp; Penalidade &#8211; multa;<br>&nbsp;&nbsp;&nbsp;&nbsp; Medida administrativa &#8211; recolhimento da Carteira Nacional de Habilita\u00e7\u00e3o e reten\u00e7\u00e3o do ve\u00edculo at\u00e9 a apresenta\u00e7\u00e3o de condutor habilitado;<br><br>&nbsp;&nbsp;&nbsp;&nbsp;&nbsp;VI &#8211; sem usar lentes corretoras de vis\u00e3o, aparelho auxiliar de audi\u00e7\u00e3o, de pr\u00f3tese f\u00edsica ou as adapta\u00e7\u00f5es do ve\u00edculo impostas por ocasi\u00e3o da concess\u00e3o ou da renova\u00e7\u00e3o da licen\u00e7a para conduzir:<br>&nbsp;&nbsp;&nbsp;&nbsp; Infra\u00e7\u00e3o &#8211; grav\u00edssima;<br>&nbsp;&nbsp;&nbsp;&nbsp; Penalidade &#8211; multa;<br>&nbsp;&nbsp;&nbsp;&nbsp; Medida administrativa &#8211; reten\u00e7\u00e3o do ve\u00edculo at\u00e9 o saneamento da irregularidade ou apresenta\u00e7\u00e3o de condutor habilitado.<br><br>&nbsp;&nbsp;&nbsp;&nbsp;&nbsp;Art. 163. Entregar a dire\u00e7\u00e3o do ve\u00edculo a pessoa nas condi\u00e7\u00f5es previstas no artigo anterior:<br>&nbsp;&nbsp;&nbsp;&nbsp; Infra\u00e7\u00e3o &#8211; as mesmas previstas no artigo anterior;<br>&nbsp;&nbsp;&nbsp;&nbsp; Penalidade &#8211; as mesmas previstas no artigo anterior;<br>&nbsp;&nbsp;&nbsp;&nbsp; Medida administrativa &#8211; a mesma prevista no inciso III do artigo anterior.<\/p>\n\n\n\n<p>&nbsp;&nbsp;&nbsp;&nbsp;&nbsp;Art. 164. Permitir que pessoa nas condi\u00e7\u00f5es referidas nos incisos do art. 162 tome posse do ve\u00edculo automotor e passe a conduzi-lo na via:<br>&nbsp;&nbsp;&nbsp;&nbsp; Infra\u00e7\u00e3o &#8211; as mesmas previstas nos incisos do art. 162;<br>&nbsp;&nbsp;&nbsp;&nbsp; Penalidade &#8211; as mesmas previstas no art. 162;<br>&nbsp;&nbsp;&nbsp;&nbsp; Medida administrativa &#8211; a mesma prevista no inciso III do art. 162.<\/p>\n\n\n\n<p>&nbsp;&nbsp;&nbsp;&nbsp;&nbsp;Art. 165.&nbsp;Dirigir&nbsp;sob a influ\u00eancia de \u00e1lcool, em n\u00edvel superior a seis decigramas por litro de sangue, ou de qualquer subst\u00e2ncia entorpecente ou que determine depend\u00eancia f\u00edsica ou ps\u00edquica.<br>&nbsp;&nbsp;&nbsp;&nbsp; Infra\u00e7\u00e3o &#8211; grav\u00edssima;<br>&nbsp;&nbsp;&nbsp;&nbsp; Penalidade &#8211; multa (cinco vezes) e suspens\u00e3o do direito de dirigir;<br>&nbsp;&nbsp;&nbsp;&nbsp; Medida administrativa &#8211; reten\u00e7\u00e3o do ve\u00edculo at\u00e9 a apresenta\u00e7\u00e3o de condutor habilitado e recolhimento do documento de habilita\u00e7\u00e3o.<\/p>\n\n\n\n<p><em>Par\u00e1grafo \u00fanico.&nbsp;<\/em>A embriaguez tamb\u00e9m poder\u00e1 ser apurada na forma do art. 277.<\/p>\n\n\n\n<p>&nbsp;&nbsp;&nbsp;&nbsp;&nbsp;Art. 166. Confiar ou entregar a dire\u00e7\u00e3o de ve\u00edculo a pessoa que, mesmo habilitada, por seu estado f\u00edsico ou ps\u00edquico, n\u00e3o estiver em condi\u00e7\u00f5es de dirigi-lo com seguran\u00e7a:<br>&nbsp;&nbsp;&nbsp;&nbsp; Infra\u00e7\u00e3o &#8211; grav\u00edssima;<br>&nbsp;&nbsp;&nbsp;&nbsp; Penalidade &#8211; multa.<\/p>\n\n\n\n<p>&nbsp;&nbsp;&nbsp;&nbsp;&nbsp;Art. 167. Deixar o condutor ou passageiro de usar o cinto de seguran\u00e7a, conforme previsto no art. 65:<br>&nbsp;&nbsp;&nbsp;&nbsp; Infra\u00e7\u00e3o &#8211; grave;<br>&nbsp;&nbsp;&nbsp;&nbsp; Penalidade &#8211; multa;<br>&nbsp;&nbsp;&nbsp;&nbsp; Medida administrativa &#8211; reten\u00e7\u00e3o do ve\u00edculo at\u00e9 coloca\u00e7\u00e3o do cinto pelo infrator.<\/p>\n\n\n\n<p>&nbsp;&nbsp;&nbsp;&nbsp;&nbsp;Art. 168. Transportar crian\u00e7as em ve\u00edculo automotor sem observ\u00e2ncia das normas de seguran\u00e7a especiais estabelecidas neste C\u00f3digo:<br>&nbsp;&nbsp;&nbsp;&nbsp; Infra\u00e7\u00e3o &#8211; grav\u00edssima;<br>&nbsp;&nbsp;&nbsp;&nbsp; Penalidade &#8211; multa;<br>&nbsp;&nbsp;&nbsp;&nbsp; Medida administrativa &#8211; reten\u00e7\u00e3o do ve\u00edculo at\u00e9 que a irregularidade seja sanada.<br><br>&nbsp;&nbsp;&nbsp;&nbsp;&nbsp;Art. 169. Dirigir sem aten\u00e7\u00e3o ou sem os cuidados indispens\u00e1veis \u00e0 seguran\u00e7a:<br>&nbsp;&nbsp;&nbsp;&nbsp; Infra\u00e7\u00e3o &#8211; leve;<br>&nbsp;&nbsp;&nbsp;&nbsp; Penalidade &#8211; multa.<\/p>\n\n\n\n<p>&nbsp;&nbsp;&nbsp;&nbsp;&nbsp;Art. 170. Dirigir amea\u00e7ando os pedestres que estejam atravessando a via p\u00fablica, ou os demais ve\u00edculos:<br>&nbsp;&nbsp;&nbsp;&nbsp; Infra\u00e7\u00e3o &#8211; grav\u00edssima;<br>&nbsp;&nbsp;&nbsp;&nbsp; Penalidade &#8211; multa e suspens\u00e3o do direito de dirigir;<br>&nbsp;&nbsp;&nbsp;&nbsp; Medida administrativa &#8211; reten\u00e7\u00e3o do ve\u00edculo e recolhimento do documento de habilita\u00e7\u00e3o.<\/p>\n\n\n\n<p>&nbsp;&nbsp;&nbsp;&nbsp;&nbsp;Art. 171. Usar o ve\u00edculo para arremessar, sobre os pedestres ou ve\u00edculos, \u00e1gua ou detritos:<br>&nbsp;&nbsp;&nbsp;&nbsp; Infra\u00e7\u00e3o &#8211; m\u00e9dia;<br>&nbsp;&nbsp;&nbsp;&nbsp; Penalidade &#8211; multa.<\/p>\n\n\n\n<p>&nbsp;&nbsp;&nbsp;&nbsp;&nbsp;Art. 172. Atirar do ve\u00edculo ou abandonar na via objetos ou subst\u00e2ncias:<br>&nbsp;&nbsp;&nbsp;&nbsp; Infra\u00e7\u00e3o &#8211; m\u00e9dia;<br>&nbsp;&nbsp;&nbsp;&nbsp; Penalidade &#8211; multa.<\/p>\n\n\n\n<p>&nbsp;&nbsp;&nbsp;&nbsp;&nbsp;Art. 173. Disputar corrida por esp\u00edrito de emula\u00e7\u00e3o:<br>&nbsp;&nbsp;&nbsp;&nbsp; Infra\u00e7\u00e3o &#8211; grav\u00edssima;<br>&nbsp;&nbsp;&nbsp;&nbsp; Penalidade &#8211; multa (tr\u00eas vezes), suspens\u00e3o do direito de dirigir e apreens\u00e3o do ve\u00edculo;<br>&nbsp;&nbsp;&nbsp;&nbsp; Medida administrativa &#8211; recolhimento do documento de habilita\u00e7\u00e3o e remo\u00e7\u00e3o do ve\u00edculo.<\/p>\n\n\n\n<p>&nbsp;&nbsp;&nbsp;&nbsp;&nbsp;Art. 174. Promover, na via, competi\u00e7\u00e3o esportiva, eventos organizados, exibi\u00e7\u00e3o e demonstra\u00e7\u00e3o de per\u00edcia em manobra de ve\u00edculo, ou deles participar, como condutor, sem da autoridade de tr\u00e2nsito com circunscri\u00e7\u00e3o sobre a via:&nbsp;<br>&nbsp;&nbsp;&nbsp;&nbsp; Infra\u00e7\u00e3o &#8211; grav\u00edssima;<br>&nbsp;&nbsp;&nbsp;&nbsp; Penalidade &#8211; multa (cinco vezes), suspens\u00e3o do direito de dirigir e apreens\u00e3o do ve\u00edculo;<br>&nbsp;&nbsp;&nbsp;&nbsp; Medida administrativa &#8211; recolhimento do documento de habilita\u00e7\u00e3o e remo\u00e7\u00e3o do ve\u00edculo.<\/p>\n\n\n\n<p><em>Par\u00e1grafo \u00fanico.&nbsp;<\/em>As penalidades s\u00e3o aplic\u00e1veis aos promotores e aos condutores participantes.<\/p>\n\n\n\n<p>&nbsp;&nbsp;&nbsp;&nbsp;&nbsp;Art. 175. Utilizar-se de ve\u00edculo para, em via p\u00fablica, demonstrar ou exibir manobra perigosa, arrancada brusca, derrapagem ou frenagem com deslizamento ou arrastamento de pneus:<br>&nbsp;&nbsp;&nbsp;&nbsp; Infra\u00e7\u00e3o &#8211; grav\u00edssima;<br>&nbsp;&nbsp;&nbsp;&nbsp; Penalidade &#8211; multa, suspens\u00e3o do direito de dirigir e apreens\u00e3o do ve\u00edculo;<br>&nbsp;&nbsp;&nbsp;&nbsp; Medida administrativa &#8211; recolhimento do documento de habilita\u00e7\u00e3o e remo\u00e7\u00e3o do ve\u00edculo.<\/p>\n\n\n\n<p>&nbsp;&nbsp;&nbsp;&nbsp;&nbsp;Art. 176. Deixar o condutor envolvido em acidente com v\u00edtima:<\/p>\n\n\n\n<p>&nbsp;&nbsp;&nbsp;&nbsp;&nbsp;I &#8211; de prestar ou providenciar socorro \u00e0 vitima, podendo faz\u00ea-lo;<\/p>\n\n\n\n<p>&nbsp;&nbsp;&nbsp;&nbsp;&nbsp;II &#8211; de adotar provid\u00eancias, podendo faz\u00ea-lo, no sentido de evitar perigo para o tr\u00e2nsito no local;<\/p>\n\n\n\n<p>&nbsp;&nbsp;&nbsp;&nbsp;&nbsp;III &#8211; de preservar o local, de forma a facilitar os trabalhos da pol\u00edcia e da per\u00edcia;<\/p>\n\n\n\n<p>&nbsp;&nbsp;&nbsp;&nbsp;&nbsp;IV &#8211; de adotar provid\u00eancias para remover o ve\u00edculo do local, quando determinadas por policial ou agente da autoridade de tr\u00e2nsito;<\/p>\n\n\n\n<p>&nbsp;&nbsp;&nbsp;&nbsp;&nbsp;V &#8211; de identificar-se ao policial e de lhe Prestar informa\u00e7\u00f5es necess\u00e1rias \u00e0 confec\u00e7\u00e3o do boletim de ocorr\u00eancia:&nbsp;<br>&nbsp;&nbsp;&nbsp;&nbsp; Infra\u00e7\u00e3o &#8211; grav\u00edssima;<br>&nbsp;&nbsp;&nbsp;&nbsp; Penalidade &#8211; multa (cinco vezes) e suspens\u00e3o do direito de dirigir;<br>&nbsp;&nbsp;&nbsp;&nbsp; Medida administrativa recolhimento do documento de habilita\u00e7\u00e3o.<\/p>\n\n\n\n<p>&nbsp;&nbsp;&nbsp;&nbsp;&nbsp;Art. 177. Deixar o condutor de prestar socorro \u00e0 v\u00edtima de acidente de tr\u00e2nsito quando solicitado pela autoridade e seus agentes:<br>&nbsp;&nbsp;&nbsp;&nbsp; Infra\u00e7\u00e3o &#8211; grave;<br>&nbsp;&nbsp;&nbsp;&nbsp; Penalidade &#8211; multa.<\/p>\n\n\n\n<p>&nbsp;&nbsp;&nbsp;&nbsp;&nbsp;Art. 178. Deixar o condutor, envolvido em acidente sem v\u00edtima, de adotar provid\u00eancias para remover o ve\u00edculo do local, quando necess\u00e1ria tal medida para assegurar a seguran\u00e7a e a fluidez do tr\u00e2nsito:<br>&nbsp;&nbsp;&nbsp;&nbsp; Infra\u00e7\u00e3o &#8211; m\u00e9dia;<br>&nbsp;&nbsp;&nbsp;&nbsp; Penalidade &#8211; multa.<\/p>\n\n\n\n<p>&nbsp;&nbsp;&nbsp;&nbsp;&nbsp;Art. 179. Fazer ou deixar que se fa\u00e7a reparo em ve\u00edculo na via p\u00fablica, salvo nos casos de impedimento absoluto de sua remo\u00e7\u00e3o e em que o ve\u00edculo esteja devidamente sinalizado:<\/p>\n\n\n\n<p>&nbsp;&nbsp;&nbsp;&nbsp;&nbsp;I &#8211; em pista de rolamento de rodovias e vias de tr\u00e2nsito r\u00e1pido:<br>&nbsp;&nbsp;&nbsp;&nbsp; Infra\u00e7\u00e3o &#8211; grave;<br>&nbsp;&nbsp;&nbsp;&nbsp; Penalidade &#8211; multa.<br>&nbsp;&nbsp;&nbsp;&nbsp; Medida administrativa &#8211; remo\u00e7\u00e3o do ve\u00edculo:<\/p>\n\n\n\n<p>&nbsp;&nbsp;&nbsp;&nbsp;&nbsp;II &#8211; nas demais vias;<br>&nbsp;&nbsp;&nbsp;&nbsp; Infra\u00e7\u00e3o &#8211; leve;<br>&nbsp;&nbsp;&nbsp;&nbsp; Penalidade &#8211; multa.<\/p>\n\n\n\n<p>&nbsp;&nbsp;&nbsp;&nbsp;&nbsp;Art. 180. Ter seu ve\u00edculo imobilizado na via por falta de combust\u00edvel:<br>&nbsp;&nbsp;&nbsp;&nbsp; Infra\u00e7\u00e3o &#8211; m\u00e9dia;<br>&nbsp;&nbsp;&nbsp;&nbsp; Penalidade &#8211; multa;<br>&nbsp;&nbsp;&nbsp;&nbsp; Medida administrativa &#8211; remo\u00e7\u00e3o do ve\u00edculo.<\/p>\n\n\n\n<p>&nbsp;&nbsp;&nbsp;&nbsp;&nbsp;Art. 181. Estacionar o ve\u00edculo:<br><br>&nbsp;&nbsp;&nbsp;&nbsp;&nbsp;I &#8211; nas esquinas e a menos de cinco metros do bordo do alinhamento da via transversal:<br>&nbsp;&nbsp;&nbsp;&nbsp; Infra\u00e7\u00e3o &#8211; m\u00e9dia;<br>&nbsp;&nbsp;&nbsp;&nbsp; Penalidade &#8211; multa:<br>&nbsp;&nbsp;&nbsp;&nbsp; Medida administrativa &#8211; remo\u00e7\u00e3o do ve\u00edculo.<br><br>&nbsp;&nbsp;&nbsp;&nbsp;&nbsp;II &#8211; afastado da guia da cal\u00e7ada (meio-fio) de cinq\u00fcenta cent\u00edmetros a um metro:<br>&nbsp;&nbsp;&nbsp;&nbsp; Infra\u00e7\u00e3o &#8211; leve;<br>&nbsp;&nbsp;&nbsp;&nbsp; Penalidade &#8211; multa;<br>&nbsp;&nbsp;&nbsp;&nbsp; Medida administrativa &#8211; remo\u00e7\u00e3o do ve\u00edculo.<br><br>&nbsp;&nbsp;&nbsp;&nbsp;&nbsp;III &#8211; afastado da guia da cal\u00e7ada (meio-fio) a mais de um metro:<br>&nbsp;&nbsp;&nbsp;&nbsp; Infra\u00e7\u00e3o &#8211; grave;<br>&nbsp;&nbsp;&nbsp;&nbsp; Penalidade &#8211; multa;<br>&nbsp;&nbsp;&nbsp;&nbsp; Medida administrativa &#8211; remo\u00e7\u00e3o do ve\u00edculo.<br><br>&nbsp;&nbsp;&nbsp;&nbsp;&nbsp;IV &#8211; em desacordo com as posi\u00e7\u00f5es estabelecidas neste C\u00f3digo:<br>&nbsp;&nbsp;&nbsp;&nbsp; Infra\u00e7\u00e3o &#8211; m\u00e9dia;<br>&nbsp;&nbsp;&nbsp;&nbsp; Penalidade &#8211; multa;<br>&nbsp;&nbsp;&nbsp;&nbsp; Medida administrativa &#8211; remo\u00e7\u00e3o do ve\u00edculo.<br><br>&nbsp;&nbsp;&nbsp;&nbsp;&nbsp;V &#8211; na pista de rolamento das estradas, das rodovias, das vias de tr\u00e2nsito r\u00e1pido e das vias dotadas de acostamento:<br>&nbsp;&nbsp;&nbsp;&nbsp; Infra\u00e7\u00e3o &#8211; grav\u00edssima;<br>&nbsp;&nbsp;&nbsp;&nbsp; Penalidade &#8211; multa;<br>&nbsp;&nbsp;&nbsp;&nbsp; Medida administrativa &#8211; remo\u00e7\u00e3o do ve\u00edculo.<br><br>&nbsp;&nbsp;&nbsp;&nbsp;&nbsp;VI &#8211; junto ou sobre hidrantes de inc\u00eandio, registro de \u00e1gua ou tampas de po\u00e7os de visita de galerias subterr\u00e2neas, desde que devidamente identificados, conforme especifica\u00e7\u00e3o do CONTRAN:<br>&nbsp;&nbsp;&nbsp;&nbsp; Infra\u00e7\u00e3o &#8211; m\u00e9dia;<br>&nbsp;&nbsp;&nbsp;&nbsp; Penalidade &#8211; multa;<br>&nbsp;&nbsp;&nbsp;&nbsp; Medida administrativa &#8211; remo\u00e7\u00e3o do ve\u00edculo.<br><br>&nbsp;&nbsp;&nbsp;&nbsp;&nbsp;VII &#8211; nos acostamentos, salvo motivo de for\u00e7a maior:<br>&nbsp;&nbsp;&nbsp;&nbsp; Infra\u00e7\u00e3o &#8211; leve;<br>&nbsp;&nbsp;&nbsp;&nbsp; Penalidade &#8211; multa;<br>&nbsp;&nbsp;&nbsp;&nbsp; Medida administrativa &#8211; remo\u00e7\u00e3o do ve\u00edculo.<br><br>&nbsp;&nbsp;&nbsp;&nbsp;&nbsp;VIII &#8211; no passeio ou sobre faixa destinada a pedestre, sobre ciclovia ou ciclofaixa, bem como nas ilhas. ref\u00fagios, ao lado ou sobre canteiros centrais, divisores de pista de rolamento, marcas de canaliza\u00e7\u00e3o, gramados ou jardim p\u00fablico:<br>&nbsp;&nbsp;&nbsp;&nbsp; Infra\u00e7\u00e3o &#8211; grave;<br>&nbsp;&nbsp;&nbsp;&nbsp; Penalidade &#8211; multa;<br>&nbsp;&nbsp;&nbsp;&nbsp; Medida administrativa &#8211; remo\u00e7\u00e3o do ve\u00edculo.<br><br>&nbsp;&nbsp;&nbsp;&nbsp;&nbsp;IX &#8211; onde houver guia de cal\u00e7ada (meio-fio) rebaixada destinada \u00e0 entrada ou sa\u00edda de ve\u00edculos:<br>&nbsp;&nbsp;&nbsp;&nbsp; Infra\u00e7\u00e3o &#8211; m\u00e9dia;<br>&nbsp;&nbsp;&nbsp;&nbsp; Penalidade &#8211; multa;<br>&nbsp;&nbsp;&nbsp;&nbsp; Medida administrativa &#8211; remo\u00e7\u00e3o do ve\u00edculo.<br><br>&nbsp;&nbsp;&nbsp;&nbsp;&nbsp;X &#8211; impedindo a movimenta\u00e7\u00e3o de outros ve\u00edculo:<br>&nbsp;&nbsp;&nbsp;&nbsp; Infra\u00e7\u00e3o &#8211; m\u00e9dia;<br>&nbsp;&nbsp;&nbsp;&nbsp; Penalidade &#8211; multas;<br>&nbsp;&nbsp;&nbsp;&nbsp; Medida administrativa &#8211; remo\u00e7\u00e3o do ve\u00edculo;<br><br>&nbsp;&nbsp;&nbsp;&nbsp;&nbsp;XI &#8211; ao lado de outro ve\u00edculo em fila dupla:<br>&nbsp;&nbsp;&nbsp;&nbsp; Infra\u00e7\u00e3o &#8211; grave;<br>&nbsp;&nbsp;&nbsp;&nbsp; Penalidade &#8211; multa;<br>&nbsp;&nbsp;&nbsp;&nbsp; Medida administrativa &#8211; remo\u00e7\u00e3o do ve\u00edculo.<br><br>&nbsp;&nbsp;&nbsp;&nbsp;&nbsp;XII &#8211; na \u00e1rea de cruzamento de vias, prejudicando a circula\u00e7\u00e3o de ve\u00edculos e pedestres:<br>&nbsp;&nbsp;&nbsp;&nbsp; Infra\u00e7\u00e3o &#8211; grave;<br>&nbsp;&nbsp;&nbsp;&nbsp; Penalidade &#8211; multa;<br>&nbsp;&nbsp;&nbsp;&nbsp; Medida administrativa &#8211; remo\u00e7\u00e3o do ve\u00edculo.<br><br>&nbsp;&nbsp;&nbsp;&nbsp;&nbsp;XIII &#8211; onde houver sinaliza\u00e7\u00e3o horizontal delimitadora de ponto de embarque ou desembarque de passageiros de transporte coletivo ou, na inexist\u00eancia desta sinaliza\u00e7\u00e3o, no intervalo compreendido entre dez metros antes e depois do marco do ponto:<br>&nbsp;&nbsp;&nbsp;&nbsp; Infra\u00e7\u00e3o &#8211; m\u00e9dia;<br>&nbsp;&nbsp;&nbsp;&nbsp; Penalidade &#8211; multa;<br>&nbsp;&nbsp;&nbsp;&nbsp; Medida administrativa &#8211; remo\u00e7\u00e3o do ve\u00edculo.<br><br>&nbsp;&nbsp;&nbsp;&nbsp;&nbsp;XIV &#8211; nos viadutos, pontes e t\u00faneis:<br>&nbsp;&nbsp;&nbsp;&nbsp; Infra\u00e7\u00e3o &#8211; grave:<br>&nbsp;&nbsp;&nbsp;&nbsp; Penalidade &#8211; multa;<br>&nbsp;&nbsp;&nbsp;&nbsp; Medida administrativa &#8211; remo\u00e7\u00e3o do ve\u00edculo.<br><br>&nbsp;&nbsp;&nbsp;&nbsp;&nbsp;XV &#8211; na contram\u00e3o de dire\u00e7\u00e3o:<br>&nbsp;&nbsp;&nbsp;&nbsp; Infra\u00e7\u00e3o &#8211; m\u00e9dia;<br>&nbsp;&nbsp;&nbsp;&nbsp; Penalidade &#8211; multa.<br><br>&nbsp;&nbsp;&nbsp;&nbsp;&nbsp;XVI &#8211; em aclive ou declive, n\u00e3o estando devidamente freado e sem cal\u00e7o de seguran\u00e7a, quando se tratar de ve\u00edculo com peso bruto total superior a tr\u00eas mil e quinhentos quilogramas:<br>&nbsp;&nbsp;&nbsp;&nbsp; Infra\u00e7\u00e3o &#8211; grave;<br>&nbsp;&nbsp;&nbsp;&nbsp; Penalidade &#8211; multa;<br>&nbsp;&nbsp;&nbsp;&nbsp; Medida administrativa &#8211; remo\u00e7\u00e3o do ve\u00edculo.<br><br>&nbsp;&nbsp;&nbsp;&nbsp;&nbsp;XVII &#8211; em desacordo com as condi\u00e7\u00f5es regulamentadas especificamente pela sinaliza\u00e7\u00e3o (placa &#8211; Estacionamento Regulamentado):<br>&nbsp;&nbsp;&nbsp;&nbsp; Infra\u00e7\u00e3o &#8211; leve;<br>&nbsp;&nbsp;&nbsp;&nbsp; Penalidade &#8211; multas;<br>&nbsp;&nbsp;&nbsp;&nbsp; Medida administrativa &#8211; remo\u00e7\u00e3o do ve\u00edculo.<br><br>&nbsp;&nbsp;&nbsp;&nbsp;&nbsp;XVIII &#8211; em locais e hor\u00e1rios proibidos especificamente pela sinaliza\u00e7\u00e3o (placa &#8211; Proibido Estacionar):<br>&nbsp;&nbsp;&nbsp;&nbsp; Infra\u00e7\u00e3o &#8211; m\u00e9dia;<br>&nbsp;&nbsp;&nbsp;&nbsp; Penalidade &#8211; multa;<br>&nbsp;&nbsp;&nbsp;&nbsp; Medida administrativa &#8211; remo\u00e7\u00e3o do ve\u00edculo.<br><br>&nbsp;&nbsp;&nbsp;&nbsp;&nbsp;XIX &#8211; em locais e hor\u00e1rios de estacionamento e parada proibidos pela sinaliza\u00e7\u00e3o (placa &#8211; Proibido Parar e Estacionar):<br>&nbsp;&nbsp;&nbsp;&nbsp; Infra\u00e7\u00e3o &#8211; grave;<br>&nbsp;&nbsp;&nbsp;&nbsp; Penalidade &#8211; multa;<br>&nbsp;&nbsp;&nbsp;&nbsp; Medida administrativa &#8211; remo\u00e7\u00e3o do ve\u00edculo.<br><br>&nbsp;&nbsp;&nbsp;&nbsp;&nbsp;\u00a7 1\u00ba Nos casos previstos neste artigo, a autoridade de tr\u00e2nsito aplicar\u00e1 a penalidade preferencialmente ap\u00f3s a remo\u00e7\u00e3o do ve\u00edculo.<br><br>&nbsp;&nbsp;&nbsp;&nbsp;&nbsp;\u00a7 2\u00ba No caso previsto no inciso XVI \u00e9 proibido abandonar o cal\u00e7o de seguran\u00e7a na via.<br><br>&nbsp;&nbsp;&nbsp;&nbsp;&nbsp;Art. 182. Parar o ve\u00edculo:<\/p>\n\n\n\n<p>&nbsp;&nbsp;&nbsp;&nbsp;&nbsp;I &#8211; nas esquinas e a menos de cinco metros do bordo do alinhamento da via transversal:<br>&nbsp;&nbsp;&nbsp;&nbsp; Infra\u00e7\u00e3o &#8211; m\u00e9dia;<br>&nbsp;&nbsp;&nbsp;&nbsp; Penalidade &#8211; multa.<\/p>\n\n\n\n<p>&nbsp;&nbsp;&nbsp;&nbsp;&nbsp;II &#8211; afastado da guia da cal\u00e7ada (meio-fio) de cinq\u00fcenta cent\u00edmetros a um metro:<br>&nbsp;&nbsp;&nbsp;&nbsp; Infra\u00e7\u00e3o &#8211; leve;<br>&nbsp;&nbsp;&nbsp;&nbsp; Penalidade &#8211; multa;<\/p>\n\n\n\n<p>&nbsp;&nbsp;&nbsp;&nbsp;&nbsp;III &#8211; afastado da guia da cal\u00e7ada (meio-fio) a mais de um metro:<br>&nbsp;&nbsp;&nbsp;&nbsp; Infra\u00e7\u00e3o &#8211; m\u00e9dia;<br>&nbsp;&nbsp;&nbsp;&nbsp; Penalidade &#8211; multa.<\/p>\n\n\n\n<p>&nbsp;&nbsp;&nbsp;&nbsp;&nbsp;IV &#8211; em desacordo com as posi\u00e7\u00f5es estabelecidas neste C\u00f3digo:<br>&nbsp;&nbsp;&nbsp;&nbsp; Infra\u00e7\u00e3o &#8211; leve;<br>&nbsp;&nbsp;&nbsp;&nbsp; Penalidade &#8211; multa.<\/p>\n\n\n\n<p>&nbsp;&nbsp;&nbsp;&nbsp;&nbsp;V &#8211; na pista de rolamento das estradas, das rodovias, das vias de tr\u00e2nsito r\u00e1pido e das demais vias dotadas de acostamento:<br>&nbsp;&nbsp;&nbsp;&nbsp; Infra\u00e7\u00e3o &#8211; grave;<br>&nbsp;&nbsp;&nbsp;&nbsp; Penalidade &#8211; multa.<\/p>\n\n\n\n<p>&nbsp;&nbsp;&nbsp;&nbsp;&nbsp;VI &#8211; no passeio ou sobre faixa destinada a pedestres, nas ilhas, ref\u00fagios, canteiros centrais e divisores de pista de rolamento e marcas de canaliza\u00e7\u00e3o:<br>&nbsp;&nbsp;&nbsp;&nbsp; Infra\u00e7\u00e3o &#8211; leve;<br>&nbsp;&nbsp;&nbsp;&nbsp; Penalidade &#8211; multa.<\/p>\n\n\n\n<p>&nbsp;&nbsp;&nbsp;&nbsp;&nbsp;VII &#8211; na \u00e1rea de cruzamento de vias, prejudicando a circula\u00e7\u00e3o de ve\u00edculos e pedestres:<br>&nbsp;&nbsp;&nbsp;&nbsp; Infra\u00e7\u00e3o &#8211; m\u00e9dia;<br>&nbsp;&nbsp;&nbsp;&nbsp; Penalidade &#8211; multa.<\/p>\n\n\n\n<p>&nbsp;&nbsp;&nbsp;&nbsp;&nbsp;VIII &#8211; nos viadutos, pontes e t\u00faneis:<br>&nbsp;&nbsp;&nbsp;&nbsp; Infra\u00e7\u00e3o &#8211; m\u00e9dia;<br>&nbsp;&nbsp;&nbsp;&nbsp; Penalidade &#8211; multa.<\/p>\n\n\n\n<p>&nbsp;&nbsp;&nbsp;&nbsp;&nbsp;IX &#8211; na contram\u00e3o de dire\u00e7\u00e3o:<br>&nbsp;&nbsp;&nbsp;&nbsp; Infra\u00e7\u00e3o &#8211; m\u00e9dia;<br>&nbsp;&nbsp;&nbsp;&nbsp; Penalidade &#8211; multa.<\/p>\n\n\n\n<p>&nbsp;&nbsp;&nbsp;&nbsp;&nbsp;X &#8211; em local e hor\u00e1rio proibidos especificamente pela sinaliza\u00e7\u00e3o (placa &#8211; Proibido Parar):<br>&nbsp;&nbsp;&nbsp;&nbsp; Infra\u00e7\u00e3o &#8211; m\u00e9dia;<br>&nbsp;&nbsp;&nbsp;&nbsp; Penalidade &#8211; multa.<\/p>\n\n\n\n<p>&nbsp;&nbsp;&nbsp;&nbsp;&nbsp;Art. 183. Parar o ve\u00edculo sobre a faixa de pedestres na mudan\u00e7a de sinal luminoso:<br>&nbsp;&nbsp;&nbsp;&nbsp; Infra\u00e7\u00e3o &#8211; m\u00e9dia;<br>&nbsp;&nbsp;&nbsp;&nbsp; Penalidade &#8211; multa.<\/p>\n\n\n\n<p>&nbsp;&nbsp;&nbsp;&nbsp;&nbsp;Art. 184. Transitar com o ve\u00edculo:<\/p>\n\n\n\n<p>&nbsp;&nbsp;&nbsp;&nbsp;&nbsp;I &#8211; na faixa ou pista da direita, regulamentada como de circula\u00e7\u00e3o exclusiva para determinado tipo de ve\u00edculo, exceto para acesso a im\u00f3veis lindeiros ou convers\u00f5es \u00e0 direita:<br>&nbsp;&nbsp;&nbsp;&nbsp; Infra\u00e7\u00e3o &#8211; leve;<br>&nbsp;&nbsp;&nbsp;&nbsp; Penalidade &#8211; multa.<\/p>\n\n\n\n<p>&nbsp;&nbsp;&nbsp;&nbsp;&nbsp;II &#8211; na faixa ou pista da esquerda regulamentada como de circula\u00e7\u00e3o exclusiva para determinado tipo de ve\u00edculo:<br>&nbsp;&nbsp;&nbsp;&nbsp; Infra\u00e7\u00e3o &#8211; grave;<br>&nbsp;&nbsp;&nbsp;&nbsp; Penalidade &#8211; multa.<\/p>\n\n\n\n<p>&nbsp;&nbsp;&nbsp;&nbsp;&nbsp;Art. 185. Quando o ve\u00edculo estiver em movimento, deixar de conserv\u00e1-lo:<\/p>\n\n\n\n<p>&nbsp;&nbsp;&nbsp;&nbsp;&nbsp;I &#8211; na faixa a ele destinada pela sinaliza\u00e7\u00e3o de regulamenta\u00e7\u00e3o, exceto em situa\u00e7\u00f5es de emerg\u00eancia:<\/p>\n\n\n\n<p>&nbsp;&nbsp;&nbsp;&nbsp;&nbsp;II &#8211; nas faixas da direita, os ve\u00edculos lentos e de maior porte:<br>&nbsp;&nbsp;&nbsp;&nbsp; Infra\u00e7\u00e3o &#8211; m\u00e9dia;<br>&nbsp;&nbsp;&nbsp;&nbsp; Penalidade &#8211; multa.<\/p>\n\n\n\n<p>&nbsp;&nbsp;&nbsp;&nbsp;&nbsp;Art. 186. Transitar pela contram\u00e3o de dire\u00e7\u00e3o em:<br><br>&nbsp;&nbsp;&nbsp;&nbsp;&nbsp;I &#8211; vias com duplo sentido de circula\u00e7\u00e3o, exceto para ultrapassar outro ve\u00edculo e apenas pelo tempo necess\u00e1rio, respeitada a prefer\u00eancia do ve\u00edculo que transitar em sentido contr\u00e1rio:<br>&nbsp;&nbsp;&nbsp;&nbsp; Infra\u00e7\u00e3o &#8211; grave;<br>&nbsp;&nbsp;&nbsp;&nbsp; Penalidade &#8211; multa.<br><br>&nbsp;&nbsp;&nbsp;&nbsp;&nbsp;II &#8211; vias com sinaliza\u00e7\u00e3o de regulamenta\u00e7\u00e3o de sentido \u00fanico de circula\u00e7\u00e3o:<br>&nbsp;&nbsp;&nbsp;&nbsp; Infra\u00e7\u00e3o &#8211; grav\u00edssima;<br>&nbsp;&nbsp;&nbsp;&nbsp; Penalidade &#8211; multa.<br><br>&nbsp;&nbsp;&nbsp;&nbsp;&nbsp;Art. 187. Transitar em locais e hor\u00e1rios n\u00e3o permitidos pela regulamenta\u00e7\u00e3o estabelecida pela autoridade competente:<\/p>\n\n\n\n<p>&nbsp;&nbsp;&nbsp;&nbsp;&nbsp;I &#8211; para todos os tipos de ve\u00edculos:<br>&nbsp;&nbsp;&nbsp;&nbsp; Infra\u00e7\u00e3o &#8211; m\u00e9dia;<br>&nbsp;&nbsp;&nbsp;&nbsp; Penalidade &#8211; multa.<\/p>\n\n\n\n<p>&nbsp;&nbsp;&nbsp;&nbsp;&nbsp;II &#8211; especificamente para caminh\u00f5es e \u00f4nibus:<br>&nbsp;&nbsp;&nbsp;&nbsp; Infra\u00e7\u00e3o &#8211; grave;<br>&nbsp;&nbsp;&nbsp;&nbsp; Penalidade &#8211; multa.<\/p>\n\n\n\n<p>&nbsp;&nbsp;&nbsp;&nbsp;&nbsp;Art. 188. Transitar ao lado de outro ve\u00edculo, interrompendo ou perturbando o tr\u00e2nsito:<br>&nbsp;&nbsp;&nbsp;&nbsp; Infra\u00e7\u00e3o &#8211; m\u00e9dia;<br>&nbsp;&nbsp;&nbsp;&nbsp; Penalidade &#8211; multa.<\/p>\n\n\n\n<p>&nbsp;&nbsp;&nbsp;&nbsp;&nbsp;Art. 189. Deixar de dar passagem aos ve\u00edculos precedidos de batedores, de socorro de inc\u00eandio e salvamento, de pol\u00edcia, de opera\u00e7\u00e3o e fiscaliza\u00e7\u00e3o de tr\u00e2nsito e \u00e0s ambul\u00e2ncias, quando em servi\u00e7o de urg\u00eancia e devidamente identificados por dispositivos regulamentados de alarme sonoro e ilumina\u00e7\u00e3o vermelha intermitentes:<br>&nbsp;&nbsp;&nbsp;&nbsp; Infra\u00e7\u00e3o &#8211; grav\u00edssima;<br>&nbsp;&nbsp;&nbsp;&nbsp; Penalidade &#8211; multa.<\/p>\n\n\n\n<p>&nbsp;&nbsp;&nbsp;&nbsp;&nbsp;Art. 190. Seguir ve\u00edculo em servi\u00e7o de urg\u00eancia, estando este com prioridade de passagem devidamente identificada por dispositivos regulamentares de alarme sonoro e ilumina\u00e7\u00e3o vermelha intermitentes:<br>&nbsp;&nbsp;&nbsp;&nbsp; Infra\u00e7\u00e3o &#8211; grave;<br>&nbsp;&nbsp;&nbsp;&nbsp; Penalidade &#8211; multa.<\/p>\n\n\n\n<p>&nbsp;&nbsp;&nbsp;&nbsp;&nbsp;Art. 191. For\u00e7ar passagem entre ve\u00edculos que, transitando em sentidos opostos, estejam na imin\u00eancia de passar um pelo outro ao realizar opera\u00e7\u00e3o de ultrapassagem:<br>&nbsp;&nbsp;&nbsp;&nbsp; Infra\u00e7\u00e3o &#8211; grav\u00edssima;<br>&nbsp;&nbsp;&nbsp;&nbsp; Penalidade &#8211; multa.<\/p>\n\n\n\n<p>&nbsp;&nbsp;&nbsp;&nbsp;&nbsp;Art. 192. Deixar de guardar dist\u00e2ncia de seguran\u00e7a lateral e frontal entre o seu ve\u00edculo e os demais, bem como em rela\u00e7\u00e3o ao bordo da pista, considerando-se, no momento, a velocidade, as condi\u00e7\u00f5es clim\u00e1ticas do local da circula\u00e7\u00e3o e do ve\u00edculo:<br>&nbsp;&nbsp;&nbsp;&nbsp; Infra\u00e7\u00e3o &#8211; grave;<br>&nbsp;&nbsp;&nbsp;&nbsp; Penalidade &#8211; multa.<\/p>\n\n\n\n<p>&nbsp;&nbsp;&nbsp;&nbsp;&nbsp;Art. 193. Transitar com o ve\u00edculo em cal\u00e7adas, passeios, passarelas, ciclovias, ciclofaixas, ilhas, ref\u00fagios, ajardinamentos, canteiros centrais e divisores de pista de rolamento, acostamentos, marcas de canaliza\u00e7\u00e3o, gramados e jardins p\u00fablicos:<br>&nbsp;&nbsp;&nbsp;&nbsp; Infra\u00e7\u00e3o &#8211; grav\u00edssima;<br>&nbsp;&nbsp;&nbsp;&nbsp; Penalidade &#8211; multa (tr\u00eas vezes).<\/p>\n\n\n\n<p>&nbsp;&nbsp;&nbsp;&nbsp;&nbsp;Art. 194. Transitar em marcha \u00e0 r\u00e9, salvo da dist\u00e2ncia necess\u00e1ria a pequenas manobras e de forma a n\u00e3o causar riscos \u00e0 seguran\u00e7a:<br>&nbsp;&nbsp;&nbsp;&nbsp; Infra\u00e7\u00e3o &#8211; grave:<br>&nbsp;&nbsp;&nbsp;&nbsp; Penalidade &#8211; multa.<\/p>\n\n\n\n<p>&nbsp;&nbsp;&nbsp;&nbsp;&nbsp;Art. 195. Desobedecer \u00e1s ordens emanadas da autoridade competente de tr\u00e2nsito ou de seus agentes:<br>&nbsp;&nbsp;&nbsp;&nbsp; Infra\u00e7\u00e3o &#8211; grave;<br>&nbsp;&nbsp;&nbsp;&nbsp; Penalidade &#8211; multa.<\/p>\n\n\n\n<p>&nbsp;&nbsp;&nbsp;&nbsp;&nbsp;Art. 196. Deixar de indicar com anteced\u00eancia, mediante gesto regulamentar de bra\u00e7o ou luz indicadora de dire\u00e7\u00e3o do ve\u00edculo, o in\u00edcio da marcha, a realiza\u00e7\u00e3o da manobra de parar o ve\u00edculo, a mudan\u00e7a de dire\u00e7\u00e3o ou de faixa de circula\u00e7\u00e3o:<br>&nbsp;&nbsp;&nbsp;&nbsp; Infra\u00e7\u00e3o &#8211; grave;<br>&nbsp;&nbsp;&nbsp;&nbsp; Penalidade &#8211; multa.<\/p>\n\n\n\n<p>&nbsp;&nbsp;&nbsp;&nbsp;&nbsp;Art. 197. Deixar de deslocar, com anteced\u00eancia, o ve\u00edculo para a faixa mais \u00e0 esquerda ou mais \u00e0 direita, dentro da respectiva m\u00e3o de dire\u00e7\u00e3o, quando for manobrar para um desses lados:<br>&nbsp;&nbsp;&nbsp;&nbsp; Infra\u00e7\u00e3o &#8211; m\u00e9dia;<br>&nbsp;&nbsp;&nbsp;&nbsp; Penalidade &#8211; multa.<\/p>\n\n\n\n<p>&nbsp;&nbsp;&nbsp;&nbsp;&nbsp;Art. 198. Deixar de dar passagem pela esquerda, quando solicitado:<br>&nbsp;&nbsp;&nbsp;&nbsp; Infra\u00e7\u00e3o &#8211; m\u00e9dia;<br>&nbsp;&nbsp;&nbsp;&nbsp; Penalidade &#8211; multa.<\/p>\n\n\n\n<p>&nbsp;&nbsp;&nbsp;&nbsp;&nbsp;Art. 199. Ultrapassar pela direita, salvo quando o ve\u00edculo da frente estiver colocado na faixa apropriada e der sinal de que vai entrar \u00e0 esquerda:<br>&nbsp;&nbsp;&nbsp;&nbsp; Infra\u00e7\u00e3o &#8211; m\u00e9dia;<br>&nbsp;&nbsp;&nbsp;&nbsp; Penalidade &#8211; multa.<\/p>\n\n\n\n<p>&nbsp;&nbsp;&nbsp;&nbsp;&nbsp;Art. 200. Ultrapassar pela direita ve\u00edculo de transporte coletivo ou de escolares, parado para embarque ou desembarque de passageiros, salvo quando houver ref\u00fagio de seguran\u00e7a para o pedestre:<br>&nbsp;&nbsp;&nbsp;&nbsp; Infra\u00e7\u00e3o &#8211; grav\u00edssima;<br>&nbsp;&nbsp;&nbsp;&nbsp; Penalidade &#8211; multa.<\/p>\n\n\n\n<p>&nbsp;&nbsp;&nbsp;&nbsp;&nbsp;Art. 201. Deixar de guardar a dist\u00e2ncia lateral de um metro e cinq\u00fcenta cent\u00edmetros ao passar ou ultrapassar bicicleta:<br>&nbsp;&nbsp;&nbsp;&nbsp; Infra\u00e7\u00e3o &#8211; m\u00e9dia;<br>&nbsp;&nbsp;&nbsp;&nbsp; Penalidade &#8211; multa.<\/p>\n\n\n\n<p>&nbsp;&nbsp;&nbsp;&nbsp;&nbsp;Art. 202. Ultrapassar outro ve\u00edculo:<\/p>\n\n\n\n<p>&nbsp;&nbsp;&nbsp;&nbsp;&nbsp;I &#8211; pelo acostamento;<\/p>\n\n\n\n<p>&nbsp;&nbsp;&nbsp;&nbsp;&nbsp;II &#8211; em interse\u00e7\u00f5es e passagens de n\u00edvel;<br>&nbsp;&nbsp;&nbsp;&nbsp; Infra\u00e7\u00e3o &#8211; grave;<br>&nbsp;&nbsp;&nbsp;&nbsp; Penalidade &#8211; multa.<\/p>\n\n\n\n<p>&nbsp;&nbsp;&nbsp;&nbsp;&nbsp;Art. 203. Ultrapassar pela contram\u00e3o outro ve\u00edculo:<\/p>\n\n\n\n<p>&nbsp;&nbsp;&nbsp;&nbsp;&nbsp;I &#8211; nas curvas, aclives e declives, sem visibilidade suficiente;<\/p>\n\n\n\n<p>&nbsp;&nbsp;&nbsp;&nbsp;&nbsp;II &#8211; nas faixas de pedestre;<\/p>\n\n\n\n<p>&nbsp;&nbsp;&nbsp;&nbsp;&nbsp;III &#8211; nas pontes, viadutos ou t\u00faneis;<\/p>\n\n\n\n<p>&nbsp;&nbsp;&nbsp;&nbsp;&nbsp;IV &#8211; parado em fila junto a sinais luminosos, porteiras, cancelas, cruzamentos ou qualquer outro impedimento \u00e0 livre circula\u00e7\u00e3o,<\/p>\n\n\n\n<p>&nbsp;&nbsp;&nbsp;&nbsp;&nbsp;V &#8211; onde houver marca\u00e7\u00e3o vi\u00e1ria longitudinal de divis\u00e3o de fluxos opostos do tipo linha dupla cont\u00ednua ou simples continua amarela:<br>&nbsp;&nbsp;&nbsp;&nbsp; Infra\u00e7\u00e3o &#8211; grav\u00edssima;<br>&nbsp;&nbsp;&nbsp;&nbsp; Penalidade &#8211; multa.<\/p>\n\n\n\n<p>&nbsp;&nbsp;&nbsp;&nbsp;&nbsp;Art. 204. Deixar de parar o ve\u00edculo no acostamento \u00e0 direita, para aguardar a oportunidade de cruzar a pista ou entrar \u00e0 esquerda, onde n\u00e3o houver local apropriado para opera\u00e7\u00e3o de retorno:<br>&nbsp;&nbsp;&nbsp;&nbsp; Infra\u00e7\u00e3o &#8211; grave;<br>&nbsp;&nbsp;&nbsp;&nbsp; Penalidade &#8211; multa.<\/p>\n\n\n\n<p>&nbsp;&nbsp;&nbsp;&nbsp;&nbsp;Art. 205. Ultrapassar ve\u00edculo em movimento que interesse cortejo, pr\u00e9stito, desfile e forma\u00e7\u00f5es militares, salvo com autoriza\u00e7\u00e3o da autoridade de tr\u00e2nsito ou de seus agentes:<br>&nbsp;&nbsp;&nbsp;&nbsp; Infra\u00e7\u00e3o &#8211; leve;<br>&nbsp;&nbsp;&nbsp;&nbsp; Penalidade &#8211; multa.<\/p>\n\n\n\n<p>&nbsp;&nbsp;&nbsp;&nbsp;&nbsp;Art. 206. Executar opera\u00e7\u00e3o de retorno:<\/p>\n\n\n\n<p>&nbsp;&nbsp;&nbsp;&nbsp;&nbsp;I &#8211; em locais proibidos pela sinaliza\u00e7\u00e3o;<\/p>\n\n\n\n<p>&nbsp;&nbsp;&nbsp;&nbsp;&nbsp;II &#8211; nas curvas, aclives, declives, pontes viadutos e t\u00faneis;<\/p>\n\n\n\n<p>&nbsp;&nbsp;&nbsp;&nbsp;&nbsp;III &#8211; passando por cima de cal\u00e7ada, passeio, ilhas, ajardinamentos ou canteiros de divis\u00f5es de pista de rolamento, ref\u00fagios e faixas de pedestres e nas de ve\u00edculos n\u00e3o motorizados;<\/p>\n\n\n\n<p>&nbsp;&nbsp;&nbsp;&nbsp;&nbsp;IV &#8211; nas interse\u00e7\u00f5es, entrando na contram\u00e3o de dire\u00e7\u00e3o da via transversal;<\/p>\n\n\n\n<p>&nbsp;&nbsp;&nbsp;&nbsp;&nbsp;V &#8211; com preju\u00edzo da livre circula\u00e7\u00e3o ou da seguran\u00e7a, ainda que em locais permitidos:<br>&nbsp;&nbsp;&nbsp;&nbsp; Infra\u00e7\u00e3o &#8211; grav\u00edssima;<br>&nbsp;&nbsp;&nbsp;&nbsp; Penalidade &#8211; multa.<\/p>\n\n\n\n<p>&nbsp;&nbsp;&nbsp;&nbsp;&nbsp;Art. 207. Executar opera\u00e7\u00e3o de convers\u00e3o \u00e0 direita ou \u00e0 esquerda em locais proibidos pela sinaliza\u00e7\u00e3o:<br>&nbsp;&nbsp;&nbsp;&nbsp; Infra\u00e7\u00e3o &#8211; grave;<br>&nbsp;&nbsp;&nbsp;&nbsp; Penalidade &#8211; multa.<\/p>\n\n\n\n<p>&nbsp;&nbsp;&nbsp;&nbsp;&nbsp;Art. 208. Avan\u00e7ar o sinal vermelho do sem\u00e1foro ou o de parada obrigat\u00f3ria:<br>&nbsp;&nbsp;&nbsp;&nbsp; Infra\u00e7\u00e3o &#8211; grav\u00edssima;<br>&nbsp;&nbsp;&nbsp;&nbsp; Penalidade &#8211; multa.<\/p>\n\n\n\n<p>&nbsp;&nbsp;&nbsp;&nbsp;&nbsp;Art. 209. Transpor, sem autoriza\u00e7\u00e3o, bloqueio vi\u00e1rio com ou sem sinaliza\u00e7\u00e3o ou dispositivos auxiliares, deixar de adentrar \u00e0s \u00e1reas destinadas \u00e0 pesagem de ve\u00edculos ou evadir-se para n\u00e3o efetuar o pagamento do ped\u00e1gio:<br>&nbsp;&nbsp;&nbsp;&nbsp; Infra\u00e7\u00e3o &#8211; grave;<br>&nbsp;&nbsp;&nbsp;&nbsp; Penalidade &#8211; multa.<\/p>\n\n\n\n<p>&nbsp;&nbsp;&nbsp;&nbsp;&nbsp;Art. 210. Transpor, sem autoriza\u00e7\u00e3o, bloqueio vi\u00e1rio policial:<br>&nbsp;&nbsp;&nbsp;&nbsp; Infra\u00e7\u00e3o &#8211; grav\u00edssima;<br>&nbsp;&nbsp;&nbsp;&nbsp; Penalidade &#8211; multa, apreens\u00e3o do ve\u00edculo e suspens\u00e3o do direito de dirigir;<br>&nbsp;&nbsp;&nbsp;&nbsp; Medida administrativa &#8211; remo\u00e7\u00e3o do ve\u00edculo e recolhimento do documento de habilita\u00e7\u00e3o.<\/p>\n\n\n\n<p>&nbsp;&nbsp;&nbsp;&nbsp;&nbsp;Art. 211. Ultrapassar ve\u00edculos em fila, parados em raz\u00e3o de sinal luminoso, cancela, bloqueio vi\u00e1rio parcial ou qualquer outro obst\u00e1culo, com exce\u00e7\u00e3o dos ve\u00edculos n\u00e3o motorizado:<br>&nbsp;&nbsp;&nbsp;&nbsp; Infra\u00e7\u00e3o &#8211; grave;<br>&nbsp;&nbsp;&nbsp;&nbsp; Penalidade &#8211; multa.<\/p>\n\n\n\n<p>&nbsp;&nbsp;&nbsp;&nbsp;&nbsp;Art. 212. Deixar de parar o ve\u00edculo antes de transpor Iinha f\u00e9rrea:<br>&nbsp;&nbsp;&nbsp;&nbsp; Infra\u00e7\u00e3o &#8211; grav\u00edssima;<br>&nbsp;&nbsp;&nbsp;&nbsp; Penalidade &#8211; multa.<\/p>\n\n\n\n<p>&nbsp;&nbsp;&nbsp;&nbsp;&nbsp;Art. 213. Deixar de parar o ve\u00edculo sempre que a respectiva marcha for interceptada:<\/p>\n\n\n\n<p>&nbsp;&nbsp;&nbsp;&nbsp;&nbsp;I &#8211; por agrupamento de pessoas, como pr\u00e9stitos, passeatas, desfiles e outros:<br>&nbsp;&nbsp;&nbsp;&nbsp; Infra\u00e7\u00e3o &#8211; grav\u00edssima;<br>&nbsp;&nbsp;&nbsp;&nbsp; Penalidade &#8211; multa.<\/p>\n\n\n\n<p>&nbsp;&nbsp;&nbsp;&nbsp;&nbsp;II &#8211; por agrupamento de ve\u00edculos, como cortejos, forma\u00e7\u00f5es militares e outros:<br>&nbsp;&nbsp;&nbsp;&nbsp; Infra\u00e7\u00e3o &#8211; grave;<br>&nbsp;&nbsp;&nbsp;&nbsp; Penalidade &#8211; multa.<\/p>\n\n\n\n<p>&nbsp;&nbsp;&nbsp;&nbsp;&nbsp;Art. 214. Deixar de dar prefer\u00eancia de passarem a pedestre e a ve\u00edculo n\u00e3o motorizado:<\/p>\n\n\n\n<p>&nbsp;&nbsp;&nbsp;&nbsp;&nbsp;I &#8211; que se encontre na faixa a ele destinada;<\/p>\n\n\n\n<p>&nbsp;&nbsp;&nbsp;&nbsp;&nbsp;II &#8211; que n\u00e3o haja conclu\u00eddo a travessia mesmo que ocorra sinal verde para o ve\u00edculo;<\/p>\n\n\n\n<p>&nbsp;&nbsp;&nbsp;&nbsp;&nbsp;III &#8211; portadores de defici\u00eancia f\u00edsica, crian\u00e7as, idosos e gestantes;<br>&nbsp;&nbsp;&nbsp;&nbsp; Infra\u00e7\u00e3o &#8211; grav\u00edssima;<br>&nbsp;&nbsp;&nbsp;&nbsp; Penalidade &#8211; multa.<\/p>\n\n\n\n<p>&nbsp;&nbsp;&nbsp;&nbsp;&nbsp;IV &#8211; quando houver iniciado a travessia mesmo que n\u00e3o haja sinaliza\u00e7\u00e3o a ele destinada;<\/p>\n\n\n\n<p>&nbsp;&nbsp;&nbsp;&nbsp;&nbsp;V &#8211; que esteja atravessando a via transversal para onde se dirige o ve\u00edculo:<br>&nbsp;&nbsp;&nbsp;&nbsp; Infra\u00e7\u00e3o &#8211; grave;<br>&nbsp;&nbsp;&nbsp;&nbsp; Penalidade &#8211; multa.<\/p>\n\n\n\n<p>&nbsp;&nbsp;&nbsp;&nbsp;&nbsp;Art. 215. Deixar de dar prefer\u00eancia de passagem:<\/p>\n\n\n\n<p>&nbsp;&nbsp;&nbsp;&nbsp;&nbsp;I &#8211; em interse\u00e7\u00e3o n\u00e3o sinalizada;<\/p>\n\n\n\n<figure class=\"wp-block-table\"><table class=\"has-fixed-layout\"><tbody><tr><td><\/td><td><em>a)<\/em><\/td><td>a ve\u00edculo que estiver circulando por rodovia ou rotat\u00f3ria;<\/td><\/tr><\/tbody><\/table><\/figure>\n\n\n\n<figure class=\"wp-block-table\"><table class=\"has-fixed-layout\"><tbody><tr><td><\/td><td><em>b)<\/em><\/td><td>a ve\u00edculo que vier da direita;<\/td><\/tr><\/tbody><\/table><\/figure>\n\n\n\n<p>&nbsp;&nbsp;&nbsp;&nbsp;&nbsp;II &#8211; nas interse\u00e7\u00f5es com sinaliza\u00e7\u00e3o de regulamenta\u00e7\u00e3o de D\u00ea a Prefer\u00eancia:<br>&nbsp;&nbsp;&nbsp;&nbsp; Infra\u00e7\u00e3o &#8211; grave;<br>&nbsp;&nbsp;&nbsp;&nbsp; Penalidade &#8211; multa.<\/p>\n\n\n\n<p>&nbsp;&nbsp;&nbsp;&nbsp;&nbsp;Art. 216. Entrar ou sair de \u00e1reas lindeiras sem estar adequadamente posicionado para ingresso na via e sem as precau\u00e7\u00f5es com a seguran\u00e7a de pedestres e de outros ve\u00edculos:<br>&nbsp;&nbsp;&nbsp;&nbsp; Infra\u00e7\u00e3o &#8211; m\u00e9dia;<br>&nbsp;&nbsp;&nbsp;&nbsp; Penalidade &#8211; multa.<\/p>\n\n\n\n<p>&nbsp;&nbsp;&nbsp;&nbsp;&nbsp;Art. 217. Entrar ou sair de fila de ve\u00edculos estacionados sem dar prefer\u00eancia de passagem a pedestres e a outros ve\u00edculos:<br>&nbsp;&nbsp;&nbsp;&nbsp; Infra\u00e7\u00e3o &#8211; m\u00e9dia;<br>&nbsp;&nbsp;&nbsp;&nbsp; Penalidade &#8211; multa.<\/p>\n\n\n\n<p>&nbsp;&nbsp;&nbsp;&nbsp;&nbsp;Art. 218. Transitar em velocidade superior \u00e0 m\u00e1xima permitida para o local, medida por instrumento ou equipamento h\u00e1bil:<\/p>\n\n\n\n<p>&nbsp;&nbsp;&nbsp;&nbsp;&nbsp;I &#8211; em rodovias, vias de tr\u00e2nsito r\u00e1pido e vias arteriais;<\/p>\n\n\n\n<figure class=\"wp-block-table\"><table class=\"has-fixed-layout\"><tbody><tr><td><\/td><td><em>a)<\/em><\/td><td>quando a velocidade for superior \u00e0 m\u00e1xima em at\u00e9 vinte por cento:<br>Infra\u00e7\u00e3o &#8211; grave;<br>Penalidade &#8211; multa.<\/td><\/tr><\/tbody><\/table><\/figure>\n\n\n\n<figure class=\"wp-block-table\"><table class=\"has-fixed-layout\"><tbody><tr><td><\/td><td><em>b)<\/em><\/td><td>quando a velocidade for superior \u00e0 m\u00e1xima em mais de vinte por cento:<br>Infra\u00e7\u00e3o &#8211; grav\u00edssima;<br>Penalidade &#8211; multa (tr\u00eas vezes) e suspens\u00e3o do direito de dirigir;<\/td><\/tr><\/tbody><\/table><\/figure>\n\n\n\n<p>&nbsp;&nbsp;&nbsp;&nbsp;&nbsp;II &#8211; demais vias:<\/p>\n\n\n\n<figure class=\"wp-block-table\"><table class=\"has-fixed-layout\"><tbody><tr><td><\/td><td><em>a)<\/em><\/td><td>quando a velocidade for superior \u00e0 m\u00e1xima em at\u00e9 cinq\u00fcenta por cento:<br>Infra\u00e7\u00e3o &#8211; grave;<br>Penalidade &#8211; multa;<\/td><\/tr><\/tbody><\/table><\/figure>\n\n\n\n<figure class=\"wp-block-table\"><table class=\"has-fixed-layout\"><tbody><tr><td><\/td><td><em>b)<\/em><\/td><td>quando a velocidade for superior \u00e0 m\u00e1xima em mais de 50% (cinq\u00fcenta por cento):<br>Infra\u00e7\u00e3o &#8211; grav\u00edssima;<br>Penalidade &#8211; multa (tr\u00eas vezes) e suspens\u00e3o do direito de dirigir;<br>Medida administrativa &#8211; recolhimento do documento de habilita\u00e7\u00e3o.<\/td><\/tr><\/tbody><\/table><\/figure>\n\n\n\n<p>&nbsp;&nbsp;&nbsp;&nbsp;&nbsp;Art. 219. Transitar com o ve\u00edculo em velocidade inferior \u00e0 metade da velocidade m\u00e1xima estabelecida para a via, retardando ou obstruindo o tr\u00e2nsito, a menos que as condi\u00e7\u00f5es de tr\u00e1fego e meteorol\u00f3gicas n\u00e3o o permitam, salvo se estiver na faixa da direita:<br>&nbsp;&nbsp;&nbsp;&nbsp; Infra\u00e7\u00e3o &#8211; m\u00e9dia;<br>&nbsp;&nbsp;&nbsp;&nbsp; Penalidade &#8211; multa.<\/p>\n\n\n\n<p>&nbsp;&nbsp;&nbsp;&nbsp;&nbsp;Art. 220. Deixar de reduzir a velocidade do ve\u00edculo de forma compat\u00edvel com a seguran\u00e7a do tr\u00e2nsito:<\/p>\n\n\n\n<p>&nbsp;&nbsp;&nbsp;&nbsp;&nbsp;I &#8211; quando se aproximar de passeatas, Aglomera\u00e7\u00f5es, cortejos, pr\u00e9stitos e desfiles:<br>&nbsp;&nbsp;&nbsp;&nbsp; Infra\u00e7\u00e3o &#8211; grav\u00edssima;<br>&nbsp;&nbsp;&nbsp;&nbsp; Penalidade &#8211; multa.<\/p>\n\n\n\n<p>&nbsp;&nbsp;&nbsp;&nbsp;&nbsp;II &#8211; nos locais onde o tr\u00e2nsito esteja sendo controlado pelo agente da autoridade de tr\u00e2nsito, mediante sinais sonoros ou gestos;<\/p>\n\n\n\n<p>&nbsp;&nbsp;&nbsp;&nbsp;&nbsp;III &#8211; ao aproximar-se da guia da cal\u00e7ada (meio-fio) ou acostamento;<\/p>\n\n\n\n<p>&nbsp;&nbsp;&nbsp;&nbsp;&nbsp;IV &#8211; ao aproximar-se de ou passar por interse\u00e7\u00e3o n\u00e3o sinalizada;<\/p>\n\n\n\n<p>&nbsp;&nbsp;&nbsp;&nbsp;&nbsp;V &#8211; nas vias rurais cuja faixa de dom\u00ednio n\u00e3o esteja cercada;<\/p>\n\n\n\n<p>&nbsp;&nbsp;&nbsp;&nbsp;&nbsp;VI &#8211; nos trechos em curva de pequeno raio;<\/p>\n\n\n\n<p>&nbsp;&nbsp;&nbsp;&nbsp;&nbsp;VII &#8211; ao aproximar-se de locais sinalizados com advert\u00eancia de obras ou trabalhadores na pista:<\/p>\n\n\n\n<p>&nbsp;&nbsp;&nbsp;&nbsp;&nbsp;VIII &#8211; sob chuva, neblina, cerra\u00e7\u00e3o ou ventos fortes;<\/p>\n\n\n\n<p>&nbsp;&nbsp;&nbsp;&nbsp;&nbsp;IX &#8211; quando houver m\u00e1 visibilidade;<\/p>\n\n\n\n<p>&nbsp;&nbsp;&nbsp;&nbsp;&nbsp;X &#8211; quando o pavimento se apresentar escorregadio, defeituoso ou avariado;<\/p>\n\n\n\n<p>&nbsp;&nbsp;&nbsp;&nbsp;&nbsp;XI &#8211; \u00e0 aproxima\u00e7\u00e3o de animais na pista;<\/p>\n\n\n\n<p>&nbsp;&nbsp;&nbsp;&nbsp;&nbsp;XII &#8211; em declive;<\/p>\n\n\n\n<p>&nbsp;&nbsp;&nbsp;&nbsp;&nbsp;XIII &#8211; ao ultrapassar ciclista;<br>&nbsp;&nbsp;&nbsp;&nbsp; Infra\u00e7\u00e3o &#8211; grave;<br>&nbsp;&nbsp;&nbsp;&nbsp; Penalidade &#8211; multa.<\/p>\n\n\n\n<p>&nbsp;&nbsp;&nbsp;&nbsp;&nbsp;XIV &#8211; nas proximidades de escolas, hospitais, esta\u00e7\u00f5es de embarque e desembarque de passageiros ou onde haja intensa movimenta\u00e7\u00e3o de pedestres:<br>&nbsp;&nbsp;&nbsp;&nbsp; Infra\u00e7\u00e3o &#8211; grav\u00edssima;<br>&nbsp;&nbsp;&nbsp;&nbsp; Penalidade &#8211; multa.<\/p>\n\n\n\n<p>&nbsp;&nbsp;&nbsp;&nbsp;&nbsp;Art. 221. Portar no ve\u00edculo placas de identifica\u00e7\u00e3o em desacordo com as especifica\u00e7\u00f5es e modelos estabelecidos pelo CONTRAN:<br>&nbsp;&nbsp;&nbsp;&nbsp; Infra\u00e7\u00e3o &#8211; m\u00e9dia;<br>&nbsp;&nbsp;&nbsp;&nbsp; Penalidade &#8211; multa;<br>&nbsp;&nbsp;&nbsp;&nbsp; Medida administrativa &#8211; reten\u00e7\u00e3o do ve\u00edculo para regulariza\u00e7\u00e3o e apreens\u00e3o das placas irregulares.<\/p>\n\n\n\n<p><em>Par\u00e1grafo \u00fanico.&nbsp;<\/em>Incide na mesma penalidade aquele que confecciona, distribui ou coloca, em ve\u00edculo pr\u00f3prio ou de terceiros, placas de identifica\u00e7\u00e3o n\u00e3o autorizadas pela regulamenta\u00e7\u00e3o.<\/p>\n\n\n\n<p>&nbsp;&nbsp;&nbsp;&nbsp;&nbsp;Art. 222. Deixar de manter ligado, nas situa\u00e7\u00f5es de atendimento de emerg\u00eancia, o sistema de ilumina\u00e7\u00e3o vermelha intermitente dos ve\u00edculos de pol\u00edcia, de socorro de inc\u00eandio e salvamento, de fiscaliza\u00e7\u00e3o de tr\u00e2nsito e das ambul\u00e2ncias, ainda que parados:<br>&nbsp;&nbsp;&nbsp;&nbsp; Infra\u00e7\u00e3o &#8211; m\u00e9dia;<br>&nbsp;&nbsp;&nbsp;&nbsp; Penalidade &#8211; multa.<\/p>\n\n\n\n<p>&nbsp;&nbsp;&nbsp;&nbsp;&nbsp;Art. 223. Transitar com o farol desregulado ou com o facho de luz alta de forma a perturbar a vis\u00e3o de outro condutor:<br>&nbsp;&nbsp;&nbsp;&nbsp; Infra\u00e7\u00e3o &#8211; grave;<br>&nbsp;&nbsp;&nbsp;&nbsp; Penalidade &#8211; multa;<br>&nbsp;&nbsp;&nbsp;&nbsp; Medida administrativa &#8211; reten\u00e7\u00e3o do ve\u00edculo para regulariza\u00e7\u00e3o.<\/p>\n\n\n\n<p>&nbsp;&nbsp;&nbsp;&nbsp;&nbsp;Art. 224. Fazer uso do facho de luz alta dos far\u00f3is em vias providas de ilumina\u00e7\u00e3o p\u00fablica:<br>&nbsp;&nbsp;&nbsp;&nbsp; Infra\u00e7\u00e3o &#8211; leve;<br>&nbsp;&nbsp;&nbsp;&nbsp; Penalidade &#8211; multa.<\/p>\n\n\n\n<p>&nbsp;&nbsp;&nbsp;&nbsp;&nbsp;Art. 225. Deixar de sinalizar a via, de forma a prevenir os demais condutores e, \u00e0 noite, n\u00e3o manter acesas as luzes externas ou omitir-se quanto a provid\u00eancias necess\u00e1rias para tomar vis\u00edvel o local, quando:<\/p>\n\n\n\n<p>&nbsp;&nbsp;&nbsp;&nbsp;&nbsp;I &#8211; tiver de remover o ve\u00edculo da pista de rolamento ou permanecer no acostamento;<\/p>\n\n\n\n<p>&nbsp;&nbsp;&nbsp;&nbsp;&nbsp;II &#8211; a carga for derramada sobre a via e n\u00e3o puder ser retirada imediatamente:<br>&nbsp;&nbsp;&nbsp;&nbsp; Infra\u00e7\u00e3o &#8211; grave;<br>&nbsp;&nbsp;&nbsp;&nbsp; Penalidade &#8211; multa.<\/p>\n\n\n\n<p>&nbsp;&nbsp;&nbsp;&nbsp;&nbsp;Art. 226. Deixar de retirar todo e qualquer objeto que tenha sido utilizado para sinaliza\u00e7\u00e3o tempor\u00e1ria da via:<br>&nbsp;&nbsp;&nbsp;&nbsp; Infra\u00e7\u00e3o &#8211; m\u00e9dia;<br>&nbsp;&nbsp;&nbsp;&nbsp; Penalidade &#8211; multa.<\/p>\n\n\n\n<p>&nbsp;&nbsp;&nbsp;&nbsp;&nbsp;Art. 227. Usar buzina:<\/p>\n\n\n\n<p>&nbsp;&nbsp;&nbsp;&nbsp;&nbsp;I &#8211; em situa\u00e7\u00e3o que n\u00e3o a de simples toque breve como advert\u00eancia ao pedestre ou a condutores de outros ve\u00edculos:<\/p>\n\n\n\n<p>&nbsp;&nbsp;&nbsp;&nbsp;&nbsp;II &#8211; prolongada e sucessivamente a qualquer pretexto;<\/p>\n\n\n\n<p>&nbsp;&nbsp;&nbsp;&nbsp;&nbsp;III &#8211; entre as vinte e duas e as seis horas;<\/p>\n\n\n\n<p>&nbsp;&nbsp;&nbsp;&nbsp;&nbsp;IV &#8211; em locais e hor\u00e1rios proibidos pela sinaliza\u00e7\u00e3o;<\/p>\n\n\n\n<p>&nbsp;&nbsp;&nbsp;&nbsp;&nbsp;V &#8211; em desacordo com os padr\u00f5es e freq\u00fc\u00eancias estabelecidas pelo CONTRAN:<br>&nbsp;&nbsp;&nbsp;&nbsp; Infra\u00e7\u00e3o &#8211; leve;<br>&nbsp;&nbsp;&nbsp;&nbsp; Penalidade &#8211; multa.<\/p>\n\n\n\n<p>&nbsp;&nbsp;&nbsp;&nbsp;&nbsp;Art. 228. Usar no ve\u00edculo equipamento com som em volume ou freq\u00fc\u00eancia que n\u00e3o sejam autorizados pelo CONTRAN:<br>&nbsp;&nbsp;&nbsp;&nbsp; Infra\u00e7\u00e3o &#8211; grave;<br>&nbsp;&nbsp;&nbsp;&nbsp; Penalidade &#8211; multa.<br>&nbsp;&nbsp;&nbsp;&nbsp; Medida administrativa &#8211; reten\u00e7\u00e3o do ve\u00edculo para regulariza\u00e7\u00e3o.<\/p>\n\n\n\n<p>&nbsp;&nbsp;&nbsp;&nbsp;&nbsp;Art. 229. Usar indevidamente no ve\u00edculo aparelho de alarme ou que produza sons e ru\u00eddo que perturbem o sossego p\u00fablico, em desacordo com normas fixadas pelo CONTRAN:<br>&nbsp;&nbsp;&nbsp;&nbsp; Infra\u00e7\u00e3o &#8211; m\u00e9dia;<br>&nbsp;&nbsp;&nbsp;&nbsp; Penalidade &#8211; multa e apreens\u00e3o do ve\u00edculo;<br>&nbsp;&nbsp;&nbsp;&nbsp; Medida administrativa &#8211; remo\u00e7\u00e3o do ve\u00edculo.<\/p>\n\n\n\n<p>&nbsp;&nbsp;&nbsp;&nbsp;&nbsp;Art. 230. Conduzir o ve\u00edculo:<\/p>\n\n\n\n<p>&nbsp;&nbsp;&nbsp;&nbsp;&nbsp;I &#8211; com o lacre, a inscri\u00e7\u00e3o do chassi, o selo, a placa ou qualquer outro elemento de identifica\u00e7\u00e3o do ve\u00edculo violado ou falsificado;<\/p>\n\n\n\n<p>&nbsp;&nbsp;&nbsp;&nbsp;&nbsp;II &#8211; transportando passageiros em compartimento de carga, salvo por motivo de for\u00e7a maior, com permiss\u00e3o da autoridade competente e na forma estabelecida pelo CONTRAN;<\/p>\n\n\n\n<p>&nbsp;&nbsp;&nbsp;&nbsp;&nbsp;III &#8211; com dispositivo anti-radar;<\/p>\n\n\n\n<p>&nbsp;&nbsp;&nbsp;&nbsp;&nbsp;IV &#8211; sem qualquer uma das placas de identifica\u00e7\u00e3o;<\/p>\n\n\n\n<p>&nbsp;&nbsp;&nbsp;&nbsp;&nbsp;V &#8211; que n\u00e3o esteja registrado e devidamente licenciado;<\/p>\n\n\n\n<p>&nbsp;&nbsp;&nbsp;&nbsp;&nbsp;VI &#8211; com qualquer uma das placas de identifica\u00e7\u00e3o sem condi\u00e7\u00f5es de legibilidade e visibilidade:<\/p>\n\n\n\n<p>&nbsp;&nbsp;&nbsp;&nbsp; Infra\u00e7\u00e3o &#8211; grav\u00edssima;&nbsp;<\/p>\n\n\n\n<p>&nbsp;&nbsp;&nbsp;&nbsp; Penalidade &#8211; multa e apreens\u00e3o do ve\u00edculo;<\/p>\n\n\n\n<p>&nbsp;&nbsp;&nbsp;&nbsp; Medida administrativa &#8211; remo\u00e7\u00e3o do ve\u00edculo:<\/p>\n\n\n\n<p>&nbsp;&nbsp;&nbsp;&nbsp;&nbsp;VII &#8211; com a cor ou caracter\u00edstica alterada;<\/p>\n\n\n\n<p>&nbsp;&nbsp;&nbsp;&nbsp;&nbsp;VIII &#8211; sem ter sido submetido \u00e0 inspe\u00e7\u00e3o de seguran\u00e7a veicular, quando obrigat\u00f3ria;<\/p>\n\n\n\n<p>&nbsp;&nbsp;&nbsp;&nbsp;&nbsp;IX &#8211; sem equipamento obrigat\u00f3rio ou estando este ineficiente ou inoperante;<\/p>\n\n\n\n<p>&nbsp;&nbsp;&nbsp;&nbsp;&nbsp;X &#8211; com equipamento obrigat\u00f3rio em desacordo com o estabelecido pelo CONTRAN;<\/p>\n\n\n\n<p>&nbsp;&nbsp;&nbsp;&nbsp;&nbsp;XI &#8211; com descarga livre ou silenciador de motor de explos\u00e3o defeituoso, deficiente ou inoperante;<\/p>\n\n\n\n<p>&nbsp;&nbsp;&nbsp;&nbsp;&nbsp;XII &#8211; com equipamento ou acess\u00f3rio proibido;<\/p>\n\n\n\n<p>&nbsp;&nbsp;&nbsp;&nbsp;&nbsp;XIII &#8211; com o equipamento do sistema de ilumina\u00e7\u00e3o e de sinaliza\u00e7\u00e3o alterados;<\/p>\n\n\n\n<p>&nbsp;&nbsp;&nbsp;&nbsp;&nbsp;XIV &#8211; com registrador instant\u00e2neo inalter\u00e1vel de velocidade e tempo viciado ou defeituoso, quando houver exig\u00eancia desse aparelho;<\/p>\n\n\n\n<p>&nbsp;&nbsp;&nbsp;&nbsp;&nbsp;XV &#8211; com inscri\u00e7\u00f5es, adesivos, legendas e s\u00edmbolos de car\u00e1ter publicit\u00e1rio afixados ou pintados no p\u00e1ra-brisa e em toda a extens\u00e3o da parte traseira do ve\u00edculo, excetuadas as hip\u00f3teses previstas neste C\u00f3digo;<\/p>\n\n\n\n<p>&nbsp;&nbsp;&nbsp;&nbsp;&nbsp;XVI &#8211; com vidros total ou parcialmente cobertos por pel\u00edculas refletivas ou n\u00e3o, pain\u00e9is decorativos ou pinturas;<\/p>\n\n\n\n<p>&nbsp;&nbsp;&nbsp;&nbsp;&nbsp;XVII &#8211; com cortinas ou persianas fechadas, n\u00e3o autorizadas pela legisla\u00e7\u00e3o;<\/p>\n\n\n\n<p>&nbsp;&nbsp;&nbsp;&nbsp;&nbsp;XVIII &#8211; em mau estado de conserva\u00e7\u00e3o, comprometendo a seguran\u00e7a, ou reprovado na avalia\u00e7\u00e3o de inspe\u00e7\u00e3o de seguran\u00e7a e de emiss\u00e3o de poluentes e ru\u00eddo, prevista no art. 104;<\/p>\n\n\n\n<p>&nbsp;&nbsp;&nbsp;&nbsp;&nbsp;XIX &#8211; sem acionar o limpador de p\u00e1ra-brisa sob chuva:<br>&nbsp;&nbsp;&nbsp;&nbsp; Infra\u00e7\u00e3o &#8211; grave;<br>&nbsp;&nbsp;&nbsp;&nbsp; Penalidade &#8211; multa;<br>&nbsp;&nbsp;&nbsp;&nbsp; Medida administrativa &#8211; reten\u00e7\u00e3o do veiculo para regulariza\u00e7\u00e3o;<\/p>\n\n\n\n<p>&nbsp;&nbsp;&nbsp;&nbsp;&nbsp;XX &#8211; sem portar a autoriza\u00e7\u00e3o para condu\u00e7\u00e3o de escolares, na forma estabelecida no art. 136:<br>&nbsp;&nbsp;&nbsp;&nbsp; Infra\u00e7\u00e3o &#8211; grave;<br>&nbsp;&nbsp;&nbsp;&nbsp; Penalidade &#8211; multa e apreens\u00e3o do ve\u00edculo;<\/p>\n\n\n\n<p>&nbsp;&nbsp;&nbsp;&nbsp;&nbsp;XXI &#8211; de carga, com falta de inscri\u00e7\u00e3o da tara e demais inscri\u00e7\u00f5es previstas neste C\u00f3digo;<\/p>\n\n\n\n<p>&nbsp;&nbsp;&nbsp;&nbsp;&nbsp;XXII &#8211; com defeito no sistema de ilumina\u00e7\u00e3o, de sinaliza\u00e7\u00e3o ou com l\u00e2mpadas queimadas:<br>&nbsp;&nbsp;&nbsp;&nbsp; Infra\u00e7\u00e3o &#8211; m\u00e9dia;<br>&nbsp;&nbsp;&nbsp;&nbsp; Penalidade &#8211; multa.<\/p>\n\n\n\n<p>&nbsp;&nbsp;&nbsp;&nbsp;&nbsp;Art. 231. Transitar com o ve\u00edculo:<\/p>\n\n\n\n<p>&nbsp;&nbsp;&nbsp;&nbsp;&nbsp;I &#8211; danificando a via, suas instala\u00e7\u00f5es e equipamentos;<\/p>\n\n\n\n<p>&nbsp;&nbsp;&nbsp;&nbsp;&nbsp;II &#8211; derramando, lan\u00e7ando ou arrastando sobre a via:<\/p>\n\n\n\n<figure class=\"wp-block-table\"><table class=\"has-fixed-layout\"><tbody><tr><td><\/td><td><em>a)<\/em><\/td><td>carga que esteja transportando;<\/td><\/tr><\/tbody><\/table><\/figure>\n\n\n\n<figure class=\"wp-block-table\"><table class=\"has-fixed-layout\"><tbody><tr><td><\/td><td><em>b)<\/em><\/td><td>combust\u00edvel ou lubrificante que esteja utilizando;<\/td><\/tr><\/tbody><\/table><\/figure>\n\n\n\n<figure class=\"wp-block-table\"><table class=\"has-fixed-layout\"><tbody><tr><td><\/td><td><em>c)<\/em><\/td><td>qualquer objeto que possa acarretar risco de acidente:<br>Infra\u00e7\u00e3o &#8211; grav\u00edssima;<br>Penalidade &#8211; multa;<br>Medida administrativa &#8211; reten\u00e7\u00e3o do ve\u00edculo para regulariza\u00e7\u00e3o;<\/td><\/tr><\/tbody><\/table><\/figure>\n\n\n\n<p>&nbsp;&nbsp;&nbsp;&nbsp;&nbsp;III &#8211; produzindo fuma\u00e7a, gases ou part\u00edculas em n\u00edveis superiores aos fixados pelo CONTRAN;<\/p>\n\n\n\n<p>&nbsp;&nbsp;&nbsp;&nbsp;&nbsp;IV &#8211; com suas dimens\u00f5es ou de sua carga superiores aos limites estabelecidos legalmente ou pela sinaliza\u00e7\u00e3o, sem autoriza\u00e7\u00e3o:<br>&nbsp;&nbsp;&nbsp;&nbsp; Infra\u00e7\u00e3o &#8211; grave;<br>&nbsp;&nbsp;&nbsp;&nbsp; Penalidade &#8211; multa;<br>&nbsp;&nbsp;&nbsp;&nbsp; Medida administrativa &#8211; reten\u00e7\u00e3o do ve\u00edculo para regulariza\u00e7\u00e3o;<\/p>\n\n\n\n<p>&nbsp;&nbsp;&nbsp;&nbsp;&nbsp;V &#8211; com excesso de peso, admitido percentual de toler\u00e2ncia quando aferido por equipamento, na forma a ser estabeleci a pelo CONTRAN:<br>&nbsp;&nbsp;&nbsp;&nbsp; Infra\u00e7\u00e3o &#8211; m\u00e9dia;<br>&nbsp;&nbsp;&nbsp;&nbsp; Penalidade &#8211; multa acrescida a cada duzentos quilogramas ou fra\u00e7\u00e3o de excesso de peso apurado, constante na seguinte tabela:<\/p>\n\n\n\n<figure class=\"wp-block-table\"><table class=\"has-fixed-layout\"><tbody><tr><td><\/td><td><em>a)<\/em><\/td><td>at\u00e9 seiscentos quilogramas &#8211; 5 (cinco) UFIR;<\/td><\/tr><\/tbody><\/table><\/figure>\n\n\n\n<figure class=\"wp-block-table\"><table class=\"has-fixed-layout\"><tbody><tr><td><\/td><td><em>b)<\/em><\/td><td>de seiscentos e um a oitocentos quilogramas &#8211; 10 (dez) UFIR;<\/td><\/tr><\/tbody><\/table><\/figure>\n\n\n\n<figure class=\"wp-block-table\"><table class=\"has-fixed-layout\"><tbody><tr><td><\/td><td><em>c)<\/em><\/td><td>de oitocentos e um a um mil quilogramas &#8211; 20 (vinte) UFIR;<\/td><\/tr><\/tbody><\/table><\/figure>\n\n\n\n<figure class=\"wp-block-table\"><table class=\"has-fixed-layout\"><tbody><tr><td><\/td><td><em>d)<\/em><\/td><td>de um mil e um a tr\u00eas mil quilogramas &#8211; 30 (trinta) UFIR;<\/td><\/tr><\/tbody><\/table><\/figure>\n\n\n\n<figure class=\"wp-block-table\"><table class=\"has-fixed-layout\"><tbody><tr><td><\/td><td><em>e)<\/em><\/td><td>de tr\u00eas mil e um a cinco mil quilogramas &#8211; 40 (quarenta) UFIR;<\/td><\/tr><\/tbody><\/table><\/figure>\n\n\n\n<figure class=\"wp-block-table\"><table class=\"has-fixed-layout\"><tbody><tr><td><\/td><td><em>f)<\/em><\/td><td>acima de cinco mil e um quilogramas &#8211; 50 (cinq\u00fcenta) UFIR;<br>Medida administrativa &#8211; reten\u00e7\u00e3o do ve\u00edculo e transbordo da carga excedentes;<\/td><\/tr><\/tbody><\/table><\/figure>\n\n\n\n<p>&nbsp;&nbsp;&nbsp;&nbsp;&nbsp;VI &#8211; em desacordo com a autoriza\u00e7\u00e3o especial, expedida pela autoridade competente para transitar com dimens\u00f5es excedentes, ou quando a mesma estiver vencida:<br>&nbsp;&nbsp;&nbsp;&nbsp; Infra\u00e7\u00e3o &#8211; grave;<br>&nbsp;&nbsp;&nbsp;&nbsp; Penalidade &#8211; multa e apreens\u00e3o do ve\u00edculo;<br>&nbsp;&nbsp;&nbsp;&nbsp; Medida administrativa &#8211; remo\u00e7\u00e3o do ve\u00edculo;<\/p>\n\n\n\n<p>&nbsp;&nbsp;&nbsp;&nbsp;&nbsp;VII &#8211; com lota\u00e7\u00e3o excedente;<\/p>\n\n\n\n<p>&nbsp;&nbsp;&nbsp;&nbsp;&nbsp;VIII &#8211; efetuando transporte remunerado de pessoas ou bens, quando n\u00e3o for licenciado para esse fim, salvo casos de for\u00e7a maior ou com permiss\u00e3o da autoridade competente:<br>&nbsp;&nbsp;&nbsp;&nbsp; Infra\u00e7\u00e3o &#8211; m\u00e9dia;<br>&nbsp;&nbsp;&nbsp;&nbsp; Penalidade &#8211; multa;<br>&nbsp;&nbsp;&nbsp;&nbsp; Medida administrativa &#8211; reten\u00e7\u00e3o do veiculo;<\/p>\n\n\n\n<p>&nbsp;&nbsp;&nbsp;&nbsp;&nbsp;IX &#8211; desligado ou desengrenado, em declive:<br>&nbsp;&nbsp;&nbsp;&nbsp; Infra\u00e7\u00e3o &#8211; m\u00e9dia;<br>&nbsp;&nbsp;&nbsp;&nbsp; Penalidade &#8211; multa;<br>&nbsp;&nbsp;&nbsp;&nbsp; Medida administrativa &#8211; reten\u00e7\u00e3o do veiculo;<\/p>\n\n\n\n<p>&nbsp;&nbsp;&nbsp;&nbsp;&nbsp;X &#8211; excedendo a capacidade m\u00e1xima de tra\u00e7\u00e3o:<br>&nbsp;&nbsp;&nbsp;&nbsp; Infra\u00e7\u00e3o &#8211; de m\u00e9dia a grav\u00edssima, a depender da rela\u00e7\u00e3o entre o excesso de peso apurado e a capacidade m\u00e1xima de tra\u00e7\u00e3o, a ser regulamentada pelo CONTRAN;<br>&nbsp;&nbsp;&nbsp;&nbsp; Penalidade &#8211; multa;<br>&nbsp;&nbsp;&nbsp;&nbsp; Medida Administrativa &#8211; reten\u00e7\u00e3o do ve\u00edculo e transbordo de carga excedente.<\/p>\n\n\n\n<p><em>Par\u00e1grafo \u00fanico.&nbsp;<\/em>Sem preju\u00edzo das multas previstas nos incisos V e X, o ve\u00edculo que transitar com excesso de peso ou excedendo \u00e0 capacidade m\u00e1xima de tra\u00e7\u00e3o, n\u00e3o computado o percentual tolerado na forma do disposto na legisla\u00e7\u00e3o, somente poder\u00e1 continuar viagem ap\u00f3s descarregar o que exceder, segundo crit\u00e9rios estabelecidos na referida legisla\u00e7\u00e3o complementar.<\/p>\n\n\n\n<p>&nbsp;&nbsp;&nbsp;&nbsp;&nbsp;Art. 232. Conduzir veiculo sem os documentos de porte obrigat\u00f3rio referidos neste C\u00f3digo:<\/p>\n\n\n\n<p>&nbsp;&nbsp;&nbsp;&nbsp; Infra\u00e7\u00e3o &#8211; leve;<br>&nbsp;&nbsp;&nbsp;&nbsp; Penalidade &#8211; multa;<br>&nbsp;&nbsp;&nbsp;&nbsp; Medida administrativa &#8211; reten\u00e7\u00e3o do veiculo at\u00e9 a apresenta\u00e7\u00e3o do documento.<\/p>\n\n\n\n<p>&nbsp;&nbsp;&nbsp;&nbsp;&nbsp;Art. 233. Deixar de efetuar o registro de veiculo no prazo de trinta dias, junto ao \u00f3rg\u00e3o executivo de tr\u00e2nsito, ocorridas as hip\u00f3teses previstas no art. 123:<\/p>\n\n\n\n<p>&nbsp;&nbsp;&nbsp;&nbsp; Infra\u00e7\u00e3o &#8211; grave;<br>&nbsp;&nbsp;&nbsp;&nbsp; Penalidade &#8211; multa;<br>&nbsp;&nbsp;&nbsp;&nbsp; Medida administrativa &#8211; reten\u00e7\u00e3o do ve\u00edculo para regulariza\u00e7\u00e3o.<\/p>\n\n\n\n<p>&nbsp;&nbsp;&nbsp;&nbsp;&nbsp;Art. 234. Falsificar ou adulterar documento de habilita\u00e7\u00e3o e de identifica\u00e7\u00e3o do ve\u00edculo:<\/p>\n\n\n\n<p>&nbsp;&nbsp;&nbsp;&nbsp; Infra\u00e7\u00e3o &#8211; grav\u00edssima;<br>&nbsp;&nbsp;&nbsp;&nbsp; Penalidade &#8211; multa e apreens\u00e3o do ve\u00edculo;<br>&nbsp;&nbsp;&nbsp;&nbsp; Medida administrativa &#8211; remo\u00e7\u00e3o do ve\u00edculo.<\/p>\n\n\n\n<p>&nbsp;&nbsp;&nbsp;&nbsp;&nbsp;Art. 235. Conduzir pessoas, animais ou carga nas partes externas do ve\u00edculo, salvo nos casos devidamente autorizados:<\/p>\n\n\n\n<p>&nbsp;&nbsp;&nbsp;&nbsp; Infra\u00e7\u00e3o &#8211; grave;<br>&nbsp;&nbsp;&nbsp;&nbsp; Penalidade &#8211; multa;<br>&nbsp;&nbsp;&nbsp;&nbsp; Medida administrativa &#8211; reten\u00e7\u00e3o do ve\u00edculo para transbordo.<\/p>\n\n\n\n<p>&nbsp;&nbsp;&nbsp;&nbsp;&nbsp;Art. 236. Rebocar outro ve\u00edculo com cabo flex\u00edvel ou corda, salvo em casos de emerg\u00eancia:<\/p>\n\n\n\n<p>&nbsp;&nbsp;&nbsp;&nbsp; Infra\u00e7\u00e3o &#8211; m\u00e9dia;<br>&nbsp;&nbsp;&nbsp;&nbsp; Penalidade &#8211; multa.<\/p>\n\n\n\n<p>&nbsp;&nbsp;&nbsp;&nbsp;&nbsp;Art. 237. Transitar com o ve\u00edculo em desacordo com as especifica\u00e7\u00f5es, e com falta de inscri\u00e7\u00e3o e simbologia necess\u00e1rias \u00e0 sua identifica\u00e7\u00e3o, quando exigidas pela legisla\u00e7\u00e3o:<\/p>\n\n\n\n<p>&nbsp;&nbsp;&nbsp;&nbsp; Infra\u00e7\u00e3o &#8211; grave;<br>&nbsp;&nbsp;&nbsp;&nbsp; Penalidade &#8211; multa;<br>&nbsp;&nbsp;&nbsp;&nbsp; Medida administrativa &#8211; reten\u00e7\u00e3o do ve\u00edculo para regulariza\u00e7\u00e3o.<\/p>\n\n\n\n<p>&nbsp;&nbsp;&nbsp;&nbsp;&nbsp;Art. 238. Recusar-se a entregar \u00e0 autoridade de tr\u00e2nsito ou a seus agentes, mediante recibo, os documentos de habilita\u00e7\u00e3o, de registro, de licenciamento de ve\u00edculo e outros exigidos por lei, para averigua\u00e7\u00e3o de sua autenticidade:<\/p>\n\n\n\n<p>&nbsp;&nbsp;&nbsp;&nbsp; Infra\u00e7\u00e3o &#8211; grav\u00edssima;<br>&nbsp;&nbsp;&nbsp;&nbsp; Penalidade &#8211; multa e apreens\u00e3o do ve\u00edculo;<br>&nbsp;&nbsp;&nbsp;&nbsp; Medida administrativa &#8211; remo\u00e7\u00e3o do ve\u00edculo.<\/p>\n\n\n\n<p>&nbsp;&nbsp;&nbsp;&nbsp;&nbsp;Art. 239. Retirar do local ve\u00edculo legalmente retido para regulariza\u00e7\u00e3o, sem permiss\u00e3o da autoridade competente ou de seus agentes:<\/p>\n\n\n\n<p>&nbsp;&nbsp;&nbsp;&nbsp; Infra\u00e7\u00e3o &#8211; grav\u00edssima;<br>&nbsp;&nbsp;&nbsp;&nbsp; Penalidade &#8211; multa e apreens\u00e3o do ve\u00edculo;<br>&nbsp;&nbsp;&nbsp;&nbsp; Medida administrativa &#8211; remo\u00e7\u00e3o do ve\u00edculo.<\/p>\n\n\n\n<p>&nbsp;&nbsp;&nbsp;&nbsp;&nbsp;Art. 240. Deixar o respons\u00e1vel de promover a baixa do registro de ve\u00edculo irrecuper\u00e1vel ou definitivamente desmontado:<\/p>\n\n\n\n<p>&nbsp;&nbsp;&nbsp;&nbsp; Infra\u00e7\u00e3o &#8211; grave;<br>&nbsp;&nbsp;&nbsp;&nbsp; Penalidade &#8211; multa;<br>&nbsp;&nbsp;&nbsp;&nbsp; Medida administrativa &#8211; Recolhimento do Certificado de Registro e do Certificado de Licenciamento Anual.<\/p>\n\n\n\n<p>&nbsp;&nbsp;&nbsp;&nbsp;&nbsp;Art. 241. Deixar de atualizar o cadastro de registro do ve\u00edculo ou de habilita\u00e7\u00e3o do condutor:<\/p>\n\n\n\n<p>&nbsp;&nbsp;&nbsp;&nbsp; Infra\u00e7\u00e3o &#8211; leve;<br>&nbsp;&nbsp;&nbsp;&nbsp; Penalidade &#8211; multa.<\/p>\n\n\n\n<p>&nbsp;&nbsp;&nbsp;&nbsp;&nbsp;Art. 242. Fazer falsa declara\u00e7\u00e3o de domic\u00edlio para fins de registro, licenciamento ou habilita\u00e7\u00e3o:<br>&nbsp;&nbsp;&nbsp;&nbsp; Infra\u00e7\u00e3o &#8211; grav\u00edssima;<br>&nbsp;&nbsp;&nbsp;&nbsp; Penalidade &#8211; multa.<\/p>\n\n\n\n<p>&nbsp;&nbsp;&nbsp;&nbsp;&nbsp;Art. 243. Deixar a empresa seguradora de comunicar ao \u00f3rg\u00e3o executivo de tr\u00e2nsito competente a ocorr\u00eancia de perda total do ve\u00edculo e de lhe devolver as respectivas placas e documentos:<\/p>\n\n\n\n<p>&nbsp;&nbsp;&nbsp;&nbsp; Infra\u00e7\u00e3o &#8211; grave;<br>&nbsp;&nbsp;&nbsp;&nbsp; Penalidade &#8211; multa;<br>&nbsp;&nbsp;&nbsp;&nbsp; Medida administrativa &#8211; Recolhimento das placas e dos documentos.<\/p>\n\n\n\n<p>&nbsp;&nbsp;&nbsp;&nbsp;&nbsp;Art. 244. Conduzir motocicleta, motoneta e ciclomotor:<\/p>\n\n\n\n<p>&nbsp;&nbsp;&nbsp;&nbsp;&nbsp;I &#8211; sem usar capacete de seguran\u00e7a com viseira ou \u00f3culos de prote\u00e7\u00e3o e vestu\u00e1rio de acordo com as normas e especifica\u00e7\u00f5es aprovadas pelo CONTRAN;<\/p>\n\n\n\n<p>&nbsp;&nbsp;&nbsp;&nbsp;&nbsp;II &#8211; transportando passageiro sem o capacete de seguran\u00e7a, na forma estabelecida no inciso anterior, ou fora do assento suplementar colocado atr\u00e1s do condutor ou em carro lateral;<\/p>\n\n\n\n<p>&nbsp;&nbsp;&nbsp;&nbsp;&nbsp;III &#8211; fazendo malabarismo ou equilibrando-se apenas em uma roda;<\/p>\n\n\n\n<p>&nbsp;&nbsp;&nbsp;&nbsp;&nbsp;IV &#8211; com os far\u00f3is apagados;<\/p>\n\n\n\n<p>&nbsp;&nbsp;&nbsp;&nbsp;&nbsp;V &#8211; transportando crian\u00e7a menor de sete anos ou que n\u00e3o tenha, nas circunst\u00e2ncias, condi\u00e7\u00f5es de cuidar de sua pr\u00f3pria seguran\u00e7a:<\/p>\n\n\n\n<p>&nbsp;&nbsp;&nbsp;&nbsp; Infra\u00e7\u00e3o &#8211; grav\u00edssima;<br>&nbsp;&nbsp;&nbsp;&nbsp; Penalidade &#8211; multa e suspens\u00e3o do direito de dirigir;<br>&nbsp;&nbsp;&nbsp;&nbsp; Medida administrativa &#8211; Recolhimento do documento de habilita\u00e7\u00e3o;<\/p>\n\n\n\n<p>&nbsp;&nbsp;&nbsp;&nbsp;&nbsp;VI &#8211; rebocando outro ve\u00edculo;<\/p>\n\n\n\n<p>&nbsp;&nbsp;&nbsp;&nbsp;&nbsp;VII &#8211; sem segurar o guidom com ambas as m\u00e3os, salvo eventualmente para indica\u00e7\u00e3o de manobras;<\/p>\n\n\n\n<p>&nbsp;&nbsp;&nbsp;&nbsp;&nbsp;VIII &#8211; transportando carga incompat\u00edvel com suas especifica\u00e7\u00f5es:<br>&nbsp;&nbsp;&nbsp;&nbsp; Infra\u00e7\u00e3o &#8211; m\u00e9dia;<br>&nbsp;&nbsp;&nbsp;&nbsp; Penalidade &#8211; multa.<\/p>\n\n\n\n<p>&nbsp;&nbsp;&nbsp;&nbsp;&nbsp;\u00a7 1\u00ba Para ciclos aplica-se o disposto nos incisos III, VII e VIII, al\u00e9m de:<\/p>\n\n\n\n<figure class=\"wp-block-table\"><table class=\"has-fixed-layout\"><tbody><tr><td><\/td><td><em>a)<\/em><\/td><td>conduzir passageiro fora da garupa ou do assento especial a ele destinado;<\/td><\/tr><\/tbody><\/table><\/figure>\n\n\n\n<figure class=\"wp-block-table\"><table class=\"has-fixed-layout\"><tbody><tr><td><\/td><td><em>b)<\/em><\/td><td>transitar em vias de tr\u00e2nsito r\u00e1pido ou rodovias, salvo onde houver acostamento ou faixas de rolamento pr\u00f3prias;<\/td><\/tr><\/tbody><\/table><\/figure>\n\n\n\n<figure class=\"wp-block-table\"><table class=\"has-fixed-layout\"><tbody><tr><td><\/td><td><em>c)<\/em><\/td><td>transportar crian\u00e7as que n\u00e3o tenham, nas circunst\u00e2ncias, condi\u00e7\u00f5es de cuidar de sua pr\u00f3pria seguran\u00e7a.<\/td><\/tr><\/tbody><\/table><\/figure>\n\n\n\n<p>&nbsp;&nbsp;&nbsp;&nbsp;&nbsp;\u00a7 2\u00ba Aplica-se aos ciclomotores o disposto na al\u00ednea&nbsp;<em>b<\/em>&nbsp;do par\u00e1grafo anterior:<\/p>\n\n\n\n<p>&nbsp;&nbsp;&nbsp;&nbsp; Infra\u00e7\u00e3o &#8211; m\u00e9dia;<br>&nbsp;&nbsp;&nbsp;&nbsp; Penalidade &#8211; multa.<\/p>\n\n\n\n<p>&nbsp;&nbsp;&nbsp;&nbsp;&nbsp;Art. 245. Utilizar a via para dep\u00f3sito de mercadorias, materiais ou equipamentos, sem autoriza\u00e7\u00e3o do \u00f3rg\u00e3o ou entidade de tr\u00e2nsito com circunscri\u00e7\u00e3o sobre a via:<\/p>\n\n\n\n<p>&nbsp;&nbsp;&nbsp;&nbsp; Infra\u00e7\u00e3o &#8211; grave;<br>&nbsp;&nbsp;&nbsp;&nbsp; Penalidade &#8211; multa;<br>&nbsp;&nbsp;&nbsp;&nbsp; Medida administrativa &#8211; remo\u00e7\u00e3o da mercadoria ou do material.<\/p>\n\n\n\n<p><em>Par\u00e1grafo \u00fanico.&nbsp;<\/em>A penalidade e a medida administrativa incidir\u00e3o sobre a pessoa f\u00edsica ou jur\u00eddica respons\u00e1vel.<\/p>\n\n\n\n<p>&nbsp;&nbsp;&nbsp;&nbsp;&nbsp;Art. 246. Deixar de sinalizar qualquer obst\u00e1culo \u00e0 livre circula\u00e7\u00e3o, \u00e0 seguran\u00e7a de ve\u00edculo e pedestres, tanto no leito da via terrestre como na cal\u00e7ada, ou obstaculizar a via indevidamente:<\/p>\n\n\n\n<p>&nbsp;&nbsp;&nbsp;&nbsp; Infra\u00e7\u00e3o &#8211; grav\u00edssima;<br>&nbsp;&nbsp;&nbsp;&nbsp; Penalidade &#8211; multa, agravada em at\u00e9 cinco vezes, a crit\u00e9rio da autoridade de tr\u00e2nsito, conforme o risco \u00e0 seguran\u00e7a.<\/p>\n\n\n\n<p><em>Par\u00e1grafo \u00fanico.&nbsp;<\/em>A penalidade ser\u00e1 aplicada \u00e0 pessoa f\u00edsica ou jur\u00eddica respons\u00e1vel pela obstru\u00e7\u00e3o, devendo a autoridade com circunscri\u00e7\u00e3o sobre a via providenciar a sinaliza\u00e7\u00e3o de emerg\u00eancia, \u00e0s expensas do respons\u00e1vel, ou, se poss\u00edvel, promover a desobstru\u00e7\u00e3o.<\/p>\n\n\n\n<p>&nbsp;&nbsp;&nbsp;&nbsp;&nbsp;Art. 247. Deixar de conduzir pelo bordo da pista de rolamento, em fila \u00fanica, os ve\u00edculos de tra\u00e7\u00e3o ou propuls\u00e3o humana e os de tra\u00e7\u00e3o animal, sempre que n\u00e3o houver acostamento ou faixa a eles destinados:<\/p>\n\n\n\n<p>&nbsp;&nbsp;&nbsp;&nbsp; Infra\u00e7\u00e3o &#8211; m\u00e9dia;<br>&nbsp;&nbsp;&nbsp;&nbsp; Penalidade &#8211; multa.<\/p>\n\n\n\n<p>&nbsp;&nbsp;&nbsp;&nbsp;&nbsp;Art. 248. Transportar em ve\u00edculo destinado ao transporte de passageiros carga excedente em desacordo com o estabelecido no art. 109:<\/p>\n\n\n\n<p>&nbsp;&nbsp;&nbsp;&nbsp; Infra\u00e7\u00e3o &#8211; grave;<br>&nbsp;&nbsp;&nbsp;&nbsp; Penalidade &#8211; multa;<br>&nbsp;&nbsp;&nbsp;&nbsp; Medida administrativa &#8211; reten\u00e7\u00e3o para o transbordo.<\/p>\n\n\n\n<p>&nbsp;&nbsp;&nbsp;&nbsp;&nbsp;Art. 249. Deixar de manter acesas, \u00e0 noite, as luzes de posi\u00e7\u00e3o, quando o ve\u00edculo estiver parado, para fins de embarque ou desembarque de passageiros e carga ou descarga de mercadorias:<br><br>&nbsp;&nbsp;&nbsp;&nbsp; Infra\u00e7\u00e3o &#8211; m\u00e9dia;<br>&nbsp;&nbsp;&nbsp;&nbsp; Penalidade &#8211; multa.<br><br>&nbsp;&nbsp;&nbsp;&nbsp;&nbsp;Art. 250. Quando o ve\u00edculo estiver em movimento:<\/p>\n\n\n\n<p>&nbsp;&nbsp;&nbsp;&nbsp;&nbsp;I &#8211; deixar de manter acesa a luz baixa:<\/p>\n\n\n\n<figure class=\"wp-block-table\"><table class=\"has-fixed-layout\"><tbody><tr><td><\/td><td><em>a)<\/em><\/td><td>durante a noite;<\/td><\/tr><\/tbody><\/table><\/figure>\n\n\n\n<figure class=\"wp-block-table\"><table class=\"has-fixed-layout\"><tbody><tr><td><\/td><td><em>b)<\/em><\/td><td>de dia, nos t\u00faneis providos de ilumina\u00e7\u00e3o p\u00fablica;<\/td><\/tr><\/tbody><\/table><\/figure>\n\n\n\n<figure class=\"wp-block-table\"><table class=\"has-fixed-layout\"><tbody><tr><td><\/td><td><em>c)<\/em><\/td><td>de dia e de noite, tratando-se de ve\u00edculo de transporte coletivo de passageiros, circulando em faixas ou pistas a eles destinadas;<\/td><\/tr><\/tbody><\/table><\/figure>\n\n\n\n<figure class=\"wp-block-table\"><table class=\"has-fixed-layout\"><tbody><tr><td><\/td><td><em>d)<\/em><\/td><td>de dia e de noite. tratando-se de ciclomotores;<\/td><\/tr><\/tbody><\/table><\/figure>\n\n\n\n<p>&nbsp;&nbsp;&nbsp;&nbsp;&nbsp;II &#8211; deixar de manter acesas pelo menos as luzes de posi\u00e7\u00e3o sob chuva forte, neblina ou cerra\u00e7\u00e3o;<\/p>\n\n\n\n<p>&nbsp;&nbsp;&nbsp;&nbsp;&nbsp;III &#8211; deixar de manter a placa traseira iluminada, \u00e0 noite;<\/p>\n\n\n\n<p>&nbsp;&nbsp;&nbsp;&nbsp; Infra\u00e7\u00e3o &#8211; m\u00e9dia;<br>&nbsp;&nbsp;&nbsp;&nbsp; Penalidade &#8211; multa.<\/p>\n\n\n\n<p>&nbsp;&nbsp;&nbsp;&nbsp;&nbsp;Art. 251. Utilizar as luzes do ve\u00edculo:<\/p>\n\n\n\n<p>&nbsp;&nbsp;&nbsp;&nbsp;&nbsp;I &#8211; o pisca-alerta exceto em imobiliza\u00e7\u00f5es ou situa\u00e7\u00f5es de emerg\u00eancia;<\/p>\n\n\n\n<p>&nbsp;&nbsp;&nbsp;&nbsp;&nbsp;II &#8211; baixa e alta de forma intermitente, exceto nas seguintes situa\u00e7\u00f5es:<\/p>\n\n\n\n<figure class=\"wp-block-table\"><table class=\"has-fixed-layout\"><tbody><tr><td><\/td><td><em>a)<\/em><\/td><td>a curtos intervalos, quando for conveniente advertir a outro condutor que se tem o prop\u00f3sito de ultrapass\u00e1-lo;<\/td><\/tr><\/tbody><\/table><\/figure>\n\n\n\n<figure class=\"wp-block-table\"><table class=\"has-fixed-layout\"><tbody><tr><td><\/td><td><em>b)<\/em><\/td><td>em imobiliza\u00e7\u00f5es ou situa\u00e7\u00e3o de emerg\u00eancia, como advert\u00eancia, utilizando pisca-alerta;<\/td><\/tr><\/tbody><\/table><\/figure>\n\n\n\n<figure class=\"wp-block-table\"><table class=\"has-fixed-layout\"><tbody><tr><td><\/td><td><em>c)<\/em><\/td><td>quando a sinaliza\u00e7\u00e3o de regulamenta\u00e7\u00e3o da via determinar o uso do pisca-alerta:&nbsp;<br>Infra\u00e7\u00e3o &#8211; m\u00e9dia;<br>Penalidade &#8211; multa.<\/td><\/tr><\/tbody><\/table><\/figure>\n\n\n\n<p>&nbsp;&nbsp;&nbsp;&nbsp;&nbsp;Art. 252. Dirigir o ve\u00edculo:<br><br>&nbsp;&nbsp;&nbsp;&nbsp;&nbsp;I &#8211; com o bra\u00e7o do lado de fora;<br><br>&nbsp;&nbsp;&nbsp;&nbsp;&nbsp;II &#8211; transportando pessoas, animais ou volume \u00e0 sua esquerda ou entre os bra\u00e7os e pernas;<br><br>&nbsp;&nbsp;&nbsp;&nbsp;&nbsp;III &#8211; com incapacidade f\u00edsica ou mental tempor\u00e1ria que comprometa a seguran\u00e7a do tr\u00e2nsito;<br><br>&nbsp;&nbsp;&nbsp;&nbsp;&nbsp;IV &#8211; usando cal\u00e7ado que n\u00e3o se firme nos p\u00e9s ou que comprometa a utiliza\u00e7\u00e3o dos pedais;<br><br>&nbsp;&nbsp;&nbsp;&nbsp;&nbsp;V &#8211; com apenas uma das m\u00e3os, exceto quando deva fazer sinais regulamentares de bra\u00e7o, mudar a marcha do ve\u00edculo, ou acionar equipamentos e acess\u00f3rios do ve\u00edculo;<br><br>&nbsp;&nbsp;&nbsp;&nbsp;&nbsp;VI &#8211; utilizando-se de fones nos ouvidos conectados a aparelhagem sonora ou de telefone celular;<br>&nbsp;&nbsp;&nbsp;&nbsp; Infra\u00e7\u00e3o &#8211; m\u00e9dia;<br>&nbsp;&nbsp;&nbsp;&nbsp; Penalidade &#8211; multa.<br><br>&nbsp;&nbsp;&nbsp;&nbsp;&nbsp;Art. 253. Bloquear a via com ve\u00edculo:<br><br>&nbsp;&nbsp;&nbsp;&nbsp; Infra\u00e7\u00e3o &#8211; grav\u00edssima;<br>&nbsp;&nbsp;&nbsp;&nbsp; Penalidade &#8211; multa e apreens\u00e3o do ve\u00edculo;<br>&nbsp;&nbsp;&nbsp;&nbsp; Medida administrativa &#8211; remo\u00e7\u00e3o do ve\u00edculo.<br><br>&nbsp;&nbsp;&nbsp;&nbsp;&nbsp;Art. 254. \u00c9 proibido ao pedestre:<br><br>&nbsp;&nbsp;&nbsp;&nbsp;&nbsp;I &#8211; permanecer ou andar nas pistas de rolamento, exceto para cruz\u00e1-las onde for permitido;<br><br>&nbsp;&nbsp;&nbsp;&nbsp;&nbsp;II &#8211; cruzar pistas de rolamento nos viadutos, pontes, ou t\u00faneis, salvo onde exista permiss\u00e3o;<br><br>&nbsp;&nbsp;&nbsp;&nbsp;&nbsp;III &#8211; atravessar a via dentro das \u00e1reas de cruzamento, salvo quando houver sinaliza\u00e7\u00e3o para esse fim;<br><br>&nbsp;&nbsp;&nbsp;&nbsp;&nbsp;IV &#8211; utilizar-se da via em agrupamentos capazes de perturbar o tr\u00e2nsito, ou para a pr\u00e1tica de qualquer folguedo, esporte, desfiles e similares, salvo em casos especiais e com a devida licen\u00e7a da autoridade competente;<br><br>&nbsp;&nbsp;&nbsp;&nbsp;&nbsp;V &#8211; andar fora da faixa pr\u00f3pria, passarela, passagem a\u00e9rea ou subterr\u00e2nea;<br><br>&nbsp;&nbsp;&nbsp;&nbsp;&nbsp;VI &#8211; desobedecer \u00e0 sinaliza\u00e7\u00e3o de tr\u00e2nsito espec\u00edfica:<br>&nbsp;&nbsp;&nbsp;&nbsp; Infra\u00e7\u00e3o &#8211; leve;<br>&nbsp;&nbsp;&nbsp;&nbsp; Penalidade &#8211; multa, em 50% (cinq\u00fcenta por cento) do valor da infra\u00e7\u00e3o de natureza leve.<br><br>&nbsp;&nbsp;&nbsp;&nbsp;&nbsp;Art. 255. Conduzir bicicleta em passeios onde n\u00e3o seja permitida a circula\u00e7\u00e3o desta, ou de forma agressiva, em desacordo com o disposto no par\u00e1grafo \u00fanico do art. 59:<br><br>&nbsp;&nbsp;&nbsp;&nbsp; Infra\u00e7\u00e3o &#8211; m\u00e9dia;<br>&nbsp;&nbsp;&nbsp;&nbsp; Penalidade &#8211; multa;<br>&nbsp;&nbsp;&nbsp;&nbsp; Medida administrativa &#8211; remo\u00e7\u00e3o da bicicleta, mediante recibo para o pagamento da multa.<\/p>\n\n\n\n<p>CAP\u00cdTULO XVI<br>DAS PENALIDADES<\/p>\n\n\n\n<p><br>&nbsp;&nbsp;&nbsp;&nbsp;&nbsp;Art. 256. A autoridade de tr\u00e2nsito, na esfera das compet\u00eancias estabelecidas neste C\u00f3digo e dentro de sua circunscri\u00e7\u00e3o, dever\u00e1 aplicar, \u00e0s infra\u00e7\u00f5es nele previstas, as seguintes penalidades:<br><br>&nbsp;&nbsp;&nbsp;&nbsp;&nbsp;I &#8211; advert\u00eancia por escrito;<br><br>&nbsp;&nbsp;&nbsp;&nbsp;&nbsp;II &#8211; multa;<br><br>&nbsp;&nbsp;&nbsp;&nbsp;&nbsp;III &#8211; suspens\u00e3o do direito de dirigir;<br><br>&nbsp;&nbsp;&nbsp;&nbsp;&nbsp;IV &#8211; apreens\u00e3o do ve\u00edculo;<br><br>&nbsp;&nbsp;&nbsp;&nbsp;&nbsp;V &#8211; cassa\u00e7\u00e3o da Carteira Nacional de Habilita\u00e7\u00e3o;<br><br>&nbsp;&nbsp;&nbsp;&nbsp;&nbsp;VI &#8211; cassa\u00e7\u00e3o da Permiss\u00e3o para Dirigir;<br><br>&nbsp;&nbsp;&nbsp;&nbsp;&nbsp;VII &#8211; freq\u00fc\u00eancia obrigat\u00f3ria em curso de reciclagem.<br><br>&nbsp;&nbsp;&nbsp;&nbsp;&nbsp;\u00a7 1\u00ba A aplica\u00e7\u00e3o das penalidades previstas neste C\u00f3digo n\u00e3o elide as puni\u00e7\u00f5es origin\u00e1rias de il\u00edcitos penais decorrentes de crimes de tr\u00e2nsito, conforme disposi\u00e7\u00f5es de lei.<br><br>&nbsp;&nbsp;&nbsp;&nbsp;&nbsp;\u00a7 2\u00ba (VETADO)<br><br>&nbsp;&nbsp;&nbsp;&nbsp;&nbsp;\u00a7 3\u00ba A imposi\u00e7\u00e3o da penalidade ser\u00e1 comunicada aos \u00f3rg\u00e3os ou entidades executivos de tr\u00e2nsito respons\u00e1veis pelo licenciamento do ve\u00edculo e habilita\u00e7\u00e3o do condutor.<br><br>&nbsp;&nbsp;&nbsp;&nbsp;&nbsp;Art. 257. As penalidades ser\u00e3o impostas ao condutor, ao propriet\u00e1rio do ve\u00edculo, ao embarcador e ao transportador, salvo os casos de descumprimento de obriga\u00e7\u00f5es e deveres impostos a pessoas f\u00edsicas ou jur\u00eddicas expressamente mencionados neste C\u00f3digo.<br><br>&nbsp;&nbsp;&nbsp;&nbsp;&nbsp;\u00a7 1\u00ba Aos propriet\u00e1rios e condutores de ve\u00edculos ser\u00e3o impostas concomitantemente as penalidades de que trata este C\u00f3digo toda vez que houver responsabilidade solid\u00e1ria em infra\u00e7\u00e3o dos preceitos que lhes couber observar, respondendo cada um de per si pela falta em comum que lhes for atribu\u00edda.<br><br>&nbsp;&nbsp;&nbsp;&nbsp;&nbsp;\u00a7 2\u00ba Ao propriet\u00e1rio caber\u00e1 sempre a responsabilidade pela infra\u00e7\u00e3o referente \u00e0 pr\u00e9via regulariza\u00e7\u00e3o e preenchimento das formalidades e condi\u00e7\u00f5es exigidas para o tr\u00e2nsito do ve\u00edculo na via terrestre, conserva\u00e7\u00e3o e inalterabilidade de suas caracter\u00edsticas, componentes, agregados, habilita\u00e7\u00e3o legal e compat\u00edvel de seus condutores, quando esta for exigida, e outras disposi\u00e7\u00f5es que deva observar.<br><br>&nbsp;&nbsp;&nbsp;&nbsp;&nbsp;\u00a7 3\u00ba Ao condutor caber\u00e1 a responsabilidade pelas infra\u00e7\u00f5es decorrentes de atos praticados na dire\u00e7\u00e3o do ve\u00edculo.<br><br>&nbsp;&nbsp;&nbsp;&nbsp;&nbsp;\u00a7 4\u00ba O embarcador \u00e9 respons\u00e1vel pela infra\u00e7\u00e3o relativa ao transporte de carga com excesso de peso nos eixos ou no peso bruto total, quando simultaneamente for o \u00fanico remetente da carga e o peso declarado na nota fiscal, fatura ou manifesto for inferior \u00e0quele aferido.<br><br>&nbsp;&nbsp;&nbsp;&nbsp;&nbsp;\u00a7 5\u00ba O transportador \u00e9 o respons\u00e1vel pela infra\u00e7\u00e3o relativa ao transporte de carga com excesso de peso nos eixos ou quando a carga proveniente de mais de um embarcador ultrapassar o peso bruto total.<br><br>&nbsp;&nbsp;&nbsp;&nbsp;&nbsp;\u00a7 6\u00ba O transportador e o embarcador s\u00e3o solidariamente respons\u00e1veis pela infra\u00e7\u00e3o relativa ao excesso de peso bruto total, se o peso declarado na nota fiscal, fatura ou manifesto for superior ao limite legal.<br><br>&nbsp;&nbsp;&nbsp;&nbsp;&nbsp;\u00a7 7\u00ba N\u00e3o sendo imediata a identifica\u00e7\u00e3o do infrator, o propriet\u00e1rio do ve\u00edculo ter\u00e1 quinze dias de prazo, ap\u00f3s a notifica\u00e7\u00e3o da autua\u00e7\u00e3o, para apresent\u00e1-lo, na forma em que dispuser o CONTRAN, ao fim do qual, n\u00e3o o fazendo, ser\u00e1 considerado respons\u00e1vel pela infra\u00e7\u00e3o.<br><br>&nbsp;&nbsp;&nbsp;&nbsp;&nbsp;\u00a7 8\u00ba Ap\u00f3s o prazo previsto no par\u00e1grafo anterior, n\u00e3o havendo identifica\u00e7\u00e3o do infrator e sendo o ve\u00edculo de propriedade de pessoa jur\u00eddica, ser\u00e1 lavrada nova multa ao propriet\u00e1rio do ve\u00edculo, mantida a originada pela infra\u00e7\u00e3o, cujo valor \u00e9 o da multa multiplicada pelo n\u00famero de infla\u00e7\u00f5es iguais cometidas no per\u00edodo de doze meses.<br><br>&nbsp;&nbsp;&nbsp;&nbsp;&nbsp;\u00a7 9\u00ba O fato de o infrator ser pessoa jur\u00eddica n\u00e3o o exime do disposto no \u00a7 3\u00ba do art. 258 e no art. 259.<br><br>&nbsp;&nbsp;&nbsp;&nbsp;&nbsp;Art. 258. As infra\u00e7\u00f5es punidas com multa classificam-se, de acordo com sua gravidade, em quatro categorias:<br><br>&nbsp;&nbsp;&nbsp;&nbsp;&nbsp;I &#8211; infra\u00e7\u00e3o de natureza grav\u00edssima, punida com multa de valor correspondente a 180 (cento e oitenta) UFIR;<br><br>&nbsp;&nbsp;&nbsp;&nbsp;&nbsp;II &#8211; infra\u00e7\u00e3o de natureza grave, punida com multa de valor correspondente a 120 (cento e vinte) UFIR.<br><br>&nbsp;&nbsp;&nbsp;&nbsp;&nbsp;III &#8211; infra\u00e7\u00e3o de natureza m\u00e9dia, punida com multa de vaiar correspondente a 80 (oitenta) UFIR;<br><br>&nbsp;&nbsp;&nbsp;&nbsp;&nbsp;IV &#8211; infra\u00e7\u00e3o de natureza leve, punida com multa de valor correspondente a 50 (cinq\u00fcenta) UFIR.<br><br>&nbsp;&nbsp;&nbsp;&nbsp;&nbsp;\u00a7 1\u00ba Os valores das multas ser\u00e3o corrigidos no primeiro dia \u00fatil de cada m\u00eas pela varia\u00e7\u00e3o da UFIR ou outro \u00edndice legal de corre\u00e7\u00e3o dos d\u00e9bitos fiscais.<br><br>&nbsp;&nbsp;&nbsp;&nbsp;&nbsp;\u00a7 2\u00ba Quando se tratar de multa agravada, o fator multiplicador ou \u00edndice adicional espec\u00edfico \u00e9 o previsto neste C\u00f3digo.<br><br>&nbsp;&nbsp;&nbsp;&nbsp;&nbsp;\u00a7 3\u00ba (VETADO)<br><br>&nbsp;&nbsp;&nbsp;&nbsp;&nbsp;\u00a7 4\u00ba (VETADO)<br><br>&nbsp;&nbsp;&nbsp;&nbsp;&nbsp;Art. 259. A cada infra\u00e7\u00e3o cometida s\u00e3o computados os seguintes n\u00fameros de pontos:<br><br>&nbsp;&nbsp;&nbsp;&nbsp;&nbsp;I &#8211; grav\u00edssima &#8211; sete pontos;<br><br>&nbsp;&nbsp;&nbsp;&nbsp;&nbsp;II &#8211; grave &#8211; cinco pontos;<br><br>&nbsp;&nbsp;&nbsp;&nbsp;&nbsp;III &#8211; m\u00e9dia &#8211; quatro pontos;<br><br>&nbsp;&nbsp;&nbsp;&nbsp;&nbsp;IV &#8211; leve &#8211; tr\u00eas pontos.<br><br>&nbsp;&nbsp;&nbsp;&nbsp;&nbsp;\u00a7 1\u00ba (VETADO)<br><br>&nbsp;&nbsp;&nbsp;&nbsp;&nbsp;\u00a7 2\u00ba (VETADO)<br><br>&nbsp;&nbsp;&nbsp;&nbsp;&nbsp;Art. 260. As multas ser\u00e3o impostas e arrecadadas pelo \u00f3rg\u00e3o ou entidade de tr\u00e2nsito com circunscri\u00e7\u00e3o sobre a via onde haja ocorrido a infra\u00e7\u00e3o, de acordo com a compet\u00eancia estabelecida neste C\u00f3digo.<br><br>&nbsp;&nbsp;&nbsp;&nbsp;&nbsp;\u00a7 1\u00ba As multas decorrentes de infra\u00e7\u00e3o cometida em unidade da Federa\u00e7\u00e3o diversa da do licenciamento do ve\u00edculo ser\u00e3o arrecadadas e compensadas na forma estabelecida pelo CONTRAN.<br><br>&nbsp;&nbsp;&nbsp;&nbsp;&nbsp;\u00a7 2\u00ba As multas decorrentes de infra\u00e7\u00e3o cometida em unidade da Federa\u00e7\u00e3o diversa daquela do licenciamento do ve\u00edculo poder\u00e3o ser comunicadas ao \u00f3rg\u00e3o ou entidade respons\u00e1vel pelo seu licenciamento, que providenciar\u00e1 a notifica\u00e7\u00e3o.<br><br>&nbsp;&nbsp;&nbsp;&nbsp;&nbsp;\u00a7 3\u00ba As multas decorrentes de infra\u00e7\u00e3o cometida em unidade da Federa\u00e7\u00e3o diversa daquela do licenciamento do ve\u00edculo poder\u00e3o ser cobradas no ato da autua\u00e7\u00e3o, sem preju\u00edzo dos recursos previstos neste C\u00f3digo.<br><br>&nbsp;&nbsp;&nbsp;&nbsp;&nbsp;\u00a7 4\u00ba Quando a infra\u00e7\u00e3o for cometida com veiculo licenciado no exterior, em tr\u00e2nsito no territ\u00f3rio nacional, a multa respectiva dever\u00e1 ser paga antes de sua sa\u00edda do Pa\u00eds, respeitado o princ\u00edpio de reciprocidade.<br><br>&nbsp;&nbsp;&nbsp;&nbsp;&nbsp;Art. 261. A penalidade de suspens\u00e3o do direito de dirigir ser\u00e1 aplicada, nos casos previstos neste C\u00f3digo, pelo prazo m\u00ednimo de um m\u00eas at\u00e9 o m\u00e1ximo de um ano e, no caso de reincid\u00eancia no per\u00edodo de doze meses. pelo prazo m\u00ednimo de seis meses at\u00e9 o m\u00e1ximo de dois anos, segundo crit\u00e9rios estabelecidos pelo CONTRAN.<br><br>&nbsp;&nbsp;&nbsp;&nbsp;&nbsp;\u00a7 1\u00ba Al\u00e9m dos casos previstos em outros artigos deste C\u00f3digo e excetuados aqueles especificados no art. 263, a suspens\u00e3o do direito de dirigir ser\u00e1 aplicada sempre que o infrator atingir a contagem de vinte pontos, prevista no art. 259.<br><br>&nbsp;&nbsp;&nbsp;&nbsp;&nbsp;\u00a7 2\u00ba Quando ocorrer a suspens\u00e3o do direito de dirigir, a Carteira Nacional de Habilita\u00e7\u00e3o ser\u00e1 devolvida a seu titular imediatamente ap\u00f3s cumprida a penalidade e o curso de reciclagem.<br><br>&nbsp;&nbsp;&nbsp;&nbsp;&nbsp;Art. 262. O ve\u00edculo apreendido em decorr\u00eancia de penalidade aplicada ser\u00e1 recolhido ao dep\u00f3sito e nele permanecer\u00e1 sob cust\u00f3dia e responsabilidade do \u00f3rg\u00e3o ou entidade apreendedora, com \u00f4nus para o seu propriet\u00e1rio. pelo prazo de at\u00e9 trinta dias, conforme crit\u00e9rio a ser estabelecido pelo CONTRAN.<br><br>&nbsp;&nbsp;&nbsp;&nbsp;&nbsp;\u00a7 1\u00ba No caso de infra\u00e7\u00e3o em que seja aplic\u00e1vel a penalidade de apreens\u00e3o do ve\u00edculo, o agente de tr\u00e2nsito dever\u00e1, desde logo, adotar a medida administrativa de recolhimento do Certificado de Licenciamento Anual.<br><br>&nbsp;&nbsp;&nbsp;&nbsp;&nbsp;\u00a7 2\u00ba A restitui\u00e7\u00e3o dos ve\u00edculos apreendidos s\u00f3 ocorrer\u00e1 mediante o pr\u00e9vio pagamento das multas impostas, taxas e despesas com remo\u00e7\u00e3o e estada, al\u00e9m de outros encargos previstos na legisla\u00e7\u00e3o espec\u00edfica.<br><br>&nbsp;&nbsp;&nbsp;&nbsp;&nbsp;\u00a7 3\u00ba A retirada dos ve\u00edculos apreendidos \u00e9 condicionada, ainda, ao reparo de qualquer componente ou equipamento obrigat\u00f3rio que n\u00e3o esteja em perfeito estado de funcionamento.<br><br>&nbsp;&nbsp;&nbsp;&nbsp;&nbsp;\u00a7 4\u00ba Se o reparo referido no par\u00e1grafo anterior demandar provid\u00eancia que n\u00e3o possa ser tomada no dep\u00f3sito, a autoridade respons\u00e1vel pela apreens\u00e3o liberar\u00e1 o ve\u00edculo para reparo, mediante autoriza\u00e7\u00e3o, assinando prazo para a sua reapresenta\u00e7\u00e3o e vistoria.<br><br>&nbsp;&nbsp;&nbsp;&nbsp;&nbsp;Art. 263. A cassa\u00e7\u00e3o do documento de habilita\u00e7\u00e3o dar-se-\u00e1:<br><br>&nbsp;&nbsp;&nbsp;&nbsp;&nbsp;I &#8211; quando, suspenso o direito de dirigir, o infrator conduzir qualquer ve\u00edculo;<br><br>&nbsp;&nbsp;&nbsp;&nbsp;&nbsp;II &#8211; no caso de reincid\u00eancia, no prazo de doze meses, das infra\u00e7\u00f5es previstas no inciso III do art. 162 e nos arts. 163, 164, 165, 173, 174 e 175;<br><br>&nbsp;&nbsp;&nbsp;&nbsp;&nbsp;III &#8211; quando condenado judicialmente por delito de tr\u00e2nsito, observado o disposto no art. 160.<br><br>&nbsp;&nbsp;&nbsp;&nbsp;&nbsp;\u00a7 1\u00ba Constatada, em processo administrativo, a irregularidade na expedi\u00e7\u00e3o do documento de habilita\u00e7\u00e3o, a autoridade expedidora promover\u00e1 o seu cancelamento.<br><br>&nbsp;&nbsp;&nbsp;&nbsp;&nbsp;\u00a7 2\u00ba Decorridos dois anos da cassa\u00e7\u00e3o da Carteira Nacional de Habilita\u00e7\u00e3o, o infrator poder\u00e1 requerer sua reabilita\u00e7\u00e3o, submetendo-se a todos os exames necess\u00e1rios \u00e0 habilita\u00e7\u00e3o, na forma estabelecida pelo CONTRAN.<br><br>&nbsp;&nbsp;&nbsp;&nbsp;&nbsp;Art. 264. (VETADO)<br><br>&nbsp;&nbsp;&nbsp;&nbsp;&nbsp;Art. 265. As penalidades de suspens\u00e3o do direito de dirigir e de cassa\u00e7\u00e3o do documento de habilita\u00e7\u00e3o ser\u00e3o aplicadas por decis\u00e3o fundamentada da autoridade de tr\u00e2nsito competente, em processo administrativo, assegurado ao infrator amplo direito de defesa.<br><br>&nbsp;&nbsp;&nbsp;&nbsp;&nbsp;Art. 266. Quando o infrator cometer, simultaneamente, duas ou mais infra\u00e7\u00f5es, ser-lhe-\u00e3o aplicadas, cumulativamente, as respectivas penalidades.<br><br>&nbsp;&nbsp;&nbsp;&nbsp;&nbsp;Art. 267. . Poder\u00e1 ser imposta a penalidade de advert\u00eancia por escrito \u00e0 infra\u00e7\u00e3o de natureza leve ou m\u00e9dia, pass\u00edvel de ser punida com multa, n\u00e3o sendo reincidente o infrator, na mesma infra\u00e7\u00e3o, nos \u00faltimos doze meses, quando a autoridade, considerando o prontu\u00e1rio do infrator, entender esta provid\u00eancia como mais educativa.<br><br>&nbsp;&nbsp;&nbsp;&nbsp;&nbsp;\u00a7 1\u00ba A aplica\u00e7\u00e3o da advert\u00eancia por escrito n\u00e3o elide o acr\u00e9scimo do valor da multa prevista no \u00a7 3\u00ba do art. 258, imposta por infra\u00e7\u00e3o posteriormente cometida.<br><br>&nbsp;&nbsp;&nbsp;&nbsp;&nbsp;\u00a7 2\u00ba O disposto neste artigo aplica-se igualmente aos pedestres, podendo a multa ser transformada na participa\u00e7\u00e3o do infrator em cursos de seguran\u00e7a vi\u00e1ria, a crit\u00e9rio da autoridade de tr\u00e2nsito.<br><br>&nbsp;&nbsp;&nbsp;&nbsp;&nbsp;Art. 268. O infrator ser\u00e1 submetido a curso de reciclagem, na forma estabelecida pelo CONTRAN:<br><br>&nbsp;&nbsp;&nbsp;&nbsp;&nbsp;I &#8211; quando, sendo contumaz, for necess\u00e1rio \u00e0 sua reeduca\u00e7\u00e3o;&nbsp;<br><br>&nbsp;&nbsp;&nbsp;&nbsp; II &#8211; quando suspenso do direito de dirigir;<br><br>&nbsp;&nbsp;&nbsp;&nbsp;&nbsp;III &#8211; quando se envolver em acidente grave para o qual haja contribu\u00eddo, independentemente de processo judicial;<br><br>&nbsp;&nbsp;&nbsp;&nbsp;&nbsp;IV &#8211; quando condenado judicialmente por delito de tr\u00e2nsito;<br><br>&nbsp;&nbsp;&nbsp;&nbsp;&nbsp;V &#8211; a qualquer tempo, se for constatado que o condutor est\u00e1 colocando em risco a seguran\u00e7a do tr\u00e2nsito;<br><br>&nbsp;&nbsp;&nbsp;&nbsp;&nbsp;VI &#8211; em outras situa\u00e7\u00f5es a serem definidas pelo CONTRAN.<\/p>\n\n\n\n<p>CAP\u00cdTULO XVII<br>DAS MEDIDAS ADMINISTRATIVAS<br><\/p>\n\n\n\n<p>&nbsp;&nbsp;&nbsp;&nbsp;&nbsp;Art. 269. A autoridade de tr\u00e2nsito ou seus agentes. na esfera das compet\u00eancias estabelecidas neste C\u00f3digo e dentro de sua circunscri\u00e7\u00e3o, dever\u00e1 adotar as seguintes medidas administrativas:<br><br>&nbsp;&nbsp;&nbsp;&nbsp;&nbsp;I &#8211; reten\u00e7\u00e3o do veiculo;<br><br>&nbsp;&nbsp;&nbsp;&nbsp;&nbsp;II &#8211; remo\u00e7\u00e3o do ve\u00edculo;<br><br>&nbsp;&nbsp;&nbsp;&nbsp;&nbsp;III &#8211; recolhimento da Carteira Nacional de Habilita\u00e7\u00e3o;<br><br>&nbsp;&nbsp;&nbsp;&nbsp;&nbsp;IV &#8211; recolhimento da Permiss\u00e3o para Dirigir;<br><br>&nbsp;&nbsp;&nbsp;&nbsp;&nbsp;V &#8211; recolhimento do Certificado de Registro;<br><br>&nbsp;&nbsp;&nbsp;&nbsp;&nbsp;VI &#8211; recolhimento do Certificado de Licenciamento Anual;<br><br>&nbsp;&nbsp;&nbsp;&nbsp;&nbsp;VII &#8211; (VETADO);<br><br>&nbsp;&nbsp;&nbsp;&nbsp;&nbsp;VIII &#8211; transbordo do excesso de carga;<br><br>&nbsp;&nbsp;&nbsp;&nbsp;&nbsp;IX &#8211; realiza\u00e7\u00e3o de teste de dosagem de alcoolemia ou per\u00edcia de subst\u00e2ncia entorpecente ou que determine depend\u00eancia f\u00edsica ou ps\u00edquica;<br><br>&nbsp;&nbsp;&nbsp;&nbsp;&nbsp;X &#8211; recolhimento de animais que se encontrem soltos nas vias e na faixa de dom\u00ednio das vias de circula\u00e7\u00e3o, restituindo-os aos seus propriet\u00e1rios, ap\u00f3s o pagamento de multas e encargos devidos.<br><br>&nbsp;&nbsp;&nbsp;&nbsp;&nbsp;\u00a7 1\u00ba. A ordem, o consentimento, a fiscaliza\u00e7\u00e3o, as medidas administrativas e coercitivas adotadas pelas autoridades de tr\u00e2nsito e sem agentes ter\u00e3o por objetivo priorit\u00e1rio a prote\u00e7\u00e3o \u00e0 vida e \u00e0 incolumidade f\u00edsica da pessoa.<br><br>&nbsp;&nbsp;&nbsp;&nbsp;&nbsp;\u00a7 2\u00ba As medidas administrativas previstas neste artigo n\u00e3o elidem a aplica\u00e7\u00e3o das penalidades impostas por infra\u00e7\u00f5es estabelecidas neste C\u00f3digo, possuindo car\u00e1ter complementar a estas.<br><br>&nbsp;&nbsp;&nbsp;&nbsp;&nbsp;\u00a7 3\u00ba S\u00e3o documentos de habilita\u00e7\u00e3o a Carteira Nacional de Habilita\u00e7\u00e3o e a Permiss\u00e3o para Dirigir.<br><br>&nbsp;&nbsp;&nbsp;&nbsp;&nbsp;\u00a7 4\u00ba Aplica-se aos animais recolhidos na forma do inciso X o disposto nos arts. 271 e 328, no que couber.&nbsp;<br><br>&nbsp;&nbsp;&nbsp;&nbsp; Art. 270. O veiculo poder\u00e1 ser retido nos casos expressos neste C\u00f3digo.<br><br>&nbsp;&nbsp;&nbsp;&nbsp;&nbsp;\u00a7 1\u00ba Quando a irregularidade puder ser sanada no local da infra\u00e7\u00e3o, o ve\u00edculo ser\u00e1 liberado t\u00e3o logo seja regularizada a situa\u00e7\u00e3o.<br><br>&nbsp;&nbsp;&nbsp;&nbsp;&nbsp;\u00a7 2\u00ba N\u00e3o sendo poss\u00edvel sanar a falha no local da infra\u00e7\u00e3o, o ve\u00edculo poder\u00e1 ser retirado por condutor regularmente habilitado, mediante recolhimento do Certificado de Licenciamento Anual, contra recibo, assinalando-se ao condutor prazo para sua regulariza\u00e7\u00e3o, para o que se considerar\u00e1, desde logo, notificado.<br><br>&nbsp;&nbsp;&nbsp;&nbsp;&nbsp;\u00a7 3\u00ba O Certificado de Licenciamento Anual ser\u00e1 devolvido ao condutor no \u00f3rg\u00e3o ou entidade aplicadores das medidas administrativas, t\u00e3o logo o ve\u00edculo seja apresentado \u00e0 autoridade devidamente regularizado.<br><br>&nbsp;&nbsp;&nbsp;&nbsp;&nbsp;\u00a7 4\u00ba N\u00e3o se apresentando condutor habilitado no local da infra\u00e7\u00e3o, o ve\u00edculo ser\u00e1 recolhido ao dep\u00f3sito, aplicando-se neste caso o disposto nos par\u00e1grafos do art. 262.<br><br>&nbsp;&nbsp;&nbsp;&nbsp;&nbsp;\u00a7 5\u00ba A crit\u00e9rio do agente, n\u00e3o se dar\u00e1 a reten\u00e7\u00e3o imediata, quando se tratar de ve\u00edculo de transporte coletivo transportando passageiros ou ve\u00edculo transportando produto perigoso ou perec\u00edvel, desde que ofere\u00e7a condi\u00e7\u00f5es de seguran\u00e7a para circula\u00e7\u00e3o em via p\u00fablica.&nbsp;<br><br>&nbsp;&nbsp;&nbsp;&nbsp;&nbsp;Art. 271. O veiculo ser\u00e1 removido, nos casos previstos neste C\u00f3digo, para o dep\u00f3sito fixado pelo \u00f3rg\u00e3o ou entidade competente, com circunscri\u00e7\u00e3o sobre a via.<br><br>&nbsp;&nbsp;&nbsp;&nbsp;&nbsp;<em>Par\u00e1grafo \u00fanico.&nbsp;<\/em>A restitui\u00e7\u00e3o dos ve\u00edculos removidos s\u00f3 ocorrer\u00e1 mediante o pagamento das multas, taxas e despesas com remo\u00e7\u00e3o e estada, al\u00e9m de outros encargos previstos na legisla\u00e7\u00e3o especifica.&nbsp;<br><br>&nbsp;&nbsp;&nbsp;&nbsp;&nbsp;Art. 272. O recolhimento da Carteira Nacional de Habilita\u00e7\u00e3o e da Permiss\u00e3o para Dirigir dar-se-\u00e1 mediante recibo, al\u00e9m dos casos previstos neste C\u00f3digo, quando houver suspeita de sua inautencidade ou adultera\u00e7\u00e3o.&nbsp;<br><br>&nbsp;&nbsp;&nbsp;&nbsp;&nbsp;Art. 273. O recolhimento do Certificado de Registro dar-se-\u00e1 mediante recibo, al\u00e9m dos casos previstos neste C\u00f3digo, quando:<br><br>&nbsp;&nbsp;&nbsp;&nbsp;&nbsp;I &#8211; houver suspeita de inautenticidade ou adultera\u00e7\u00e3o;<br><br>&nbsp;&nbsp;&nbsp;&nbsp;&nbsp;II &#8211; se, alienado o ve\u00edculo, n\u00e3o for transferida sua propriedade no prazo de trinta dias.&nbsp;<br><br>&nbsp;&nbsp;&nbsp;&nbsp;&nbsp;Art. 274. O recolhimento do Certificado de Licenciamento Anual dar-se-\u00e1 mediante recibo, al\u00e9m dos casos previstos neste C\u00f3digo, quando:<br><br>&nbsp;&nbsp;&nbsp;&nbsp;&nbsp;I &#8211; houver suspeita de inautenticidade ou adultera\u00e7\u00e3o;<br><br>&nbsp;&nbsp;&nbsp;&nbsp;&nbsp;II &#8211; se o prazo de licenciamento estiver vencido;<br><br>&nbsp;&nbsp;&nbsp;&nbsp;&nbsp;III &#8211; no caso de reten\u00e7\u00e3o do ve\u00edculo, se a irregularidade n\u00e3o puder ser sanada no local.&nbsp;<br><br>&nbsp;&nbsp;&nbsp;&nbsp;&nbsp;Art. 275. O transbordo da carga com peso excedente \u00e9 condi\u00e7\u00e3o para que o ve\u00edculo possa prosseguir viagem e ser\u00e1 efetuado \u00e0s expensas do propriet\u00e1rio do ve\u00edculo, sem preju\u00edzo da multa aplic\u00e1vel.<br><br>&nbsp;&nbsp;&nbsp;&nbsp;&nbsp;<em>Par\u00e1grafo \u00fanico.&nbsp;<\/em>N\u00e3o sendo poss\u00edvel desde logo atender ao disposto neste artigo, o ve\u00edculo ser\u00e1 recolhida ao dep\u00f3sito, sendo liberado ap\u00f3s sanada a irregularidade e pagas as despesas de remo\u00e7\u00e3o e estada.&nbsp;<br><br>&nbsp;&nbsp;&nbsp;&nbsp;&nbsp;Art. 276. A concentra\u00e7\u00e3o de seis decigramas de \u00e1lcool por litro de sangue comprova que o condutor se acha impedido de dirigir ve\u00edculo automotor.<br><br>&nbsp;&nbsp;&nbsp;&nbsp;&nbsp;<em>Par\u00e1grafo \u00fanico.&nbsp;<\/em>O CONTRAN estipular\u00e1 os \u00edndices equivalentes para os demais testes de alcoolemia.&nbsp;<br><br>&nbsp;&nbsp;&nbsp;&nbsp;&nbsp;Art. 277. Todo condutor de ve\u00edculo automotor, envolvido em acidente de tr\u00e2nsito ou que for alvo de fiscaliza\u00e7\u00e3o de tr\u00e2nsito, sob suspeita de haver excedido os limites previstos no artigo anterior, ser\u00e1 submetido a testes de alcoolemia, exames cl\u00ednicos, per\u00edcia, ou outro exame que por meios t\u00e9cnicos ou cient\u00edficos, em aparelhos homologados pelo CONTRAN, permitam certificar seu estado.<br><br>&nbsp;&nbsp;&nbsp;&nbsp;&nbsp;<em>Par\u00e1grafo \u00fanico.&nbsp;<\/em>Medida correspondente aplica-se no caso de suspeita de uso de subst\u00e2ncia entorpecente, t\u00f3xica ou de efeitos an\u00e1logos.&nbsp;<br><br>&nbsp;&nbsp;&nbsp;&nbsp;&nbsp;Art. 278. Ao condutor que se evadir da fiscaliza\u00e7\u00e3o, n\u00e3o submetendo veiculo \u00e0 pesagem obrigat\u00f3ria nos pontos de pesagem, fixos ou m\u00f3veis, ser\u00e1 aplicada a penalidade prevista no art. 209, al\u00e9m da obriga\u00e7\u00e3o de retornar ao ponto de evas\u00e3o para fim de pesagem obrigat\u00f3ria.<br><br>&nbsp;&nbsp;&nbsp;&nbsp;&nbsp;<em>Par\u00e1grafo \u00fanico.&nbsp;<\/em>No caso de fuga do condutor \u00e0 a\u00e7\u00e3o policial, a apreens\u00e3o do ve\u00edculo dar-se-\u00e1 t\u00e3o logo seja localizado, aplicando-se, al\u00e9m das penalidades em que incorre, as estabelecidas no art. 210.&nbsp;<br><br>&nbsp;&nbsp;&nbsp;&nbsp;&nbsp;Art. 279. Em caso de acidente com v\u00edtima, envolvendo ve\u00edculo equipado com registrador instant\u00e2neo de velocidade e tempo, somente o perito oficial encarregado do levantamento pericial poder\u00e1 retirar o disco ou unidade armazenadora do registro.<\/p>\n\n\n\n<p>CAP\u00cdTULO XVIII<br>DO PROCESSO ADMINISTRATIVO<\/p>\n\n\n\n<h4 class=\"wp-block-heading\">SE\u00c7\u00c3O I<br>Da Autua\u00e7\u00e3o<\/h4>\n\n\n\n<p>&nbsp;&nbsp;&nbsp;&nbsp;&nbsp;Art. 280. Ocorrendo infra\u00e7\u00e3o prevista na legisla\u00e7\u00e3o de tr\u00e2nsito, lavrar-se-\u00e1 auto de infra\u00e7\u00e3o, do qual constar\u00e1:<\/p>\n\n\n\n<p>&nbsp;&nbsp;&nbsp;&nbsp;&nbsp;I &#8211; tipifica\u00e7\u00e3o da infra\u00e7\u00e3o;<\/p>\n\n\n\n<p>&nbsp;&nbsp;&nbsp;&nbsp;&nbsp;II &#8211; local, data e hora do cometimento da infra\u00e7\u00e3o;<\/p>\n\n\n\n<p>&nbsp;&nbsp;&nbsp;&nbsp;&nbsp;III &#8211; caracteres da placa de identifica\u00e7\u00e3o do ve\u00edculo, sua marca e esp\u00e9cie, e outros elementos julgados necess\u00e1rios \u00e0 sua identifica\u00e7\u00e3o;<\/p>\n\n\n\n<p>&nbsp;&nbsp;&nbsp;&nbsp;&nbsp;IV &#8211; o prontu\u00e1rio do condutor, sempre que poss\u00edvel;<\/p>\n\n\n\n<p>&nbsp;&nbsp;&nbsp;&nbsp;&nbsp;V &#8211; identifica\u00e7\u00e3o do \u00f3rg\u00e3o ou entidade e da autoridade ou agente autuador ou equipamento que comprovar a infra\u00e7\u00e3o;<\/p>\n\n\n\n<p>&nbsp;&nbsp;&nbsp;&nbsp;&nbsp;VI &#8211; assinatura do infrator, sempre que poss\u00edvel, valendo esta como notifica\u00e7\u00e3o do cometimento da infra\u00e7\u00e3o.<\/p>\n\n\n\n<p>&nbsp;&nbsp;&nbsp;&nbsp;&nbsp;\u00a7 1\u00ba (VETADO)<\/p>\n\n\n\n<p>&nbsp;&nbsp;&nbsp;&nbsp;&nbsp;\u00a7 2\u00ba A infra\u00e7\u00e3o dever\u00e1 ser comprovada por declara\u00e7\u00e3o da autoridade ou do agente da autoridade de tr\u00e2nsito, por aparelho eletr\u00f4nico ou por equipamento audiovisual, rea\u00e7\u00f5es qu\u00edmicas ou qualquer outro meio tecnologicamente dispon\u00edvel, previamente regulamentado pelo CONTRAN.<\/p>\n\n\n\n<p>&nbsp;&nbsp;&nbsp;&nbsp;&nbsp;\u00a7 3\u00ba N\u00e3o sendo poss\u00edvel a autua\u00e7\u00e3o em flagrante, o agente de tr\u00e2nsito relatar\u00e1 o fato \u00e0 autoridade no pr\u00f3prio auto de infra\u00e7\u00e3o, informando os dados a respeito do ve\u00edculo, al\u00e9m dos constantes nos incisos I, II e III, para o procedimento previsto no artigo seguinte.<\/p>\n\n\n\n<p>&nbsp;&nbsp;&nbsp;&nbsp;&nbsp;\u00a7 4\u00ba O agente da autoridade de tr\u00e2nsito competente para lavrar o auto de infra\u00e7\u00e3o poder\u00e1 ser servidor civil, estatut\u00e1rio ou celetista ou, ainda, policial militar designado pela autoridade de tr\u00e2nsito com jurisdi\u00e7\u00e3o sobre a via no \u00e2mbito de sua compet\u00eancia.<\/p>\n\n\n\n<h4 class=\"wp-block-heading\">SE\u00c7\u00c3O II<br>Do Julgamento das Autua\u00e7\u00f5es e Penalidades<br><\/h4>\n\n\n\n<p>&nbsp;&nbsp;&nbsp;&nbsp;&nbsp;Art. 281. A autoridade de tr\u00e2nsito, na esfera da compet\u00eancia estabelecida neste C\u00f3digo e dentro de sua circunscri\u00e7\u00e3o, julgar\u00e1 a consist\u00eancia do auto de infra\u00e7\u00e3o e aplicar\u00e1 a penalidade cab\u00edvel.<\/p>\n\n\n\n<p><em>Par\u00e1grafo \u00fanico.&nbsp;<\/em>O auto de infra\u00e7\u00e3o ser\u00e1 arquivado e seu registro julgado insubsistente:<\/p>\n\n\n\n<p>&nbsp;&nbsp;&nbsp;&nbsp;&nbsp;I &#8211; se considerado inconsistente ou irregular;<\/p>\n\n\n\n<p>&nbsp;&nbsp;&nbsp;&nbsp;&nbsp;II &#8211; se, no prazo m\u00e1ximo de sessenta dias, n\u00e3o for expedida a notifica\u00e7\u00e3o da autua\u00e7\u00e3o.<\/p>\n\n\n\n<p>&nbsp;&nbsp;&nbsp;&nbsp;&nbsp;Art. 282. Aplicada a penalidade, ser\u00e1 expedida notifica\u00e7\u00e3o ao propriet\u00e1rio do ve\u00edculo ou ao infrator, por remessa postal ou por qualquer outro meio tecnol\u00f3gico h\u00e1bil, que assegure a ci\u00eancia da imposi\u00e7\u00e3o da penalidade.<\/p>\n\n\n\n<p>&nbsp;&nbsp;&nbsp;&nbsp;&nbsp;\u00a7 1\u00ba A notifica\u00e7\u00e3o devolvida por desatualiza\u00e7\u00e3o do endere\u00e7o do propriet\u00e1rio do ve\u00edculo ser\u00e1 considerada v\u00e1lida para todos os efeitos.<\/p>\n\n\n\n<p>&nbsp;&nbsp;&nbsp;&nbsp;&nbsp;\u00a7 2\u00ba A notifica\u00e7\u00e3o a pessoal de miss\u00f5es diplom\u00e1ticas, de reparti\u00e7\u00f5es consulares de carreira e de representa\u00e7\u00f5es de organismos internacionais e de seus integrantes ser\u00e1 remetida ao Minist\u00e9rio das Rela\u00e7\u00f5es Exteriores para as provid\u00eancias cab\u00edveis e cobran\u00e7a dos valores, no caso de multa.<\/p>\n\n\n\n<p>&nbsp;&nbsp;&nbsp;&nbsp;&nbsp;\u00a7 3\u00ba Sempre que a penalidade de multa for imposta a condutor, \u00e0 exce\u00e7\u00e3o daquela de que trata o \u00a7 1\u00ba do art. 259, a notifica\u00e7\u00e3o ser\u00e1 encaminhada ao propriet\u00e1rio do ve\u00edculo, respons\u00e1vel pelo seu pagamento.<\/p>\n\n\n\n<p>&nbsp;&nbsp;&nbsp;&nbsp;&nbsp;Art. 283. (VETADO)<\/p>\n\n\n\n<p>&nbsp;&nbsp;&nbsp;&nbsp;&nbsp;Art. 284. O pagamento da multa poder\u00e1 ser efetuado at\u00e9 a data do vencimento expressa na notifica\u00e7\u00e3o, por oitenta por cento do seu valor.<\/p>\n\n\n\n<p><em>Par\u00e1grafo \u00fanico.&nbsp;<\/em>N\u00e3o ocorrendo o pagamento da multa no prazo estabelecido, seu valor ser\u00e1 atualizado \u00e0 data do pagamento, pelo mesmo n\u00famero de UFIR fixado no art. 258.<\/p>\n\n\n\n<p>&nbsp;&nbsp;&nbsp;&nbsp;&nbsp;Art. 285. O recurso previsto no art. 283 ser\u00e1 interposto perante a autoridade que imp\u00f4s a penalidade, a qual remet\u00ea-lo-\u00e1 \u00e0 JARI, que dever\u00e1 julg\u00e1-lo em at\u00e9 trinta dias.<\/p>\n\n\n\n<p>&nbsp;&nbsp;&nbsp;&nbsp;&nbsp;\u00a7 1\u00ba O recurso n\u00e3o ter\u00e1 efeito suspensivo.<\/p>\n\n\n\n<p>&nbsp;&nbsp;&nbsp;&nbsp;&nbsp;\u00a7 2\u00ba A autoridade que imp\u00f4s a penalidade remeter\u00e1 o recurso ao \u00f3rg\u00e3o julgador, dentro dos dez dias \u00fateis subseq\u00fcentes \u00e0 sua apresenta\u00e7\u00e3o, e, se o entender intempestivo, assinalar\u00e1 o fato no despacho de encaminhamento.<\/p>\n\n\n\n<p>&nbsp;&nbsp;&nbsp;&nbsp;&nbsp;\u00a7 3\u00ba Se, por motivo de for\u00e7a maior, o recurso n\u00e3o for julgado dentro do prazo previsto neste artigo, a autoridade que imp\u00f4s a penalidade, de of\u00edcio, ou por solicita\u00e7\u00e3o do recorrente, poder\u00e1 conceder-lhe efeito suspensivo.<\/p>\n\n\n\n<p>&nbsp;&nbsp;&nbsp;&nbsp;&nbsp;Art. 286. O recurso contra a imposi\u00e7\u00e3o de multa poder\u00e1 ser interposto no prazo legal, sem o recolhimento do seu valor.<\/p>\n\n\n\n<p>&nbsp;&nbsp;&nbsp;&nbsp;&nbsp;\u00a7 1\u00ba No caso de n\u00e3o provimento do recurso, aplicar-se-\u00e1 o estabelecido no&nbsp;<em>par\u00e1grafo \u00fanico&nbsp;<\/em>do art. 284.<\/p>\n\n\n\n<p>&nbsp;&nbsp;&nbsp;&nbsp;&nbsp;\u00a7 2\u00ba Se o infrator recolher o valor da multa e apresentar recurso, se julgada improcedente a penalidade, ser-lhe-\u00e1 devolvida a import\u00e2ncia paga, atualizada em UFIR ou por \u00edndice legal de corre\u00e7\u00e3o dos d\u00e9bitos fiscais.<\/p>\n\n\n\n<p>&nbsp;&nbsp;&nbsp;&nbsp;&nbsp;Art. 287. Se a infra\u00e7\u00e3o for cometida em localidade diversa daquela do licenciamento do ve\u00edculo, o recurso poder\u00e1 ser apresentado junto ao \u00f3rg\u00e3o ou entidade de tr\u00e2nsito da resid\u00eancia ou domic\u00edlio do infrator.<\/p>\n\n\n\n<p><em>Par\u00e1grafo \u00fanico.&nbsp;<\/em>A autoridade de tr\u00e2nsito que receber o recurso dever\u00e1 remet\u00ea-lo, de pronto, \u00e0 autoridade que imp\u00f4s a penalidade acompanhado das c\u00f3pias dos prontu\u00e1rios necess\u00e1rios ao julgamento.<\/p>\n\n\n\n<p>&nbsp;&nbsp;&nbsp;&nbsp;&nbsp;Art. 288. Das decis\u00f5es da JARI cabe recurso a ser interposto, na forma do artigo seguinte, no prazo de trinta dias contado da publica\u00e7\u00e3o ou da notifica\u00e7\u00e3o da decis\u00e3o.<\/p>\n\n\n\n<p>&nbsp;&nbsp;&nbsp;&nbsp;&nbsp;\u00a7 1\u00ba O recurso ser\u00e1 interposto, da decis\u00e3o do n\u00e3o provimento, pelo respons\u00e1vel pela infra\u00e7\u00e3o, e da decis\u00e3o de provimento, pela autoridade que imp\u00f4s a penalidade.<\/p>\n\n\n\n<p>&nbsp;&nbsp;&nbsp;&nbsp;&nbsp;\u00a7 2\u00ba No caso de penalidade de multa, o recurso interposto pelo respons\u00e1vel pela infra\u00e7\u00e3o somente ser\u00e1 admitido comprovado o recolhimento de seu valor.<\/p>\n\n\n\n<p>&nbsp;&nbsp;&nbsp;&nbsp;&nbsp;Art. 289. O recurso de que trata o artigo anterior ser\u00e1 apreciado no prazo de trinta dias:<\/p>\n\n\n\n<p>&nbsp;&nbsp;&nbsp;&nbsp;&nbsp;I &#8211; tratando-se de penalidade imposta pelo \u00f3rg\u00e3o ou entidade de tr\u00e2nsito da Uni\u00e3o:<\/p>\n\n\n\n<figure class=\"wp-block-table\"><table class=\"has-fixed-layout\"><tbody><tr><td><\/td><td><em>a)<\/em><\/td><td>em caso de suspens\u00e3o do direito de dirigir por mais de seis meses, cassa\u00e7\u00e3o do documento de habilita\u00e7\u00e3o ou penalidade por infra\u00e7\u00f5es grav\u00edssimas, pelo CONTRAN;<\/td><\/tr><\/tbody><\/table><\/figure>\n\n\n\n<figure class=\"wp-block-table\"><table class=\"has-fixed-layout\"><tbody><tr><td><\/td><td><em>b)<\/em><\/td><td>nos demais casos, por colegiado especial integrado pelo Coordenador-Geral da JARI, pelo Presidente da Junta que apreciou o recurso e por mais um Presidente de Junta;<\/td><\/tr><\/tbody><\/table><\/figure>\n\n\n\n<p>&nbsp;&nbsp;&nbsp;&nbsp;&nbsp;II &#8211; tratando-se de penalidade imposta por \u00f3rg\u00e3o ou entidade de tr\u00e2nsito estadual, municipal ou do Distrito Federal, pelos CETRAN E CONTRANDIFE, respectivamente.<br><br>&nbsp;&nbsp;&nbsp;&nbsp;&nbsp;<em>Par\u00e1grafo \u00fanico.&nbsp;<\/em>No caso da al\u00ednea&nbsp;<em>b<\/em>&nbsp;do inciso I, quando houver apenas uma JARI, o recurso ser\u00e1 julgado por seus pr\u00f3prios membros.<br><br>&nbsp;&nbsp;&nbsp;&nbsp;&nbsp;Art. 290. A aprecia\u00e7\u00e3o do recurso previsto no art. 288 encerra a inst\u00e2ncia administrativa de julgamento de infra\u00e7\u00f5es penalidades.<br><br>&nbsp;&nbsp;&nbsp;&nbsp;&nbsp;<em>Par\u00e1grafo \u00fanico.&nbsp;<\/em>Esgotados os recursos, as penalidades aplicadas nos termos deste C\u00f3digo ser\u00e3o cadastradas no RENACH.<\/p>\n\n\n\n<p>CAP\u00cdTULO XIX<br>DOS CRIMES DE TR\u00c2NSITO<\/p>\n\n\n\n<h4 class=\"wp-block-heading\">SE\u00c7\u00c3O I<br>Disposi\u00e7\u00f5es Gerais<br><\/h4>\n\n\n\n<p>&nbsp;&nbsp;&nbsp;&nbsp;&nbsp;Art. 291. Aos crimes cometidos na dire\u00e7\u00e3o de ve\u00edculos automotores, previstos neste C\u00f3digo, aplicam-se as normas gerais do C\u00f3digo Penal e do C\u00f3digo de Processo Penal, se este Cap\u00edtulo n\u00e3o dispuser de modo diverso, bem como a Lei n\u00ba 9.099, de 26 de setembro de 1995, no que couber.<\/p>\n\n\n\n<p><em>Par\u00e1grafo \u00fanico.&nbsp;<\/em>Aplicam-se aos crimes de tr\u00e2nsito de les\u00e3o corporal culposa, de embriaguez ao volante, e de participa\u00e7\u00e3o em competi\u00e7\u00e3o n\u00e3o autorizada o disposto nos arts. 74, 76 e 88 da Lei n\u00ba 9.099, de 26 de setembro de 1995.<\/p>\n\n\n\n<p>&nbsp;&nbsp;&nbsp;&nbsp;&nbsp;Art. 292. A suspens\u00e3o ou a proibi\u00e7\u00e3o de se obter a permiss\u00e3o ou a habilita\u00e7\u00e3o para dirigir ve\u00edculo automotor pode ser imposta como penalidade principal, isolada ou cumulativamente com outras penalidades.<\/p>\n\n\n\n<p>&nbsp;&nbsp;&nbsp;&nbsp;&nbsp;Art. 293. A penalidade de suspens\u00e3o ou de proibi\u00e7\u00e3o de se obter a permiss\u00e3o ou a habilita\u00e7\u00e3o, para dirigir ve\u00edculo automotor, tem a dura\u00e7\u00e3o de dois meses a cinco anos.<\/p>\n\n\n\n<p>&nbsp;&nbsp;&nbsp;&nbsp;&nbsp;\u00a7 1\u00ba Transitada em julgado a senten\u00e7a condenat\u00f3ria, o r\u00e9u ser\u00e1 intimado a entregar \u00e0 autoridade judici\u00e1ria, em quarenta e oito horas, a Permiss\u00e3o para Dirigir ou a Carteira de Habilita\u00e7\u00e3o.<\/p>\n\n\n\n<p>&nbsp;&nbsp;&nbsp;&nbsp;&nbsp;\u00a7 2\u00ba A penalidade de suspens\u00e3o ou de proibi\u00e7\u00e3o de se obter a permiss\u00e3o ou a habilita\u00e7\u00e3o para dirigir ve\u00edculo automotor n\u00e3o se inicia enquanto o sentenciado, por efeito de condena\u00e7\u00e3o penal, estiver recolhido a estabelecimento prisional.<\/p>\n\n\n\n<p>&nbsp;&nbsp;&nbsp;&nbsp;&nbsp;Art. 294. Em qualquer fase da investiga\u00e7\u00e3o ou da a\u00e7\u00e3o penal, havendo necessidade para a garantia da ordem p\u00fablica, poder\u00e1 o juiz, como medida cautelar, de of\u00edcio, ou a requerimento do Minist\u00e9rio P\u00fablico ou ainda mediante representa\u00e7\u00e3o da autoridade policial, decretar, em decis\u00e3o motivada, a suspens\u00e3o da permiss\u00e3o ou da habilita\u00e7\u00e3o para dirigir ve\u00edculo automotor, ou a proibi\u00e7\u00e3o de sua obten\u00e7\u00e3o.<\/p>\n\n\n\n<p><em>Par\u00e1grafo \u00fanico.&nbsp;<\/em>Da decis\u00e3o que decretar a suspens\u00e3o ou a medida cautelar, ou da que indeferir o requerimento do Minist\u00e9rio P\u00fablico, caber\u00e1 recurso em sentido estrito, sem efeito suspensivo.<\/p>\n\n\n\n<p>&nbsp;&nbsp;&nbsp;&nbsp;&nbsp;Art. 295. A suspens\u00e3o para dirigir ve\u00edculo automotor ou a proibi\u00e7\u00e3o de se obter a permiss\u00e3o ou a habilita\u00e7\u00e3o ser\u00e1 sempre comunicada pela autoridade judici\u00e1ria ao Conselho Nacional de Tr\u00e2nsito &#8211; CONTRAN, e ao \u00f3rg\u00e3o de tr\u00e2nsito do Estado em que o indiciado ou r\u00e9u for domiciliado ou residente.<\/p>\n\n\n\n<p>&nbsp;&nbsp;&nbsp;&nbsp;&nbsp;Art. 296. Se o r\u00e9u for reincidente na pr\u00e1tica de crime previsto neste C\u00f3digo, o juiz poder\u00e1 aplicar a penalidade de suspens\u00e3o da permiss\u00e3o ou habilita\u00e7\u00e3o para dirigir ve\u00edculo automotor, sem preju\u00edzo das demais san\u00e7\u00f5es penais cab\u00edveis.<\/p>\n\n\n\n<p>&nbsp;&nbsp;&nbsp;&nbsp;&nbsp;Art. 297. A penalidade de multa reparat\u00f3ria consiste no pagamento, mediante dep\u00f3sito judicial em favor da vitima, ou seus sucessores, de quantia calculada com base no disposto no \u00a7 1\u00ba do art. 49 do C\u00f3digo Penal, sempre que houver preju\u00edzo material resultante do crime.<\/p>\n\n\n\n<p>&nbsp;&nbsp;&nbsp;&nbsp;&nbsp;\u00a7 1\u00ba A multa reparat\u00f3ria n\u00e3o poder\u00e1 ser superior ao valor do preju\u00edzo demonstrado no processo.<\/p>\n\n\n\n<p>&nbsp;&nbsp;&nbsp;&nbsp;&nbsp;\u00a7 2\u00ba Aplica-se \u00e0 multa reparat\u00f3ria o disposto nos arts. 50 a 52 do C\u00f3digo Penal.<\/p>\n\n\n\n<p>&nbsp;&nbsp;&nbsp;&nbsp;&nbsp;\u00a7 3\u00ba Na indeniza\u00e7\u00e3o civil do dano, o valor da multa reparat\u00f3ria ser\u00e1 descontado.<\/p>\n\n\n\n<p>&nbsp;&nbsp;&nbsp;&nbsp;&nbsp;Art. 298. S\u00e3o circunst\u00e2ncias que sempre agravam as penalidades dos crimes de tr\u00e2nsito ter o condutor do ve\u00edculo cometido a infra\u00e7\u00e3o:<\/p>\n\n\n\n<p>&nbsp;&nbsp;&nbsp;&nbsp;&nbsp;I &#8211; com dano potencial para duas ou mais pessoas ou com grande risco de grave dano patrimonial a terceiros;<\/p>\n\n\n\n<p>&nbsp;&nbsp;&nbsp;&nbsp;&nbsp;II &#8211; utilizando o ve\u00edculo sem placas, com placas falsas ou adulteradas;<\/p>\n\n\n\n<p>&nbsp;&nbsp;&nbsp;&nbsp;&nbsp;III &#8211; sem possuir Permiss\u00e3o para Dirigir ou Carteira de Habilita\u00e7\u00e3o;<\/p>\n\n\n\n<p>&nbsp;&nbsp;&nbsp;&nbsp;&nbsp;IV &#8211; com Permiss\u00e3o para Dirigir ou Carteira de Habilita\u00e7\u00e3o de categoria diferente da do veiculo;<\/p>\n\n\n\n<p>&nbsp;&nbsp;&nbsp;&nbsp;&nbsp;V &#8211; quando a sua profiss\u00e3o ou atividade exigir cuidados especiais com o transporte de passageiros ou de carga;<\/p>\n\n\n\n<p>&nbsp;&nbsp;&nbsp;&nbsp;&nbsp;VI &#8211; utilizando ve\u00edculo em que tenham sido adulterados equipamentos ou caracter\u00edsticas que afetem a sua seguran\u00e7a ou o seu funcionamento de acordo com os limites de velocidade prescritos nas especifica\u00e7\u00f5es do fabricante;<\/p>\n\n\n\n<p>&nbsp;&nbsp;&nbsp;&nbsp;&nbsp;VII &#8211; sobre faixa de tr\u00e2nsito tempor\u00e1ria ou permanentemente destinada a pedestres.<\/p>\n\n\n\n<p>&nbsp;&nbsp;&nbsp;&nbsp;&nbsp;Art. 299. (VETADO)<\/p>\n\n\n\n<p>&nbsp;&nbsp;&nbsp;&nbsp;&nbsp;Art. 300. (VETADO)<\/p>\n\n\n\n<p>&nbsp;&nbsp;&nbsp;&nbsp;&nbsp;Art. 301. Ao condutor de ve\u00edculo, nos casos de acidentes de tr\u00e2nsito de que resulte v\u00edtima, n\u00e3o se impor\u00e1 a pris\u00e3o em flagrante, nem se exigir\u00e1 fian\u00e7a, se prestar pronto e integral socorro \u00e0quela.<\/p>\n\n\n\n<h4 class=\"wp-block-heading\">SE\u00c7\u00c3O II<br>Dos Crimes em Esp\u00e9cie<br><\/h4>\n\n\n\n<p>&nbsp;&nbsp;&nbsp;&nbsp;&nbsp;Art. 302. Praticar homic\u00eddio culposo na dire\u00e7\u00e3o de veiculo automotor:<br>&nbsp;&nbsp;&nbsp;&nbsp; Penas &#8211; deten\u00e7\u00e3o, de dois a quatro anos, e suspens\u00e3o ou proibi\u00e7\u00e3o de se obter a permiss\u00e3o ou a habilita\u00e7\u00e3o para dirigir ve\u00edculo automotor.<br><br>&nbsp;&nbsp;&nbsp;&nbsp;&nbsp;<em>Par\u00e1grafo \u00fanico.&nbsp;<\/em>No homic\u00eddio culposo cometido na dire\u00e7\u00e3o de ve\u00edculo automotor, a pena \u00e9 aumentada de um ter\u00e7o \u00e0 metade, se o agente:<br><br>&nbsp;&nbsp;&nbsp;&nbsp;&nbsp;I &#8211; n\u00e3o possuir Permiss\u00e3o para Dirigir ou Carteira de Habilita\u00e7\u00e3o;<br><br>&nbsp;&nbsp;&nbsp;&nbsp;&nbsp;II &#8211; pratic\u00e1-lo em faixa de pedestres ou na cal\u00e7ada;<br><br>&nbsp;&nbsp;&nbsp;&nbsp;&nbsp;III &#8211; deixar de prestar socorro, quando poss\u00edvel faz\u00ea-lo sem risco pessoal, \u00e0 v\u00edtima do acidente;<br><br>&nbsp;&nbsp;&nbsp;&nbsp;&nbsp;IV &#8211; no exerc\u00edcio de sua profiss\u00e3o ou atividade, estiver conduzindo ve\u00edculo de transporte de passageiros.<br><br>&nbsp;&nbsp;&nbsp;&nbsp;&nbsp;Art. 303. Praticar les\u00e3o corporal culposa na dire\u00e7\u00e3o de ve\u00edculo automotor:<br>&nbsp;&nbsp;&nbsp;&nbsp; Penas &#8211; deten\u00e7\u00e3o, de seis meses a dois anos e suspens\u00e3o ou proibi\u00e7\u00e3o de se obter a permiss\u00e3o ou a habilita\u00e7\u00e3o para dirigir ve\u00edculo automotor.<br><br>&nbsp;&nbsp;&nbsp;&nbsp;&nbsp;<em>Par\u00e1grafo \u00fanico.&nbsp;<\/em>Aumenta-se a pena de um ter\u00e7o \u00e0 metade, se ocorrer qualquer das hip\u00f3teses do par\u00e1grafo \u00fanico do artigo anterior.<br><br>&nbsp;&nbsp;&nbsp;&nbsp;&nbsp;Art. 304. Deixar o condutor do ve\u00edculo, na ocasi\u00e3o do acidente, de prestar imediato socorro \u00e0 v\u00edtima, ou, n\u00e3o podendo faz\u00ea-lo diretamente, por justa causa, deixar de solicitar aux\u00edlio da autoridade p\u00fablica:<br>&nbsp;&nbsp;&nbsp;&nbsp; Penas &#8211; deten\u00e7\u00e3o, de seis meses a um ano, ou multa, se o fato n\u00e3o constituir elemento de crime mais grave.<br><br>&nbsp;&nbsp;&nbsp;&nbsp;&nbsp;<em>Par\u00e1grafo \u00fanico.&nbsp;<\/em>lncide nas penas previstas neste artigo o condutor do ve\u00edculo, ainda que a sua omiss\u00e3o seja suprida por terceiros ou que se trate de v\u00edtima com morte instant\u00e2nea ou com ferimentos leves.<br><br>&nbsp;&nbsp;&nbsp;&nbsp;&nbsp;Art. 305. Afastar-se o condutor do ve\u00edculo do local do acidente, para fugir \u00e0 responsabilidade penal ou civil que lhe possa ser atribu\u00eddas:<br>&nbsp;&nbsp;&nbsp;&nbsp; Penas &#8211; deten\u00e7\u00e3o, de seis meses a um ano, ou multa.<br><br>&nbsp;&nbsp;&nbsp;&nbsp;&nbsp;Art. 306. Conduzir ve\u00edculo automotor, na via p\u00fablica, sob a influ\u00eancia de \u00e1lcool ou subst\u00e2ncia de efeitos an\u00e1logos, expondo a dano potencial a incolumidade de outrem:<br>&nbsp;&nbsp;&nbsp;&nbsp; Penas &#8211; deten\u00e7\u00e3o, de seis meses a tr\u00eas anos, multa e suspens\u00e3o ou proibi\u00e7\u00e3o de se obter a permiss\u00e3o ou a habilita\u00e7\u00e3o para dirigir ve\u00edculo automotor.<br><br>&nbsp;&nbsp;&nbsp;&nbsp;&nbsp;Art. 307. Violar a suspens\u00e3o ou a proibi\u00e7\u00e3o de se obter a permiss\u00e3o ou a habilita\u00e7\u00e3o para dirigir ve\u00edculo automotor imposta com fundamento neste C\u00f3digo:<br>&nbsp;&nbsp;&nbsp;&nbsp; Penas &#8211; deten\u00e7\u00e3o, de seis meses a um ano e multa, com nova imposi\u00e7\u00e3o adicional de id\u00eantico prazo de suspens\u00e3o ou de proibi\u00e7\u00e3o.<br><br>&nbsp;&nbsp;&nbsp;&nbsp;&nbsp;<em>Par\u00e1grafo \u00fanico.&nbsp;<\/em>Nas mesmas penas incorre o condenado que deixa de entregar, no prazo estabelecido no \u00a7 1\u00ba do art. 293, a Permiss\u00e3o para Dirigir ou a Carteira de Habilita\u00e7\u00e3o.<br><br>&nbsp;&nbsp;&nbsp;&nbsp;&nbsp;Art. 308. Participar, na dire\u00e7\u00e3o de ve\u00edculo automotor, em via p\u00fablica, de corrida, disputa ou competi\u00e7\u00e3o automobil\u00edstica n\u00e3o autorizada pela autoridade competente, desde que resulte dano potencial \u00e0 incolumidade p\u00fablica ou privada:<br>&nbsp;&nbsp;&nbsp;&nbsp; Penas &#8211; deten\u00e7\u00e3o, de seis meses a dois anos, multa e suspens\u00e3o ou proibi\u00e7\u00e3o de se obter a permiss\u00e3o ou a habilita\u00e7\u00e3o para dirigir ve\u00edculo automotor.<br><br>&nbsp;&nbsp;&nbsp;&nbsp;&nbsp;Art. 309. Dirigir ve\u00edculo automotor, em via p\u00fablica, sem a devida Permiss\u00e3o para Dirigir ou Habilita\u00e7\u00e3o ou, ainda, se cassado o direito de dirigir, gerando perigo de dano:<br>&nbsp;&nbsp;&nbsp;&nbsp; Penas &#8211; deten\u00e7\u00e3o, de seis meses a um ano, ou multa.<br><br>&nbsp;&nbsp;&nbsp;&nbsp;&nbsp;Art. 310. Permitir, confiar ou entregar a dire\u00e7\u00e3o de ve\u00edculo automotor a pessoa n\u00e3o habilitada, com habilita\u00e7\u00e3o cassada ou com o direito de dirigir suspenso, ou, ainda, a quem, por seu estado de sa\u00fade, f\u00edsica ou mental, ou por embriaguez, n\u00e3o esteja em condi\u00e7\u00f5es de conduzi-lo com seguran\u00e7a:<br>&nbsp;&nbsp;&nbsp;&nbsp; Penas &#8211; deten\u00e7\u00e3o, de seis meses a um ano, ou multa.<br><br>&nbsp;&nbsp;&nbsp;&nbsp;&nbsp;Art. 311. Trafegar em velocidade incompat\u00edvel com a seguran\u00e7a nas proximidades de escolas, hospitais, esta\u00e7\u00f5es de embarque e desembarque de passageiros, logradouros estreitos, ou onde haja grande movimenta\u00e7\u00e3o ou concentra\u00e7\u00e3o de pessoas, gerando perigo de dano:<br>&nbsp;&nbsp;&nbsp;&nbsp; Penas &#8211; deten\u00e7\u00e3o, de seis meses a um ano, ou multa.<br><br>&nbsp;&nbsp;&nbsp;&nbsp;&nbsp;Art. 312. Inovar artificiosamente, em caso de acidente automobil\u00edstico com v\u00edtima, na pend\u00eancia do respectivo procedimento policial preparat\u00f3rio, inqu\u00e9rito policial ou processo penal, o estado de lugar, de coisa ou de pessoa, a fim de induzir a erro o agente policial, o perito, ou juiz:<br>&nbsp;&nbsp;&nbsp;&nbsp; Penas &#8211; deten\u00e7\u00e3o, de seis meses a um ano, ou multa.<br><br>&nbsp;&nbsp;&nbsp;&nbsp;&nbsp;<em>Par\u00e1grafo \u00fanico.&nbsp;<\/em>Aplica-se o disposto neste artigo, ainda que n\u00e3o iniciados, quando da inova\u00e7\u00e3o, o procedimento preparat\u00f3rio, o inqu\u00e9rito ou o processo aos quais se refere.<\/p>\n\n\n\n<p>CAP\u00cdTULO XX<br>DISPOSI\u00c7\u00d5ES FINAIS E TRANSIT\u00d3RIAS<\/p>\n\n\n\n<p><br>&nbsp;&nbsp;&nbsp;&nbsp;&nbsp;Art. 313. O Poder Executivo promover\u00e1 a nomea\u00e7\u00e3o dos membros do CONTRAN no prazo de sessenta dias da publica\u00e7\u00e3o deste C\u00f3digo.<br><br>&nbsp;&nbsp;&nbsp;&nbsp;&nbsp;Art. 314. O CONTRAN tem o prazo de duzentos e quarenta dias a partir da publica\u00e7\u00e3o deste C\u00f3digo para expedir as resolu\u00e7\u00f5es necess\u00e1rias \u00e0 sua melhor execu\u00e7\u00e3o, bem como revisar todas as resolu\u00e7\u00f5es anteriores \u00e0 sua publica\u00e7\u00e3o, dando prioridade \u00e0quelas que visam a diminuir o n\u00famero de acidentes e a assegurar a prote\u00e7\u00e3o de pedestres.<br><br>&nbsp;&nbsp;&nbsp;&nbsp;&nbsp;<em>Par\u00e1grafo \u00fanico.&nbsp;<\/em>As resolu\u00e7\u00f5es do CONTRAN, existentes at\u00e9 a data de publica\u00e7\u00e3o deste C\u00f3digo, continuam em vigor naquilo em que n\u00e3o conflitem com ele.<br><br>&nbsp;&nbsp;&nbsp;&nbsp;&nbsp;Art. 315. O Minist\u00e9rio da Educa\u00e7\u00e3o e do Desporto, mediante proposta do CONTRAN, dever\u00e1, no prazo de duzentos e quarenta dias contado da publica\u00e7\u00e3o, estabelecer o curr\u00edculo com conte\u00fado program\u00e1tico relativo \u00e0 seguran\u00e7a e \u00e0 educa\u00e7\u00e3o de tr\u00e2nsito, a fim de atender o disposto neste C\u00f3digo.<br><br>&nbsp;&nbsp;&nbsp;&nbsp;&nbsp;Art. 316. O prazo de notifica\u00e7\u00e3o previsto no inciso II do par\u00e1grafo \u00fanico do art. 281 s\u00f3 entrar\u00e1 em vigor ap\u00f3s duzentos e quarenta dias contados da publica\u00e7\u00e3o desta Lei.<br><br>&nbsp;&nbsp;&nbsp;&nbsp;&nbsp;Art. 317. Os \u00f3rg\u00e3os e entidades de tr\u00e2nsito conceder\u00e3o prazo de at\u00e9 um ano para a adapta\u00e7\u00e3o dos ve\u00edculos de condu\u00e7\u00e3o de escolares e de aprendizagem \u00e0s normas do inciso III do art. 136 e art. 154, respectivamente.<br><br>&nbsp;&nbsp;&nbsp;&nbsp;&nbsp;Art. 318. (VETADO)<br><br>&nbsp;&nbsp;&nbsp;&nbsp;&nbsp;Art. 319. Enquanto n\u00e3o forem baixadas novas normas pelo CONTRAN, continua em vigor o disposto no art. 92 do Regulamento do C\u00f3digo Nacional de Tr\u00e2nsito &#8211; Decreto n\u00ba 62.127, de 16 de janeiro de 1968.<br><br>&nbsp;&nbsp;&nbsp;&nbsp;&nbsp;Art. 320. A receita arrecadada com a cobran\u00e7a das multas de tr\u00e2nsito ser\u00e1 aplicada, exclusivamente, em sinaliza\u00e7\u00e3o, engenharia de tr\u00e1fego, de campo, policiamento, fiscaliza\u00e7\u00e3o e educa\u00e7\u00e3o de tr\u00e2nsito.<br><br>&nbsp;&nbsp;&nbsp;&nbsp;&nbsp;<em>Par\u00e1grafo \u00fanico.&nbsp;<\/em>O percentual de cinco por cento do valor das multas de tr\u00e2nsito arrecadadas ser\u00e1 depositado, mensalmente, na conta de fundo de \u00e2mbito nacional destinado \u00e0 seguran\u00e7a e educa\u00e7\u00e3o de tr\u00e2nsito.<br><br>&nbsp;&nbsp;&nbsp;&nbsp;&nbsp;Art. 321. (VETADO)<br><br>&nbsp;&nbsp;&nbsp;&nbsp;&nbsp;Art. 322. (VETADO)<br><br>&nbsp;&nbsp;&nbsp;&nbsp;&nbsp;Art. 323. O CONTRAN, em cento e oitenta dias, fixar\u00e1 a metodologia de aferi\u00e7\u00e3o de peso de ve\u00edculos, estabelecendo percentuais de toler\u00e2ncia, sendo durante este per\u00edodo suspensa a vig\u00eancia das penalidades previstas no inciso V do art. 231, aplicando-se a penalidade de vinte UFIR por duzentos quilogramas ou fra\u00e7\u00e3o de excesso.<br><br>&nbsp;&nbsp;&nbsp;&nbsp;&nbsp;<em>Par\u00e1grafo \u00fanico.&nbsp;<\/em>Os limites de toler\u00e2ncia a que se refere este artigo, at\u00e9 a sua fixa\u00e7\u00e3o pelo CONTRAN, s\u00e3o aqueles estabelecidos pela Lei n\u00ba 7.408, de 25 de novembro de 1985.<br><br>&nbsp;&nbsp;&nbsp;&nbsp;&nbsp;Art. 324. (VETADO)<br><br>&nbsp;&nbsp;&nbsp;&nbsp;&nbsp;Art. 325. As reparti\u00e7\u00f5es de tr\u00e2nsito conservar\u00e3o por cinco anos os documentos relativos \u00e0 habilita\u00e7\u00e3o de condutores e ao registro e licenciamento de ve\u00edculos, podendo ser microfilmados ou armazenados em meio magn\u00e9tico ou \u00f3ptico para todos os efeitos legais.<br><br>&nbsp;&nbsp;&nbsp;&nbsp;&nbsp;Art. 326. A Semana Nacional de Tr\u00e2nsito ser\u00e1 comemorada anualmente no per\u00edodo compreendido entre 18 e 25 de setembro.<br><br>&nbsp;&nbsp;&nbsp;&nbsp;&nbsp;Art. 327. A partir da publica\u00e7\u00e3o deste C\u00f3digo, somente poder\u00e3o ser fabricados e licenciados ve\u00edculos que obede\u00e7am aos limites de peso e dimens\u00f5es fixados na forma desta Lei, ressalvados os que vierem a ser regulamentados pelo CONTRAN.<br><br>&nbsp;&nbsp;&nbsp;&nbsp;&nbsp;<em>Par\u00e1grafo \u00fanico.&nbsp;<\/em>(VETADO)<br><br>&nbsp;&nbsp;&nbsp;&nbsp;&nbsp;Art. 328. Os ve\u00edculos apreendidos ou removidos a qualquer t\u00edtulo e os animais n\u00e3o reclamados por seus propriet\u00e1rios, dentro do prazo de noventa dias, ser\u00e3o levados \u00e0 hasta p\u00fablica, deduzindo-se, do valor arrecadado, o montante da d\u00edvida relativa a multas, tributos e encargos legais, e o restante, se houver, depositado \u00e0 conta do ex-propriet\u00e1rio, na forma da lei.<br><br>&nbsp;&nbsp;&nbsp;&nbsp;&nbsp;Art. 329. Os condutores dos ve\u00edculos de que tratam os arts. 135 e 136, para exercerem suas atividades, dever\u00e3o apresentar, previamente, certid\u00e3o negativa do registro de distribui\u00e7\u00e3o criminal relativamente aos crimes de homic\u00eddio, roubo, estupro e corrup\u00e7\u00e3o de menores, renov\u00e1vel a cada cinco anos, junto ao \u00f3rg\u00e3o respons\u00e1vel pela respectiva concess\u00e3o ou autoriza\u00e7\u00e3o.<br><br>&nbsp;&nbsp;&nbsp;&nbsp;&nbsp;Art. 330. Os estabelecimentos onde se executem reformas ou recupera\u00e7\u00e3o de ve\u00edculos e os que comprem, vendam ou desmontem ve\u00edculos, usados, ou n\u00e3o, s\u00e3o obrigados a possuir livros de registro de seu movimento de entrada e sa\u00edda e de uso de placas de experi\u00eancia, conforme modelos aprovados e rubricados pelos \u00f3rg\u00e3os de tr\u00e2nsito.<br><br>&nbsp;&nbsp;&nbsp;&nbsp;&nbsp;\u00a7 1\u00ba Os livros indicar\u00e3o:<br><br>&nbsp;&nbsp;&nbsp;&nbsp;&nbsp;I &#8211; data de entrada do ve\u00edculo no estabelecimento;<br><br>&nbsp;&nbsp;&nbsp;&nbsp;&nbsp;II &#8211; nome, endere\u00e7o e identidade do propriet\u00e1rio ou vendedor;<br><br>&nbsp;&nbsp;&nbsp;&nbsp;&nbsp;III &#8211; data da sa\u00edda ou baixa, nos casos de desmontagem;<br><br>&nbsp;&nbsp;&nbsp;&nbsp;&nbsp;IV &#8211; nome, endere\u00e7o e identidade do comprador;<br><br>&nbsp;&nbsp;&nbsp;&nbsp;&nbsp;V &#8211; caracter\u00edsticas do ve\u00edculo constantes do seu certificado de registro;<br><br>&nbsp;&nbsp;&nbsp;&nbsp;&nbsp;VI &#8211; n\u00famero da placa de experi\u00eancia.<br><br>&nbsp;&nbsp;&nbsp;&nbsp;&nbsp;\u00a7 2\u00ba Os livros ter\u00e3o suas p\u00e1ginas numeradas tipograficamente e ser\u00e3o encadernados ou em folhas soltas, sendo que, no primeiro caso, conter\u00e3o termo de abertura e encerramento lavrados pelo propriet\u00e1rio e rubricados pela reparti\u00e7\u00e3o de tr\u00e2nsito, enquanto, no segundo, todas as folhas ser\u00e3o autenticadas pela reparti\u00e7\u00e3o de tr\u00e2nsito.<br><br>&nbsp;&nbsp;&nbsp;&nbsp;&nbsp;\u00a7 3\u00ba A entrada e a sa\u00edda de ve\u00edculos nos estabelecimentos referidos neste artigo registrar-se-\u00e3o no mesmo dia em que se verificarem assinaladas, inclusive, as horas a elas correspondentes, podendo os ve\u00edculos irregulares l\u00e1 encontrados ou suas sucatas ser apreendidos ou retidos para sua completa regulariza\u00e7\u00e3o.<br><br>&nbsp;&nbsp;&nbsp;&nbsp;&nbsp;\u00a7 4\u00ba As autoridades de tr\u00e2nsito e as autoridades policiais ter\u00e3o acesso aos livros sempre que o solicitarem, n\u00e3o podendo, entretanto, retir\u00e1-los do estabelecimento.<br><br>&nbsp;&nbsp;&nbsp;&nbsp;&nbsp;\u00a7 5\u00ba A falta de escritura\u00e7\u00e3o dos livros, o atraso, a fraude ao realiz\u00e1-lo e a recusa de sua exibi\u00e7\u00e3o ser\u00e3o punidas com a multa prevista para as infra\u00e7\u00f5es grav\u00edssimas, independente das demais comina\u00e7\u00f5es legais cab\u00edveis.<br><br>&nbsp;&nbsp;&nbsp;&nbsp;&nbsp;Art. 331. At\u00e9 a nomea\u00e7\u00e3o e posse dos membros que passar\u00e3o a integrar os colegiados destinados ao julgamento dos recursos administrativos previstos na Se\u00e7\u00e3o II do Cap\u00edtulo XVIII deste C\u00f3digo, o julgamento dos recursos ficar\u00e1 a cargo dos \u00f3rg\u00e3os ora existentes.<br><br>&nbsp;&nbsp;&nbsp;&nbsp;&nbsp;Art. 332. Os \u00f3rg\u00e3os e entidades integrantes do Sistema Nacional de Tr\u00e2nsito proporcionar\u00e3o aos membros do CONTRAN, CETRAN e CONTRANDIFE, em servi\u00e7o, todas as facilidades para o cumprimento de sua miss\u00e3o, fornecendo-lhes as informa\u00e7\u00f5es que solicitarem, permitindo-lhes inspecionar a execu\u00e7\u00e3o de quaisquer servi\u00e7os e dever\u00e3o atender prontamente suas requisi\u00e7\u00f5es.<br><br>&nbsp;&nbsp;&nbsp;&nbsp;&nbsp;Art. 333. O CONTRAN estabelecer\u00e1, em at\u00e9 cento e vinte dias ap\u00f3s a nomea\u00e7\u00e3o de seus membros, as disposi\u00e7\u00f5es previstas nos arts. 91 e 92, que ter\u00e3o de ser atendidas pelos \u00f3rg\u00e3os e entidades executivos de tr\u00e2nsito e executivos rodovi\u00e1rios para exercerem suas compet\u00eancias.<br><br>&nbsp;&nbsp;&nbsp;&nbsp;&nbsp;\u00a7 1\u00ba Os \u00f3rg\u00e3os e entidades de tr\u00e2nsito j\u00e1 existentes ter\u00e3o prazo de um ano, ap\u00f3s a edi\u00e7\u00e3o das normas, para se adequarem \u00e0s novas disposi\u00e7\u00f5es estabelecidas pelo CONTRAN, conforme disposto neste artigo.<br><br>&nbsp;&nbsp;&nbsp;&nbsp;&nbsp;\u00a7 2\u00ba Os \u00f3rg\u00e3os e entidades de tr\u00e2nsito a serem criados exercer\u00e3o as compet\u00eancias previstas neste C\u00f3digo em cumprimento \u00e0s exig\u00eancias estabelecidas pelo CONTRAN, conforme disposto neste artigo, acompanhados pelo respectivo CETRAN, se \u00f3rg\u00e3o ou entidade municipal, ou CONTRAN, se \u00f3rg\u00e3o ou entidade estadual, do Distrito Federal ou da Uni\u00e3o, passando a integrar o Sistema Nacional de Tr\u00e2nsito.<br><br>&nbsp;&nbsp;&nbsp;&nbsp;&nbsp;Art. 334. As ondula\u00e7\u00f5es transversais existentes dever\u00e3o ser homologadas pelo \u00f3rg\u00e3o ou entidade competente no prazo de um ano, a partir da publica\u00e7\u00e3o deste C\u00f3digo, devendo ser retiradas em caso contr\u00e1rio.<br><br>&nbsp;&nbsp;&nbsp;&nbsp;&nbsp;Art. 335. (VETADO)<br><br>&nbsp;&nbsp;&nbsp;&nbsp;&nbsp;Art. 336. Aplicam-se os sinais de tr\u00e2nsito previstos no Anexo II at\u00e9 a aprova\u00e7\u00e3o pelo CONTRAN, no prazo de trezentos e sessenta dias da publica\u00e7\u00e3o desta Lei, ap\u00f3s a manifesta\u00e7\u00e3o da C\u00e2mara Tem\u00e1tica de Engenharia, de Vias e Ve\u00edculos e obedecidos os padr\u00f5es internacionais.<br><br>&nbsp;&nbsp;&nbsp;&nbsp;&nbsp;Art. 337. Os CETRAN ter\u00e3o suporte t\u00e9cnico e financeiro dos Estados e Munic\u00edpios que os comp\u00f5em e, o CONTRANDIFE, do Distrito Federal.<br><br>&nbsp;&nbsp;&nbsp;&nbsp;&nbsp;Art. 338. As montadoras, encarro\u00e7adoras, os importadores e fabricantes, ao comerciarem ve\u00edculos automotores de qualquer categoria e ciclos, s\u00e3o obrigados a fornecer, no ato da comercializa\u00e7\u00e3o do respectivo ve\u00edculo, manual contendo normas de circula\u00e7\u00e3o, infra\u00e7\u00f5es, penalidades, dire\u00e7\u00e3o defensiva, primeiros socorros e Anexos do C\u00f3digo de Tr\u00e2nsito Brasileiro.<br><br>&nbsp;&nbsp;&nbsp;&nbsp;&nbsp;Art. 339. Fica o Poder Executivo autorizado a abrir cr\u00e9dito especial no valor de R$ 264.954,00 (duzentos e sessenta e quatro mil, novecentos e cinq\u00fcenta e quatro reais), em favor do minist\u00e9rio ou \u00f3rg\u00e3o a que couber a coordena\u00e7\u00e3o m\u00e1xima do Sistema Nacional de Tr\u00e2nsito, para atender as despesas decorrentes da implanta\u00e7\u00e3o deste C\u00f3digo.<br><br>&nbsp;&nbsp;&nbsp;&nbsp;&nbsp;Art. 340. Este C\u00f3digo entra em vigor cento e vinte dias ap\u00f3s a data de sua publica\u00e7\u00e3o.<br><br>&nbsp;&nbsp;&nbsp;&nbsp;&nbsp;Art. 341. Ficam revogadas as Leis n\u00bas 5.108, de 21 de setembro de 1966, 5.693, de 16 de agosto de 1971, 5.820, de 10 de novembro de 1972, 6.124, de 25 de outubro de 1974, 6.308,de 15 de dezembro de 1975, 6.369, de 27 de outubro de 1976, 6.731, de 4 de dezembro de 1979, 7.031, de 20 de setembro de 1982, 7.052, de 02 de dezembro de 1982, 8.102, de 10 de dezembro de 1990, os arts. 1\u00ba a 6\u00ba e 11 do Decreto-lei n\u00ba 237, de 28 de fevereiro de 1967, e os Decretos-lei n\u00bas 584, de 16 de maio de 1969, 912, de 2 de outubro de 1969, e 2.448, de 21 de julho de 1988.<br><\/p>\n\n\n\n<p>&nbsp;&nbsp;&nbsp;&nbsp; Bras\u00edlia, 23 de setembro de 1997; 176\u00ba da Independ\u00eancia e 109\u00ba da Rep\u00fablica.<\/p>\n\n\n\n<p>FERNANDO HENRIQUE CARDOSO<br>Iris Rezende<br>Eliseu Padilha<\/p>\n\n\n\n<p>Este texto n\u00e3o substitui o original publicado no Di\u00e1rio Oficial da Uni\u00e3o &#8211; Se\u00e7\u00e3o 1 de 24\/09\/1997<\/p>\n\n\n\n<p><strong>Publica\u00e7\u00e3o:<\/strong><\/p>\n\n\n\n<ul class=\"wp-block-list\">\n<li>Di\u00e1rio Oficial da Uni\u00e3o &#8211; Se\u00e7\u00e3o 1 &#8211; 24\/9\/1997, P\u00e1gina 21201 (Publica\u00e7\u00e3o Original)<\/li>\n\n\n\n<li>Cole\u00e7\u00e3o de Leis do Brasil &#8211; 1997, P\u00e1gina 5562 Vol. 9 (Publica\u00e7\u00e3o Original)<\/li>\n<\/ul>\n","protected":false},"excerpt":{"rendered":"<p>Institui o C\u00f3digo de Tr\u00e2nsito Brasileiro &nbsp;O PRESIDENTE DA REP\u00daBLICA&nbsp;&nbsp;&nbsp;&nbsp;&nbsp;&nbsp;Fa\u00e7o saber que o Congresso Nacional decreta e eu sanciono a seguinte Lei: CAP\u00cdTULO IDISPOSI\u00c7\u00d5ES PRELIMINARES &nbsp;&nbsp;&nbsp;&nbsp;&nbsp;Art. 1\u00ba. O tr\u00e2nsito de qualquer natureza nas vias terrestres do territ\u00f3rio nacional, abertas \u00e0 circula\u00e7\u00e3o, rege-se por este C\u00f3digo.&nbsp; &nbsp;&nbsp;&nbsp;&nbsp;&nbsp;\u00a7 1\u00ba Considera-se tr\u00e2nsito a utiliza\u00e7\u00e3o das vias por pessoas, [&hellip;]<\/p>\n","protected":false},"author":2,"featured_media":0,"comment_status":"open","ping_status":"open","sticky":false,"template":"","format":"standard","meta":{"site-sidebar-layout":"default","site-content-layout":"","ast-site-content-layout":"default","site-content-style":"default","site-sidebar-style":"default","ast-global-header-display":"","ast-banner-title-visibility":"","ast-main-header-display":"","ast-hfb-above-header-display":"","ast-hfb-below-header-display":"","ast-hfb-mobile-header-display":"","site-post-title":"","ast-breadcrumbs-content":"","ast-featured-img":"","footer-sml-layout":"","ast-disable-related-posts":"","theme-transparent-header-meta":"","adv-header-id-meta":"","stick-header-meta":"","header-above-stick-meta":"","header-main-stick-meta":"","header-below-stick-meta":"","astra-migrate-meta-layouts":"default","ast-page-background-enabled":"default","ast-page-background-meta":{"desktop":{"background-color":"var(--ast-global-color-4)","background-image":"","background-repeat":"repeat","background-position":"center center","background-size":"auto","background-attachment":"scroll","background-type":"","background-media":"","overlay-type":"","overlay-color":"","overlay-opacity":"","overlay-gradient":""},"tablet":{"background-color":"","background-image":"","background-repeat":"repeat","background-position":"center center","background-size":"auto","background-attachment":"scroll","background-type":"","background-media":"","overlay-type":"","overlay-color":"","overlay-opacity":"","overlay-gradient":""},"mobile":{"background-color":"","background-image":"","background-repeat":"repeat","background-position":"center center","background-size":"auto","background-attachment":"scroll","background-type":"","background-media":"","overlay-type":"","overlay-color":"","overlay-opacity":"","overlay-gradient":""}},"ast-content-background-meta":{"desktop":{"background-color":"var(--ast-global-color-5)","background-image":"","background-repeat":"repeat","background-position":"center center","background-size":"auto","background-attachment":"scroll","background-type":"","background-media":"","overlay-type":"","overlay-color":"","overlay-opacity":"","overlay-gradient":""},"tablet":{"background-color":"var(--ast-global-color-5)","background-image":"","background-repeat":"repeat","background-position":"center center","background-size":"auto","background-attachment":"scroll","background-type":"","background-media":"","overlay-type":"","overlay-color":"","overlay-opacity":"","overlay-gradient":""},"mobile":{"background-color":"var(--ast-global-color-5)","background-image":"","background-repeat":"repeat","background-position":"center center","background-size":"auto","background-attachment":"scroll","background-type":"","background-media":"","overlay-type":"","overlay-color":"","overlay-opacity":"","overlay-gradient":""}},"footnotes":""},"categories":[14],"tags":[],"class_list":["post-1938","post","type-post","status-publish","format-standard","hentry","category-legislacoes-e-leis"],"rttpg_featured_image_url":null,"rttpg_author":{"display_name":"David Tavares Fernandes da Silva","author_link":"http:\/\/www.portalcme.recife.pe.gov.br\/?author=2"},"rttpg_comment":0,"rttpg_category":"<a href=\"http:\/\/www.portalcme.recife.pe.gov.br\/?cat=14\" rel=\"category\">Legisla\u00e7\u00f5es sobre educa\u00e7\u00e3o<\/a>","rttpg_excerpt":"Institui o C\u00f3digo de Tr\u00e2nsito Brasileiro &nbsp;O PRESIDENTE DA REP\u00daBLICA&nbsp;&nbsp;&nbsp;&nbsp;&nbsp;&nbsp;Fa\u00e7o saber que o Congresso Nacional decreta e eu sanciono a seguinte Lei: CAP\u00cdTULO IDISPOSI\u00c7\u00d5ES PRELIMINARES &nbsp;&nbsp;&nbsp;&nbsp;&nbsp;Art. 1\u00ba. O tr\u00e2nsito de qualquer natureza nas vias terrestres do territ\u00f3rio nacional, abertas \u00e0 circula\u00e7\u00e3o, rege-se por este C\u00f3digo.&nbsp; &nbsp;&nbsp;&nbsp;&nbsp;&nbsp;\u00a7 1\u00ba Considera-se tr\u00e2nsito a utiliza\u00e7\u00e3o das vias por pessoas,&hellip;","_links":{"self":[{"href":"http:\/\/www.portalcme.recife.pe.gov.br\/index.php?rest_route=\/wp\/v2\/posts\/1938","targetHints":{"allow":["GET"]}}],"collection":[{"href":"http:\/\/www.portalcme.recife.pe.gov.br\/index.php?rest_route=\/wp\/v2\/posts"}],"about":[{"href":"http:\/\/www.portalcme.recife.pe.gov.br\/index.php?rest_route=\/wp\/v2\/types\/post"}],"author":[{"embeddable":true,"href":"http:\/\/www.portalcme.recife.pe.gov.br\/index.php?rest_route=\/wp\/v2\/users\/2"}],"replies":[{"embeddable":true,"href":"http:\/\/www.portalcme.recife.pe.gov.br\/index.php?rest_route=%2Fwp%2Fv2%2Fcomments&post=1938"}],"version-history":[{"count":1,"href":"http:\/\/www.portalcme.recife.pe.gov.br\/index.php?rest_route=\/wp\/v2\/posts\/1938\/revisions"}],"predecessor-version":[{"id":1939,"href":"http:\/\/www.portalcme.recife.pe.gov.br\/index.php?rest_route=\/wp\/v2\/posts\/1938\/revisions\/1939"}],"wp:attachment":[{"href":"http:\/\/www.portalcme.recife.pe.gov.br\/index.php?rest_route=%2Fwp%2Fv2%2Fmedia&parent=1938"}],"wp:term":[{"taxonomy":"category","embeddable":true,"href":"http:\/\/www.portalcme.recife.pe.gov.br\/index.php?rest_route=%2Fwp%2Fv2%2Fcategories&post=1938"},{"taxonomy":"post_tag","embeddable":true,"href":"http:\/\/www.portalcme.recife.pe.gov.br\/index.php?rest_route=%2Fwp%2Fv2%2Ftags&post=1938"}],"curies":[{"name":"wp","href":"https:\/\/api.w.org\/{rel}","templated":true}]}}