{"id":1943,"date":"2024-08-21T15:16:08","date_gmt":"2024-08-21T18:16:08","guid":{"rendered":"http:\/\/www.portalcme.recife.pe.gov.br\/?p=1943"},"modified":"2024-08-21T15:16:08","modified_gmt":"2024-08-21T18:16:08","slug":"lei-no-11-769-de-18-de-agosto-de-2008","status":"publish","type":"post","link":"http:\/\/www.portalcme.recife.pe.gov.br\/?p=1943","title":{"rendered":"LEI N\u00ba 11.769, DE\u00a0 18 DE AGOSTO DE 2008."},"content":{"rendered":"\n<p>ALTERA A\u00a0<a href=\"http:\/\/legislacao.planalto.gov.br\/legisla\/Legislacao.nsf\/b110756561cd26fd03256ff500612662\/d90ceaabbce5b62e03256a0e00649212?OpenDocument\">LEI N\u00b0 9.394<\/a>, DE 20 DE DEZEMBRO DE 1996, LEI DE DIRETRIZES E BASES DA EDUCA\u00c7\u00c3O, PARA DISPOR SOBRE A OBRIGATORIEDADE DO ENSINO DA M\u00daSICA NA EDUCA\u00c7\u00c3O B\u00c1SICA.<\/p>\n\n\n\n<p><strong>&nbsp;O PRESIDENTE DA REP\u00daBLICA<br><\/strong>&nbsp;&nbsp;&nbsp;&nbsp; Fa\u00e7o saber que o Congresso Nacional decreta e eu sanciono a seguinte Lei:<\/p>\n\n\n\n<p>\u00a0\u00a0\u00a0\u00a0\u00a0Art. 1\u00ba\u00a0O art. 26 da Lei n\u00ba 9.394, de 20 de dezembro de 1996, passa a vigorar acrescido do seguinte \u00a7 6\u00ba:&#8221;Art. 26.\u00a0<\/p>\n\n\n\n<p>\u00a7 6\u00ba A m\u00fasica dever\u00e1 ser conte\u00fado obrigat\u00f3rio, mas n\u00e3o exclusivo, do componente curricular de que trata o \u00a7 2\u00ba deste artigo.&#8221; (NR)<\/p>\n\n\n\n<p>&nbsp;&nbsp;&nbsp;&nbsp;&nbsp;Art. 2\u00ba&nbsp;(VETADO)<\/p>\n\n\n\n<p>&nbsp;&nbsp;&nbsp;&nbsp; Art. 3\u00ba Os sistemas de ensino ter\u00e3o 3 (tr\u00eas) anos letivos para se adaptarem \u00e0s exig\u00eancias estabelecidas nos arts. 1\u00ba e 2\u00ba desta Lei.<br><br>&nbsp;&nbsp;&nbsp;&nbsp;&nbsp;Art. 4\u00ba&nbsp;Esta Lei entra em vigor na data de sua publica\u00e7\u00e3o.<\/p>\n\n\n\n<p>&nbsp;&nbsp;&nbsp;&nbsp; Bras\u00edlia, 18 de agosto de 2008; 187\u00ba da Independ\u00eancia e 120\u00ba da Rep\u00fablica.<\/p>\n\n\n\n<p>LUIZ IN\u00c1CIO LULA DA SILVA<br>Fernando Haddad<\/p>\n\n\n\n<p>Este texto n\u00e3o substitui o original publicado no Di\u00e1rio Oficial da Uni\u00e3o &#8211; Se\u00e7\u00e3o 1 de 19\/08\/2008<\/p>\n\n\n\n<p><strong>Publica\u00e7\u00e3o:<\/strong><\/p>\n\n\n\n<ul class=\"wp-block-list\">\n<li>Di\u00e1rio Oficial da Uni\u00e3o &#8211; Se\u00e7\u00e3o 1 &#8211; 19\/8\/2008, P\u00e1gina 1 (Publica\u00e7\u00e3o Original)<\/li>\n<\/ul>\n\n\n\n<p><\/p>\n","protected":false},"excerpt":{"rendered":"<p>ALTERA A\u00a0LEI N\u00b0 9.394, DE 20 DE DEZEMBRO DE 1996, LEI DE DIRETRIZES E BASES DA EDUCA\u00c7\u00c3O, PARA DISPOR SOBRE A OBRIGATORIEDADE DO ENSINO DA M\u00daSICA NA EDUCA\u00c7\u00c3O B\u00c1SICA. &nbsp;O PRESIDENTE DA REP\u00daBLICA&nbsp;&nbsp;&nbsp;&nbsp; Fa\u00e7o saber que o Congresso Nacional decreta e eu sanciono a seguinte Lei: \u00a0\u00a0\u00a0\u00a0\u00a0Art. 1\u00ba\u00a0O art. 26 da Lei n\u00ba 9.394, de [&hellip;]<\/p>\n","protected":false},"author":2,"featured_media":0,"comment_status":"open","ping_status":"open","sticky":false,"template":"","format":"standard","meta":{"site-sidebar-layout":"default","site-content-layout":"","ast-site-content-layout":"default","site-content-style":"default","site-sidebar-style":"default","ast-global-header-display":"","ast-banner-title-visibility":"","ast-main-header-display":"","ast-hfb-above-header-display":"","ast-hfb-below-header-display":"","ast-hfb-mobile-header-display":"","site-post-title":"","ast-breadcrumbs-content":"","ast-featured-img":"","footer-sml-layout":"","ast-disable-related-posts":"","theme-transparent-header-meta":"","adv-header-id-meta":"","stick-header-meta":"","header-above-stick-meta":"","header-main-stick-meta":"","header-below-stick-meta":"","astra-migrate-meta-layouts":"default","ast-page-background-enabled":"default","ast-page-background-meta":{"desktop":{"background-color":"var(--ast-global-color-4)","background-image":"","background-repeat":"repeat","background-position":"center center","background-size":"auto","background-attachment":"scroll","background-type":"","background-media":"","overlay-type":"","overlay-color":"","overlay-opacity":"","overlay-gradient":""},"tablet":{"background-color":"","background-image":"","background-repeat":"repeat","background-position":"center center","background-size":"auto","background-attachment":"scroll","background-type":"","background-media":"","overlay-type":"","overlay-color":"","overlay-opacity":"","overlay-gradient":""},"mobile":{"background-color":"","background-image":"","background-repeat":"repeat","background-position":"center center","background-size":"auto","background-attachment":"scroll","background-type":"","background-media":"","overlay-type":"","overlay-color":"","overlay-opacity":"","overlay-gradient":""}},"ast-content-background-meta":{"desktop":{"background-color":"var(--ast-global-color-5)","background-image":"","background-repeat":"repeat","background-position":"center center","background-size":"auto","background-attachment":"scroll","background-type":"","background-media":"","overlay-type":"","overlay-color":"","overlay-opacity":"","overlay-gradient":""},"tablet":{"background-color":"var(--ast-global-color-5)","background-image":"","background-repeat":"repeat","background-position":"center center","background-size":"auto","background-attachment":"scroll","background-type":"","background-media":"","overlay-type":"","overlay-color":"","overlay-opacity":"","overlay-gradient":""},"mobile":{"background-color":"var(--ast-global-color-5)","background-image":"","background-repeat":"repeat","background-position":"center center","background-size":"auto","background-attachment":"scroll","background-type":"","background-media":"","overlay-type":"","overlay-color":"","overlay-opacity":"","overlay-gradient":""}},"footnotes":""},"categories":[14],"tags":[],"class_list":["post-1943","post","type-post","status-publish","format-standard","hentry","category-legislacoes-e-leis"],"rttpg_featured_image_url":null,"rttpg_author":{"display_name":"David Tavares Fernandes da Silva","author_link":"http:\/\/www.portalcme.recife.pe.gov.br\/?author=2"},"rttpg_comment":0,"rttpg_category":"<a href=\"http:\/\/www.portalcme.recife.pe.gov.br\/?cat=14\" rel=\"category\">Legisla\u00e7\u00f5es sobre educa\u00e7\u00e3o<\/a>","rttpg_excerpt":"ALTERA A\u00a0LEI N\u00b0 9.394, DE 20 DE DEZEMBRO DE 1996, LEI DE DIRETRIZES E BASES DA EDUCA\u00c7\u00c3O, PARA DISPOR SOBRE A OBRIGATORIEDADE DO ENSINO DA M\u00daSICA NA EDUCA\u00c7\u00c3O B\u00c1SICA. &nbsp;O PRESIDENTE DA REP\u00daBLICA&nbsp;&nbsp;&nbsp;&nbsp; Fa\u00e7o saber que o Congresso Nacional decreta e eu sanciono a seguinte Lei: \u00a0\u00a0\u00a0\u00a0\u00a0Art. 1\u00ba\u00a0O art. 26 da Lei n\u00ba 9.394, de&hellip;","_links":{"self":[{"href":"http:\/\/www.portalcme.recife.pe.gov.br\/index.php?rest_route=\/wp\/v2\/posts\/1943","targetHints":{"allow":["GET"]}}],"collection":[{"href":"http:\/\/www.portalcme.recife.pe.gov.br\/index.php?rest_route=\/wp\/v2\/posts"}],"about":[{"href":"http:\/\/www.portalcme.recife.pe.gov.br\/index.php?rest_route=\/wp\/v2\/types\/post"}],"author":[{"embeddable":true,"href":"http:\/\/www.portalcme.recife.pe.gov.br\/index.php?rest_route=\/wp\/v2\/users\/2"}],"replies":[{"embeddable":true,"href":"http:\/\/www.portalcme.recife.pe.gov.br\/index.php?rest_route=%2Fwp%2Fv2%2Fcomments&post=1943"}],"version-history":[{"count":1,"href":"http:\/\/www.portalcme.recife.pe.gov.br\/index.php?rest_route=\/wp\/v2\/posts\/1943\/revisions"}],"predecessor-version":[{"id":1944,"href":"http:\/\/www.portalcme.recife.pe.gov.br\/index.php?rest_route=\/wp\/v2\/posts\/1943\/revisions\/1944"}],"wp:attachment":[{"href":"http:\/\/www.portalcme.recife.pe.gov.br\/index.php?rest_route=%2Fwp%2Fv2%2Fmedia&parent=1943"}],"wp:term":[{"taxonomy":"category","embeddable":true,"href":"http:\/\/www.portalcme.recife.pe.gov.br\/index.php?rest_route=%2Fwp%2Fv2%2Fcategories&post=1943"},{"taxonomy":"post_tag","embeddable":true,"href":"http:\/\/www.portalcme.recife.pe.gov.br\/index.php?rest_route=%2Fwp%2Fv2%2Ftags&post=1943"}],"curies":[{"name":"wp","href":"https:\/\/api.w.org\/{rel}","templated":true}]}}