{"id":1947,"date":"2024-08-21T15:22:00","date_gmt":"2024-08-21T18:22:00","guid":{"rendered":"http:\/\/www.portalcme.recife.pe.gov.br\/?p=1947"},"modified":"2024-08-21T15:22:00","modified_gmt":"2024-08-21T18:22:00","slug":"lei-no-13-663-de-14-de-maio-de-2018","status":"publish","type":"post","link":"http:\/\/www.portalcme.recife.pe.gov.br\/?p=1947","title":{"rendered":"LEI N\u00ba 13.663, DE 14 DE MAIO DE 2018"},"content":{"rendered":"\n<p><strong>O PRESIDENTE DA REP\u00daBLICA&nbsp;<\/strong>Fa\u00e7o saber que o Congresso Nacional decreta e eu sanciono a seguinte Lei:<\/p>\n\n\n\n<p><a><\/a>Art. 1\u00ba Esta Lei altera a Lei n\u00ba 8.906, de 4 de julho de 1994, e a Lei n\u00ba 13.105, de 16 de mar\u00e7o de 2015 (C\u00f3digo de Processo Civil), para estipular direitos e garantias para a advogada gestante, lactante, adotante ou que der \u00e0 luz e para o advogado que se tornar pai.<\/p>\n\n\n\n<p><a><\/a>Art. 2\u00ba A&nbsp;<a href=\"https:\/\/www.planalto.gov.br\/ccivil_03\/LEIS\/L8906.htm\">Lei n\u00ba 8.906, de 4 de julho de 1994&nbsp;<\/a>, passa a vigorar acrescida do seguinte art. 7\u00ba -A:<\/p>\n\n\n\n<blockquote class=\"wp-block-quote is-layout-flow wp-block-quote-is-layout-flow\">\n<blockquote class=\"wp-block-quote is-layout-flow wp-block-quote-is-layout-flow\">\n<p>\u201c&nbsp;<a href=\"https:\/\/www.planalto.gov.br\/ccivil_03\/LEIS\/L8906.htm#art7a\">Art. 7\u00ba -A.&nbsp;<\/a>S\u00e3o direitos da advogada:<\/p>\n\n\n\n<p>I &#8211; gestante:<\/p>\n\n\n\n<p>a) entrada em tribunais sem ser submetida a detectores de metais e aparelhos de raios X;<\/p>\n\n\n\n<p>b) reserva de vaga em garagens dos f\u00f3runs dos tribunais;<\/p>\n\n\n\n<p>II &#8211; lactante, adotante ou que der \u00e0 luz, acesso a creche, onde houver, ou a local adequado ao atendimento das necessidades do beb\u00ea;<\/p>\n\n\n\n<p>III &#8211; gestante, lactante, adotante ou que der \u00e0 luz, prefer\u00eancia na ordem das sustenta\u00e7\u00f5es orais e das audi\u00eancias a serem realizadas a cada dia, mediante comprova\u00e7\u00e3o de sua condi\u00e7\u00e3o;<\/p>\n\n\n\n<p>IV &#8211; adotante ou que der \u00e0 luz, suspens\u00e3o de prazos processuais quando for a \u00fanica patrona da causa, desde que haja notifica\u00e7\u00e3o por escrito ao cliente.<\/p>\n\n\n\n<p>\u00a7 1\u00ba Os direitos previstos \u00e0 advogada gestante ou lactante aplicam-se enquanto perdurar, respectivamente, o estado grav\u00eddico ou o per\u00edodo de amamenta\u00e7\u00e3o.<\/p>\n\n\n\n<p>\u00a7 2\u00ba Os direitos assegurados nos incisos II e III deste artigo \u00e0 advogada adotante ou que der \u00e0 luz ser\u00e3o concedidos pelo prazo previsto no&nbsp;<a href=\"https:\/\/www.planalto.gov.br\/ccivil_03\/Decreto-Lei\/Del5452.htm#art392\">art. 392 do Decreto-Lei n\u00ba 5.452, de 1\u00ba de maio de 1943 (Consolida\u00e7\u00e3o das Leis do Trabalho)&nbsp;<\/a>.<\/p>\n\n\n\n<p>\u00a7 3\u00ba O direito assegurado no inciso IV deste artigo \u00e0 advogada adotante ou que der \u00e0 luz ser\u00e1 concedido pelo prazo previsto no&nbsp;<a href=\"https:\/\/www.planalto.gov.br\/ccivil_03\/_Ato2015-2018\/2015\/Lei\/L13105.htm#art313%C2%A76\">\u00a7 6\u00ba do art. 313 da Lei n\u00ba 13.105, de 16 de mar\u00e7o de 2015 (C\u00f3digo de Processo Civil)&nbsp;<\/a>.\u201d<\/p>\n<\/blockquote>\n<\/blockquote>\n\n\n\n<p><a><\/a>Art. 3\u00ba O art. 313 da&nbsp;<a href=\"https:\/\/www.planalto.gov.br\/ccivil_03\/_Ato2015-2018\/2015\/Lei\/L13105.htm\">Lei n\u00ba 13.105, de 16 de mar\u00e7o de 2015 (C\u00f3digo de Processo Civil)&nbsp;<\/a>, passa a vigorar com as seguintes altera\u00e7\u00f5es:<\/p>\n\n\n\n<blockquote class=\"wp-block-quote is-layout-flow wp-block-quote-is-layout-flow\">\n<blockquote class=\"wp-block-quote is-layout-flow wp-block-quote-is-layout-flow\">\n<p>\u201cArt. 313. &#8230;&#8230;&#8230;&#8230;&#8230;&#8230;&#8230;&#8230;&#8230;&#8230;&#8230;&#8230;&#8230;&#8230;&#8230;&#8230;&#8230;&#8230;&#8230;&#8230;&#8230;..<\/p>\n\n\n\n<p>&#8230;&#8230;&#8230;&#8230;&#8230;&#8230;&#8230;&#8230;&#8230;&#8230;&#8230;&#8230;&#8230;&#8230;&#8230;&#8230;&#8230;&#8230;&#8230;&#8230;&#8230;&#8230;&#8230;&#8230;&#8230;&#8230;&#8230;&#8230;&#8230;..<\/p>\n\n\n\n<p><a href=\"https:\/\/www.planalto.gov.br\/ccivil_03\/_Ato2015-2018\/2015\/Lei\/L13105.htm#art313ix\">IX &#8211;&nbsp;<\/a>pelo parto ou pela concess\u00e3o de ado\u00e7\u00e3o, quando a advogada respons\u00e1vel pelo processo constituir a \u00fanica patrona da causa;<\/p>\n\n\n\n<p>X &#8211; quando o advogado respons\u00e1vel pelo processo constituir o \u00fanico patrono da causa e tornar-se pai.<\/p>\n\n\n\n<p>&#8230;&#8230;&#8230;&#8230;&#8230;&#8230;&#8230;&#8230;&#8230;&#8230;&#8230;&#8230;&#8230;&#8230;&#8230;&#8230;&#8230;&#8230;&#8230;&#8230;&#8230;&#8230;&#8230;&#8230;&#8230;&#8230;&#8230;&#8230;&#8230;.<\/p>\n\n\n\n<p><a href=\"https:\/\/www.planalto.gov.br\/ccivil_03\/_Ato2015-2018\/2015\/Lei\/L13105.htm#art313%C2%A76\">\u00a7 6\u00ba&nbsp;<\/a>No caso do inciso IX, o per\u00edodo de suspens\u00e3o ser\u00e1 de 30 (trinta) dias, contado a partir da data do parto ou da concess\u00e3o da ado\u00e7\u00e3o, mediante apresenta\u00e7\u00e3o de certid\u00e3o de nascimento ou documento similar que comprove a realiza\u00e7\u00e3o do parto, ou de termo judicial que tenha concedido a ado\u00e7\u00e3o, desde que haja notifica\u00e7\u00e3o ao cliente.<\/p>\n\n\n\n<p>\u00a7 7\u00ba No caso do inciso X, o per\u00edodo de suspens\u00e3o ser\u00e1 de 8 (oito) dias, contado a partir da data do parto ou da concess\u00e3o da ado\u00e7\u00e3o, mediante apresenta\u00e7\u00e3o de certid\u00e3o de nascimento ou documento similar que comprove a realiza\u00e7\u00e3o do parto, ou de termo judicial que tenha concedido a ado\u00e7\u00e3o, desde que haja notifica\u00e7\u00e3o ao cliente.\u201d (NR)<\/p>\n<\/blockquote>\n<\/blockquote>\n\n\n\n<p><a><\/a>Art. 4\u00ba Esta Lei entra em vigor na data de sua publica\u00e7\u00e3o.<\/p>\n\n\n\n<p>Bras\u00edlia, 25 de novembro de 2016; 195\u00ba da Independ\u00eancia e 128\u00ba da Rep\u00fablica.<\/p>\n\n\n\n<p>MICHEL TEMER<br><em>Alexandre de Moraes<\/em><\/p>\n","protected":false},"excerpt":{"rendered":"<p>O PRESIDENTE DA REP\u00daBLICA&nbsp;Fa\u00e7o saber que o Congresso Nacional decreta e eu sanciono a seguinte Lei: Art. 1\u00ba Esta Lei altera a Lei n\u00ba 8.906, de 4 de julho de 1994, e a Lei n\u00ba 13.105, de 16 de mar\u00e7o de 2015 (C\u00f3digo de Processo Civil), para estipular direitos e garantias para a advogada gestante, [&hellip;]<\/p>\n","protected":false},"author":2,"featured_media":0,"comment_status":"open","ping_status":"open","sticky":false,"template":"","format":"standard","meta":{"site-sidebar-layout":"default","site-content-layout":"","ast-site-content-layout":"default","site-content-style":"default","site-sidebar-style":"default","ast-global-header-display":"","ast-banner-title-visibility":"","ast-main-header-display":"","ast-hfb-above-header-display":"","ast-hfb-below-header-display":"","ast-hfb-mobile-header-display":"","site-post-title":"","ast-breadcrumbs-content":"","ast-featured-img":"","footer-sml-layout":"","ast-disable-related-posts":"","theme-transparent-header-meta":"","adv-header-id-meta":"","stick-header-meta":"","header-above-stick-meta":"","header-main-stick-meta":"","header-below-stick-meta":"","astra-migrate-meta-layouts":"default","ast-page-background-enabled":"default","ast-page-background-meta":{"desktop":{"background-color":"var(--ast-global-color-4)","background-image":"","background-repeat":"repeat","background-position":"center center","background-size":"auto","background-attachment":"scroll","background-type":"","background-media":"","overlay-type":"","overlay-color":"","overlay-opacity":"","overlay-gradient":""},"tablet":{"background-color":"","background-image":"","background-repeat":"repeat","background-position":"center center","background-size":"auto","background-attachment":"scroll","background-type":"","background-media":"","overlay-type":"","overlay-color":"","overlay-opacity":"","overlay-gradient":""},"mobile":{"background-color":"","background-image":"","background-repeat":"repeat","background-position":"center center","background-size":"auto","background-attachment":"scroll","background-type":"","background-media":"","overlay-type":"","overlay-color":"","overlay-opacity":"","overlay-gradient":""}},"ast-content-background-meta":{"desktop":{"background-color":"var(--ast-global-color-5)","background-image":"","background-repeat":"repeat","background-position":"center center","background-size":"auto","background-attachment":"scroll","background-type":"","background-media":"","overlay-type":"","overlay-color":"","overlay-opacity":"","overlay-gradient":""},"tablet":{"background-color":"var(--ast-global-color-5)","background-image":"","background-repeat":"repeat","background-position":"center center","background-size":"auto","background-attachment":"scroll","background-type":"","background-media":"","overlay-type":"","overlay-color":"","overlay-opacity":"","overlay-gradient":""},"mobile":{"background-color":"var(--ast-global-color-5)","background-image":"","background-repeat":"repeat","background-position":"center center","background-size":"auto","background-attachment":"scroll","background-type":"","background-media":"","overlay-type":"","overlay-color":"","overlay-opacity":"","overlay-gradient":""}},"footnotes":""},"categories":[14],"tags":[],"class_list":["post-1947","post","type-post","status-publish","format-standard","hentry","category-legislacoes-e-leis"],"rttpg_featured_image_url":null,"rttpg_author":{"display_name":"David Tavares Fernandes da Silva","author_link":"http:\/\/www.portalcme.recife.pe.gov.br\/?author=2"},"rttpg_comment":0,"rttpg_category":"<a href=\"http:\/\/www.portalcme.recife.pe.gov.br\/?cat=14\" rel=\"category\">Legisla\u00e7\u00f5es sobre educa\u00e7\u00e3o<\/a>","rttpg_excerpt":"O PRESIDENTE DA REP\u00daBLICA&nbsp;Fa\u00e7o saber que o Congresso Nacional decreta e eu sanciono a seguinte Lei: Art. 1\u00ba Esta Lei altera a Lei n\u00ba 8.906, de 4 de julho de 1994, e a Lei n\u00ba 13.105, de 16 de mar\u00e7o de 2015 (C\u00f3digo de Processo Civil), para estipular direitos e garantias para a advogada gestante,&hellip;","_links":{"self":[{"href":"http:\/\/www.portalcme.recife.pe.gov.br\/index.php?rest_route=\/wp\/v2\/posts\/1947","targetHints":{"allow":["GET"]}}],"collection":[{"href":"http:\/\/www.portalcme.recife.pe.gov.br\/index.php?rest_route=\/wp\/v2\/posts"}],"about":[{"href":"http:\/\/www.portalcme.recife.pe.gov.br\/index.php?rest_route=\/wp\/v2\/types\/post"}],"author":[{"embeddable":true,"href":"http:\/\/www.portalcme.recife.pe.gov.br\/index.php?rest_route=\/wp\/v2\/users\/2"}],"replies":[{"embeddable":true,"href":"http:\/\/www.portalcme.recife.pe.gov.br\/index.php?rest_route=%2Fwp%2Fv2%2Fcomments&post=1947"}],"version-history":[{"count":1,"href":"http:\/\/www.portalcme.recife.pe.gov.br\/index.php?rest_route=\/wp\/v2\/posts\/1947\/revisions"}],"predecessor-version":[{"id":1948,"href":"http:\/\/www.portalcme.recife.pe.gov.br\/index.php?rest_route=\/wp\/v2\/posts\/1947\/revisions\/1948"}],"wp:attachment":[{"href":"http:\/\/www.portalcme.recife.pe.gov.br\/index.php?rest_route=%2Fwp%2Fv2%2Fmedia&parent=1947"}],"wp:term":[{"taxonomy":"category","embeddable":true,"href":"http:\/\/www.portalcme.recife.pe.gov.br\/index.php?rest_route=%2Fwp%2Fv2%2Fcategories&post=1947"},{"taxonomy":"post_tag","embeddable":true,"href":"http:\/\/www.portalcme.recife.pe.gov.br\/index.php?rest_route=%2Fwp%2Fv2%2Ftags&post=1947"}],"curies":[{"name":"wp","href":"https:\/\/api.w.org\/{rel}","templated":true}]}}