{"id":1951,"date":"2024-08-21T15:25:26","date_gmt":"2024-08-21T18:25:26","guid":{"rendered":"http:\/\/www.portalcme.recife.pe.gov.br\/?p=1951"},"modified":"2024-08-21T15:25:26","modified_gmt":"2024-08-21T18:25:26","slug":"lei-no-13-722-de-4-de-outubro-de-2018","status":"publish","type":"post","link":"http:\/\/www.portalcme.recife.pe.gov.br\/?p=1951","title":{"rendered":"LEI N\u00ba 13.722, DE 4 DE OUTUBRO DE 2018"},"content":{"rendered":"\n<p>Torna obrigat\u00f3ria a capacita\u00e7\u00e3o em no\u00e7\u00f5es b\u00e1sicas de primeiros socorros de professores e funcion\u00e1rios de estabelecimentos de ensino p\u00fablicos e privados de educa\u00e7\u00e3o b\u00e1sica e de estabelecimentos de recrea\u00e7\u00e3o infantil.<\/p>\n\n\n\n<p><strong>O PRESIDENTE DA REP\u00daBLICA&nbsp;<\/strong>Fa\u00e7o saber que o Congresso Nacional decreta e eu sanciono a seguinte Lei:<\/p>\n\n\n\n<p><a><\/a>Art. 1\u00ba Os estabelecimentos de ensino de educa\u00e7\u00e3o b\u00e1sica da rede p\u00fablica, por meio dos respectivos sistemas de ensino, e os estabelecimentos de ensino de educa\u00e7\u00e3o b\u00e1sica e de recrea\u00e7\u00e3o infantil da rede privada dever\u00e3o capacitar professores e funcion\u00e1rios em no\u00e7\u00f5es de primeiros socorros.<\/p>\n\n\n\n<p>\u00a7 1\u00ba O curso dever\u00e1 ser ofertado anualmente e destinar-se-\u00e1 \u00e0 capacita\u00e7\u00e3o e\/ou \u00e0 reciclagem de parte dos professores e funcion\u00e1rios dos estabelecimentos de ensino e recrea\u00e7\u00e3o a que se refere o&nbsp;<strong>caput&nbsp;<\/strong>deste artigo, sem preju\u00edzo de suas atividades ordin\u00e1rias.<\/p>\n\n\n\n<p>\u00a7 2\u00ba A quantidade de profissionais capacitados em cada estabelecimento de ensino ou de recrea\u00e7\u00e3o ser\u00e1 definida em regulamento, guardada a propor\u00e7\u00e3o com o tamanho do corpo de professores e funcion\u00e1rios ou com o fluxo de atendimento de crian\u00e7as e adolescentes no estabelecimento.<\/p>\n\n\n\n<p>\u00a7 3\u00ba A responsabilidade pela capacita\u00e7\u00e3o dos professores e funcion\u00e1rios dos estabelecimentos p\u00fablicos caber\u00e1 aos respectivos sistemas ou redes de ensino.<\/p>\n\n\n\n<p><a><\/a>Art. 2\u00ba Os cursos de primeiros socorros ser\u00e3o ministrados por entidades municipais ou estaduais especializadas em pr\u00e1ticas de aux\u00edlio imediato e emergencial \u00e0 popula\u00e7\u00e3o, no caso dos estabelecimentos p\u00fablicos, e por profissionais habilitados, no caso dos estabelecimentos privados, e t\u00eam por objetivo capacitar os professores e funcion\u00e1rios para identificar e agir preventivamente em situa\u00e7\u00f5es de emerg\u00eancia e urg\u00eancia m\u00e9dicas, at\u00e9 que o suporte m\u00e9dico especializado, local ou remoto, se torne poss\u00edvel.<\/p>\n\n\n\n<p>\u00a7 1\u00ba O conte\u00fado dos cursos de primeiros socorros b\u00e1sicos ministrados dever\u00e1 ser condizente com a natureza e a faixa et\u00e1ria do p\u00fablico atendido nos estabelecimentos de ensino ou de recrea\u00e7\u00e3o.<\/p>\n\n\n\n<p>\u00a7 2\u00ba Os estabelecimentos de ensino ou de recrea\u00e7\u00e3o das redes p\u00fablica e particular dever\u00e3o dispor de&nbsp;<strong>kits&nbsp;<\/strong>de primeiros socorros, conforme orienta\u00e7\u00e3o das entidades especializadas em atendimento emergencial \u00e0 popula\u00e7\u00e3o.<\/p>\n\n\n\n<p><a><\/a>Art. 3\u00ba S\u00e3o os estabelecimentos de ensino obrigados a afixar em local vis\u00edvel a certifica\u00e7\u00e3o que comprove a realiza\u00e7\u00e3o da capacita\u00e7\u00e3o de que trata esta Lei e o nome dos profissionais capacitados.<\/p>\n\n\n\n<p><a><\/a>Art. 4\u00ba O n\u00e3o cumprimento das disposi\u00e7\u00f5es desta Lei implicar\u00e1 a imposi\u00e7\u00e3o das seguintes penalidades pela autoridade administrativa, no \u00e2mbito de sua compet\u00eancia:<\/p>\n\n\n\n<p>I &#8211; notifica\u00e7\u00e3o de descumprimento da Lei;<\/p>\n\n\n\n<p>II &#8211; multa, aplicada em dobro em caso de reincid\u00eancia; ou<\/p>\n\n\n\n<p>III &#8211; em caso de nova reincid\u00eancia, a cassa\u00e7\u00e3o do alvar\u00e1 de funcionamento ou da autoriza\u00e7\u00e3o concedida pelo \u00f3rg\u00e3o de educa\u00e7\u00e3o, quando se tratar de creche ou estabelecimento particular de ensino ou de recrea\u00e7\u00e3o, ou a responsabiliza\u00e7\u00e3o patrimonial do agente p\u00fablico, quando se tratar de creche ou estabelecimento p\u00fablico.<\/p>\n\n\n\n<p><a><\/a>Art. 5\u00ba Os estabelecimentos de ensino de que trata esta Lei dever\u00e3o estar integrados \u00e0 rede de aten\u00e7\u00e3o de urg\u00eancia e emerg\u00eancia de sua regi\u00e3o e estabelecer fluxo de encaminhamento para uma unidade de sa\u00fade de refer\u00eancia.<\/p>\n\n\n\n<p><a><\/a>Art. 6\u00ba O Poder Executivo definir\u00e1 em regulamento os crit\u00e9rios para a implementa\u00e7\u00e3o dos cursos de primeiros socorros previstos nesta Lei.<\/p>\n\n\n\n<p><a><\/a>Art. 7\u00ba As despesas para a execu\u00e7\u00e3o desta Lei correr\u00e3o por conta de dota\u00e7\u00f5es or\u00e7ament\u00e1rias pr\u00f3prias, inclu\u00eddas pelo Poder Executivo nas propostas or\u00e7ament\u00e1rias anuais e em seu plano plurianual.<\/p>\n\n\n\n<p><a><\/a>Art. 8\u00ba Esta Lei entra em vigor ap\u00f3s decorridos 180 (cento e oitenta) dias de sua publica\u00e7\u00e3o oficial.<\/p>\n\n\n\n<p>Bras\u00edlia, 4 de outubro de 2018; 197\u00ba da Independ\u00eancia e 130\u00ba da Rep\u00fablica.<\/p>\n\n\n\n<p>MICHEL TEMER<br>Gustavo do Vale Rocha<\/p>\n","protected":false},"excerpt":{"rendered":"<p>Torna obrigat\u00f3ria a capacita\u00e7\u00e3o em no\u00e7\u00f5es b\u00e1sicas de primeiros socorros de professores e funcion\u00e1rios de estabelecimentos de ensino p\u00fablicos e privados de educa\u00e7\u00e3o b\u00e1sica e de estabelecimentos de recrea\u00e7\u00e3o infantil. O PRESIDENTE DA REP\u00daBLICA&nbsp;Fa\u00e7o saber que o Congresso Nacional decreta e eu sanciono a seguinte Lei: Art. 1\u00ba Os estabelecimentos de ensino de educa\u00e7\u00e3o b\u00e1sica [&hellip;]<\/p>\n","protected":false},"author":2,"featured_media":0,"comment_status":"open","ping_status":"open","sticky":false,"template":"","format":"standard","meta":{"site-sidebar-layout":"default","site-content-layout":"","ast-site-content-layout":"default","site-content-style":"default","site-sidebar-style":"default","ast-global-header-display":"","ast-banner-title-visibility":"","ast-main-header-display":"","ast-hfb-above-header-display":"","ast-hfb-below-header-display":"","ast-hfb-mobile-header-display":"","site-post-title":"","ast-breadcrumbs-content":"","ast-featured-img":"","footer-sml-layout":"","ast-disable-related-posts":"","theme-transparent-header-meta":"","adv-header-id-meta":"","stick-header-meta":"","header-above-stick-meta":"","header-main-stick-meta":"","header-below-stick-meta":"","astra-migrate-meta-layouts":"default","ast-page-background-enabled":"default","ast-page-background-meta":{"desktop":{"background-color":"var(--ast-global-color-4)","background-image":"","background-repeat":"repeat","background-position":"center center","background-size":"auto","background-attachment":"scroll","background-type":"","background-media":"","overlay-type":"","overlay-color":"","overlay-opacity":"","overlay-gradient":""},"tablet":{"background-color":"","background-image":"","background-repeat":"repeat","background-position":"center center","background-size":"auto","background-attachment":"scroll","background-type":"","background-media":"","overlay-type":"","overlay-color":"","overlay-opacity":"","overlay-gradient":""},"mobile":{"background-color":"","background-image":"","background-repeat":"repeat","background-position":"center center","background-size":"auto","background-attachment":"scroll","background-type":"","background-media":"","overlay-type":"","overlay-color":"","overlay-opacity":"","overlay-gradient":""}},"ast-content-background-meta":{"desktop":{"background-color":"var(--ast-global-color-5)","background-image":"","background-repeat":"repeat","background-position":"center center","background-size":"auto","background-attachment":"scroll","background-type":"","background-media":"","overlay-type":"","overlay-color":"","overlay-opacity":"","overlay-gradient":""},"tablet":{"background-color":"var(--ast-global-color-5)","background-image":"","background-repeat":"repeat","background-position":"center center","background-size":"auto","background-attachment":"scroll","background-type":"","background-media":"","overlay-type":"","overlay-color":"","overlay-opacity":"","overlay-gradient":""},"mobile":{"background-color":"var(--ast-global-color-5)","background-image":"","background-repeat":"repeat","background-position":"center center","background-size":"auto","background-attachment":"scroll","background-type":"","background-media":"","overlay-type":"","overlay-color":"","overlay-opacity":"","overlay-gradient":""}},"footnotes":""},"categories":[14],"tags":[],"class_list":["post-1951","post","type-post","status-publish","format-standard","hentry","category-legislacoes-e-leis"],"rttpg_featured_image_url":null,"rttpg_author":{"display_name":"David Tavares Fernandes da Silva","author_link":"http:\/\/www.portalcme.recife.pe.gov.br\/?author=2"},"rttpg_comment":0,"rttpg_category":"<a href=\"http:\/\/www.portalcme.recife.pe.gov.br\/?cat=14\" rel=\"category\">Legisla\u00e7\u00f5es sobre educa\u00e7\u00e3o<\/a>","rttpg_excerpt":"Torna obrigat\u00f3ria a capacita\u00e7\u00e3o em no\u00e7\u00f5es b\u00e1sicas de primeiros socorros de professores e funcion\u00e1rios de estabelecimentos de ensino p\u00fablicos e privados de educa\u00e7\u00e3o b\u00e1sica e de estabelecimentos de recrea\u00e7\u00e3o infantil. O PRESIDENTE DA REP\u00daBLICA&nbsp;Fa\u00e7o saber que o Congresso Nacional decreta e eu sanciono a seguinte Lei: Art. 1\u00ba Os estabelecimentos de ensino de educa\u00e7\u00e3o b\u00e1sica&hellip;","_links":{"self":[{"href":"http:\/\/www.portalcme.recife.pe.gov.br\/index.php?rest_route=\/wp\/v2\/posts\/1951","targetHints":{"allow":["GET"]}}],"collection":[{"href":"http:\/\/www.portalcme.recife.pe.gov.br\/index.php?rest_route=\/wp\/v2\/posts"}],"about":[{"href":"http:\/\/www.portalcme.recife.pe.gov.br\/index.php?rest_route=\/wp\/v2\/types\/post"}],"author":[{"embeddable":true,"href":"http:\/\/www.portalcme.recife.pe.gov.br\/index.php?rest_route=\/wp\/v2\/users\/2"}],"replies":[{"embeddable":true,"href":"http:\/\/www.portalcme.recife.pe.gov.br\/index.php?rest_route=%2Fwp%2Fv2%2Fcomments&post=1951"}],"version-history":[{"count":1,"href":"http:\/\/www.portalcme.recife.pe.gov.br\/index.php?rest_route=\/wp\/v2\/posts\/1951\/revisions"}],"predecessor-version":[{"id":1952,"href":"http:\/\/www.portalcme.recife.pe.gov.br\/index.php?rest_route=\/wp\/v2\/posts\/1951\/revisions\/1952"}],"wp:attachment":[{"href":"http:\/\/www.portalcme.recife.pe.gov.br\/index.php?rest_route=%2Fwp%2Fv2%2Fmedia&parent=1951"}],"wp:term":[{"taxonomy":"category","embeddable":true,"href":"http:\/\/www.portalcme.recife.pe.gov.br\/index.php?rest_route=%2Fwp%2Fv2%2Fcategories&post=1951"},{"taxonomy":"post_tag","embeddable":true,"href":"http:\/\/www.portalcme.recife.pe.gov.br\/index.php?rest_route=%2Fwp%2Fv2%2Ftags&post=1951"}],"curies":[{"name":"wp","href":"https:\/\/api.w.org\/{rel}","templated":true}]}}