{"id":421,"date":"2022-12-07T10:15:54","date_gmt":"2022-12-07T13:15:54","guid":{"rendered":"http:\/\/www.portalcme.recife.pe.gov.br\/?p=421"},"modified":"2024-03-04T13:56:43","modified_gmt":"2024-03-04T16:56:43","slug":"a-presidente-do-cme-professora-ana-paula-tavares-cuida-dos-aspectos-socioemocionais-da-sua-equipe","status":"publish","type":"post","link":"http:\/\/www.portalcme.recife.pe.gov.br\/?p=421","title":{"rendered":"A presidente do CME, Professora Ana Paula Tavares apoia a Pol\u00edtica de valoriza\u00e7\u00e3o do servidor, da Secretaria de Educa\u00e7\u00e3o do Recife, e incentiva sua equipe a cuidar dos aspectos sociomocionais."},"content":{"rendered":"","protected":false},"excerpt":{"rendered":"","protected":false},"author":2,"featured_media":422,"comment_status":"open","ping_status":"open","sticky":false,"template":"","format":"standard","meta":{"site-sidebar-layout":"default","site-content-layout":"","ast-site-content-layout":"default","site-content-style":"default","site-sidebar-style":"default","ast-global-header-display":"","ast-banner-title-visibility":"","ast-main-header-display":"","ast-hfb-above-header-display":"","ast-hfb-below-header-display":"","ast-hfb-mobile-header-display":"","site-post-title":"","ast-breadcrumbs-content":"","ast-featured-img":"","footer-sml-layout":"","ast-disable-related-posts":"","theme-transparent-header-meta":"","adv-header-id-meta":"","stick-header-meta":"","header-above-stick-meta":"","header-main-stick-meta":"","header-below-stick-meta":"","astra-migrate-meta-layouts":"default","ast-page-background-enabled":"default","ast-page-background-meta":{"desktop":{"background-color":"var(--ast-global-color-4)","background-image":"","background-repeat":"repeat","background-position":"center center","background-size":"auto","background-attachment":"scroll","background-type":"","background-media":"","overlay-type":"","overlay-color":"","overlay-opacity":"","overlay-gradient":""},"tablet":{"background-color":"","background-image":"","background-repeat":"repeat","background-position":"center center","background-size":"auto","background-attachment":"scroll","background-type":"","background-media":"","overlay-type":"","overlay-color":"","overlay-opacity":"","overlay-gradient":""},"mobile":{"background-color":"","background-image":"","background-repeat":"repeat","background-position":"center center","background-size":"auto","background-attachment":"scroll","background-type":"","background-media":"","overlay-type":"","overlay-color":"","overlay-opacity":"","overlay-gradient":""}},"ast-content-background-meta":{"desktop":{"background-color":"var(--ast-global-color-5)","background-image":"","background-repeat":"repeat","background-position":"center center","background-size":"auto","background-attachment":"scroll","background-type":"","background-media":"","overlay-type":"","overlay-color":"","overlay-opacity":"","overlay-gradient":""},"tablet":{"background-color":"var(--ast-global-color-5)","background-image":"","background-repeat":"repeat","background-position":"center center","background-size":"auto","background-attachment":"scroll","background-type":"","background-media":"","overlay-type":"","overlay-color":"","overlay-opacity":"","overlay-gradient":""},"mobile":{"background-color":"var(--ast-global-color-5)","background-image":"","background-repeat":"repeat","background-position":"center center","background-size":"auto","background-attachment":"scroll","background-type":"","background-media":"","overlay-type":"","overlay-color":"","overlay-opacity":"","overlay-gradient":""}},"footnotes":""},"categories":[5],"tags":[],"class_list":["post-421","post","type-post","status-publish","format-standard","has-post-thumbnail","hentry","category-noticias"],"rttpg_featured_image_url":{"full":["http:\/\/www.portalcme.recife.pe.gov.br\/wp-content\/uploads\/2022\/12\/A-presidente-do-CME-Professora-Ana-Paula-Tavares-cuida-dos-aspectos-socioemocionais-da-sua-equipe.jpeg",1203,956,false],"landscape":["http:\/\/www.portalcme.recife.pe.gov.br\/wp-content\/uploads\/2022\/12\/A-presidente-do-CME-Professora-Ana-Paula-Tavares-cuida-dos-aspectos-socioemocionais-da-sua-equipe.jpeg",1203,956,false],"portraits":["http:\/\/www.portalcme.recife.pe.gov.br\/wp-content\/uploads\/2022\/12\/A-presidente-do-CME-Professora-Ana-Paula-Tavares-cuida-dos-aspectos-socioemocionais-da-sua-equipe.jpeg",1203,956,false],"thumbnail":["http:\/\/www.portalcme.recife.pe.gov.br\/wp-content\/uploads\/2022\/12\/A-presidente-do-CME-Professora-Ana-Paula-Tavares-cuida-dos-aspectos-socioemocionais-da-sua-equipe.jpeg",150,119,false],"medium":["http:\/\/www.portalcme.recife.pe.gov.br\/wp-content\/uploads\/2022\/12\/A-presidente-do-CME-Professora-Ana-Paula-Tavares-cuida-dos-aspectos-socioemocionais-da-sua-equipe.jpeg",300,238,false],"large":["http:\/\/www.portalcme.recife.pe.gov.br\/wp-content\/uploads\/2022\/12\/A-presidente-do-CME-Professora-Ana-Paula-Tavares-cuida-dos-aspectos-socioemocionais-da-sua-equipe.jpeg",1024,814,false],"1536x1536":["http:\/\/www.portalcme.recife.pe.gov.br\/wp-content\/uploads\/2022\/12\/A-presidente-do-CME-Professora-Ana-Paula-Tavares-cuida-dos-aspectos-socioemocionais-da-sua-equipe.jpeg",1203,956,false],"2048x2048":["http:\/\/www.portalcme.recife.pe.gov.br\/wp-content\/uploads\/2022\/12\/A-presidente-do-CME-Professora-Ana-Paula-Tavares-cuida-dos-aspectos-socioemocionais-da-sua-equipe.jpeg",1203,956,false]},"rttpg_author":{"display_name":"David Tavares Fernandes da Silva","author_link":"http:\/\/www.portalcme.recife.pe.gov.br\/?author=2"},"rttpg_comment":0,"rttpg_category":"<a href=\"http:\/\/www.portalcme.recife.pe.gov.br\/?cat=5\" rel=\"category\">Not\u00edcias<\/a>","rttpg_excerpt":null,"_links":{"self":[{"href":"http:\/\/www.portalcme.recife.pe.gov.br\/index.php?rest_route=\/wp\/v2\/posts\/421","targetHints":{"allow":["GET"]}}],"collection":[{"href":"http:\/\/www.portalcme.recife.pe.gov.br\/index.php?rest_route=\/wp\/v2\/posts"}],"about":[{"href":"http:\/\/www.portalcme.recife.pe.gov.br\/index.php?rest_route=\/wp\/v2\/types\/post"}],"author":[{"embeddable":true,"href":"http:\/\/www.portalcme.recife.pe.gov.br\/index.php?rest_route=\/wp\/v2\/users\/2"}],"replies":[{"embeddable":true,"href":"http:\/\/www.portalcme.recife.pe.gov.br\/index.php?rest_route=%2Fwp%2Fv2%2Fcomments&post=421"}],"version-history":[{"count":3,"href":"http:\/\/www.portalcme.recife.pe.gov.br\/index.php?rest_route=\/wp\/v2\/posts\/421\/revisions"}],"predecessor-version":[{"id":1439,"href":"http:\/\/www.portalcme.recife.pe.gov.br\/index.php?rest_route=\/wp\/v2\/posts\/421\/revisions\/1439"}],"wp:featuredmedia":[{"embeddable":true,"href":"http:\/\/www.portalcme.recife.pe.gov.br\/index.php?rest_route=\/wp\/v2\/media\/422"}],"wp:attachment":[{"href":"http:\/\/www.portalcme.recife.pe.gov.br\/index.php?rest_route=%2Fwp%2Fv2%2Fmedia&parent=421"}],"wp:term":[{"taxonomy":"category","embeddable":true,"href":"http:\/\/www.portalcme.recife.pe.gov.br\/index.php?rest_route=%2Fwp%2Fv2%2Fcategories&post=421"},{"taxonomy":"post_tag","embeddable":true,"href":"http:\/\/www.portalcme.recife.pe.gov.br\/index.php?rest_route=%2Fwp%2Fv2%2Ftags&post=421"}],"curies":[{"name":"wp","href":"https:\/\/api.w.org\/{rel}","templated":true}]}}