{"id":424,"date":"2022-12-07T10:18:05","date_gmt":"2022-12-07T13:18:05","guid":{"rendered":"http:\/\/www.portalcme.recife.pe.gov.br\/?p=424"},"modified":"2022-12-07T10:18:05","modified_gmt":"2022-12-07T13:18:05","slug":"aniversario-da-professora-ana-paula-tavares-presidente-do-conselho-municipal-de-educacao","status":"publish","type":"post","link":"http:\/\/www.portalcme.recife.pe.gov.br\/?p=424","title":{"rendered":"Anivers\u00e1rio da Professora Ana Paula Tavares, presidente do Conselho Municipal de Educa\u00e7\u00e3o"},"content":{"rendered":"\n<p class=\"has-medium-font-size\">Confraterniza\u00e7\u00e3o de anivers\u00e1rio da presidente do CME, Paula Tavares e das t\u00e9cnicas: Paula Emanuelle e Andrea Patrocinio. Contamos com a presen\u00e7a do presidente do CAE; de representante do FUNDEB e da UNIREC e toda sua equipe.<br>\u00a0<br>Parab\u00e9ns!<\/p>\n\n\n\n<figure class=\"wp-block-image size-full\"><img loading=\"lazy\" decoding=\"async\" width=\"1600\" height=\"1126\" src=\"http:\/\/www.portalcme.recife.pe.gov.br\/wp-content\/uploads\/2022\/12\/Confraternizacao.jpg\" alt=\"\" class=\"wp-image-426\"\/><\/figure>\n","protected":false},"excerpt":{"rendered":"<p>Confraterniza\u00e7\u00e3o de anivers\u00e1rio da presidente do CME, Paula Tavares e das t\u00e9cnicas: Paula Emanuelle e Andrea Patrocinio. Contamos com a presen\u00e7a do presidente do CAE; de representante do FUNDEB e da UNIREC e toda sua equipe.\u00a0Parab\u00e9ns!<\/p>\n","protected":false},"author":2,"featured_media":425,"comment_status":"open","ping_status":"open","sticky":false,"template":"","format":"standard","meta":{"site-sidebar-layout":"default","site-content-layout":"","ast-site-content-layout":"default","site-content-style":"default","site-sidebar-style":"default","ast-global-header-display":"","ast-banner-title-visibility":"","ast-main-header-display":"","ast-hfb-above-header-display":"","ast-hfb-below-header-display":"","ast-hfb-mobile-header-display":"","site-post-title":"","ast-breadcrumbs-content":"","ast-featured-img":"","footer-sml-layout":"","ast-disable-related-posts":"","theme-transparent-header-meta":"","adv-header-id-meta":"","stick-header-meta":"","header-above-stick-meta":"","header-main-stick-meta":"","header-below-stick-meta":"","astra-migrate-meta-layouts":"default","ast-page-background-enabled":"default","ast-page-background-meta":{"desktop":{"background-color":"var(--ast-global-color-4)","background-image":"","background-repeat":"repeat","background-position":"center center","background-size":"auto","background-attachment":"scroll","background-type":"","background-media":"","overlay-type":"","overlay-color":"","overlay-opacity":"","overlay-gradient":""},"tablet":{"background-color":"","background-image":"","background-repeat":"repeat","background-position":"center center","background-size":"auto","background-attachment":"scroll","background-type":"","background-media":"","overlay-type":"","overlay-color":"","overlay-opacity":"","overlay-gradient":""},"mobile":{"background-color":"","background-image":"","background-repeat":"repeat","background-position":"center center","background-size":"auto","background-attachment":"scroll","background-type":"","background-media":"","overlay-type":"","overlay-color":"","overlay-opacity":"","overlay-gradient":""}},"ast-content-background-meta":{"desktop":{"background-color":"var(--ast-global-color-5)","background-image":"","background-repeat":"repeat","background-position":"center center","background-size":"auto","background-attachment":"scroll","background-type":"","background-media":"","overlay-type":"","overlay-color":"","overlay-opacity":"","overlay-gradient":""},"tablet":{"background-color":"var(--ast-global-color-5)","background-image":"","background-repeat":"repeat","background-position":"center center","background-size":"auto","background-attachment":"scroll","background-type":"","background-media":"","overlay-type":"","overlay-color":"","overlay-opacity":"","overlay-gradient":""},"mobile":{"background-color":"var(--ast-global-color-5)","background-image":"","background-repeat":"repeat","background-position":"center center","background-size":"auto","background-attachment":"scroll","background-type":"","background-media":"","overlay-type":"","overlay-color":"","overlay-opacity":"","overlay-gradient":""}},"footnotes":""},"categories":[5],"tags":[],"class_list":["post-424","post","type-post","status-publish","format-standard","has-post-thumbnail","hentry","category-noticias"],"rttpg_featured_image_url":{"full":["http:\/\/www.portalcme.recife.pe.gov.br\/wp-content\/uploads\/2022\/12\/Aniversario-da-Professora-Ana-Paula-Tavares-presidente-do-Conselho-Municipal-de-Educacao.jpg",768,1024,false],"landscape":["http:\/\/www.portalcme.recife.pe.gov.br\/wp-content\/uploads\/2022\/12\/Aniversario-da-Professora-Ana-Paula-Tavares-presidente-do-Conselho-Municipal-de-Educacao.jpg",768,1024,false],"portraits":["http:\/\/www.portalcme.recife.pe.gov.br\/wp-content\/uploads\/2022\/12\/Aniversario-da-Professora-Ana-Paula-Tavares-presidente-do-Conselho-Municipal-de-Educacao.jpg",768,1024,false],"thumbnail":["http:\/\/www.portalcme.recife.pe.gov.br\/wp-content\/uploads\/2022\/12\/Aniversario-da-Professora-Ana-Paula-Tavares-presidente-do-Conselho-Municipal-de-Educacao.jpg",113,150,false],"medium":["http:\/\/www.portalcme.recife.pe.gov.br\/wp-content\/uploads\/2022\/12\/Aniversario-da-Professora-Ana-Paula-Tavares-presidente-do-Conselho-Municipal-de-Educacao.jpg",225,300,false],"large":["http:\/\/www.portalcme.recife.pe.gov.br\/wp-content\/uploads\/2022\/12\/Aniversario-da-Professora-Ana-Paula-Tavares-presidente-do-Conselho-Municipal-de-Educacao.jpg",768,1024,false],"1536x1536":["http:\/\/www.portalcme.recife.pe.gov.br\/wp-content\/uploads\/2022\/12\/Aniversario-da-Professora-Ana-Paula-Tavares-presidente-do-Conselho-Municipal-de-Educacao.jpg",768,1024,false],"2048x2048":["http:\/\/www.portalcme.recife.pe.gov.br\/wp-content\/uploads\/2022\/12\/Aniversario-da-Professora-Ana-Paula-Tavares-presidente-do-Conselho-Municipal-de-Educacao.jpg",768,1024,false]},"rttpg_author":{"display_name":"David Tavares Fernandes da Silva","author_link":"http:\/\/www.portalcme.recife.pe.gov.br\/?author=2"},"rttpg_comment":0,"rttpg_category":"<a href=\"http:\/\/www.portalcme.recife.pe.gov.br\/?cat=5\" rel=\"category\">Not\u00edcias<\/a>","rttpg_excerpt":"Confraterniza\u00e7\u00e3o de anivers\u00e1rio da presidente do CME, Paula Tavares e das t\u00e9cnicas: Paula Emanuelle e Andrea Patrocinio. Contamos com a presen\u00e7a do presidente do CAE; de representante do FUNDEB e da UNIREC e toda sua equipe.\u00a0Parab\u00e9ns!","_links":{"self":[{"href":"http:\/\/www.portalcme.recife.pe.gov.br\/index.php?rest_route=\/wp\/v2\/posts\/424","targetHints":{"allow":["GET"]}}],"collection":[{"href":"http:\/\/www.portalcme.recife.pe.gov.br\/index.php?rest_route=\/wp\/v2\/posts"}],"about":[{"href":"http:\/\/www.portalcme.recife.pe.gov.br\/index.php?rest_route=\/wp\/v2\/types\/post"}],"author":[{"embeddable":true,"href":"http:\/\/www.portalcme.recife.pe.gov.br\/index.php?rest_route=\/wp\/v2\/users\/2"}],"replies":[{"embeddable":true,"href":"http:\/\/www.portalcme.recife.pe.gov.br\/index.php?rest_route=%2Fwp%2Fv2%2Fcomments&post=424"}],"version-history":[{"count":2,"href":"http:\/\/www.portalcme.recife.pe.gov.br\/index.php?rest_route=\/wp\/v2\/posts\/424\/revisions"}],"predecessor-version":[{"id":573,"href":"http:\/\/www.portalcme.recife.pe.gov.br\/index.php?rest_route=\/wp\/v2\/posts\/424\/revisions\/573"}],"wp:featuredmedia":[{"embeddable":true,"href":"http:\/\/www.portalcme.recife.pe.gov.br\/index.php?rest_route=\/wp\/v2\/media\/425"}],"wp:attachment":[{"href":"http:\/\/www.portalcme.recife.pe.gov.br\/index.php?rest_route=%2Fwp%2Fv2%2Fmedia&parent=424"}],"wp:term":[{"taxonomy":"category","embeddable":true,"href":"http:\/\/www.portalcme.recife.pe.gov.br\/index.php?rest_route=%2Fwp%2Fv2%2Fcategories&post=424"},{"taxonomy":"post_tag","embeddable":true,"href":"http:\/\/www.portalcme.recife.pe.gov.br\/index.php?rest_route=%2Fwp%2Fv2%2Ftags&post=424"}],"curies":[{"name":"wp","href":"https:\/\/api.w.org\/{rel}","templated":true}]}}