{"id":474,"date":"2022-12-07T14:42:18","date_gmt":"2022-12-07T17:42:18","guid":{"rendered":"http:\/\/www.portalcme.recife.pe.gov.br\/?p=474"},"modified":"2022-12-07T14:42:30","modified_gmt":"2022-12-07T17:42:30","slug":"lei-no-17-325-2007","status":"publish","type":"post","link":"http:\/\/www.portalcme.recife.pe.gov.br\/?p=474","title":{"rendered":"LEI N\u00ba 17.325 \/2007"},"content":{"rendered":"\n<h3 class=\"wp-block-heading\">Descri\u00e7\u00e3o:&nbsp;<\/h3>\n\n\n\n<p>EMENTA: Disp\u00f5e sobre o Conselho Municipal de Educa\u00e7\u00e3o do Recife, referido no art. 135 da Lei Org\u00e2nica do Munic\u00edpio, define as suas compet\u00eancias, estrutura seus \u00f3rg\u00e3os e sua composi\u00e7\u00e3o, revoga a Lei Municipal n\u00ba. 16.190, de 03 de maio de 1996.<br>O POVO DA CIDADE DO RECIFE, POR SEUS REPRESENTANTES, DECRETOU, E EU, EM SEU NOME, SANCIONO A SEGUINTE LEI:<\/p>\n\n\n\n<p>ART. 1\u00ba. &#8211; O Conselho Municipal de Educa\u00e7\u00e3o do Recife, referido no art. 135 da Lei Org\u00e2nica Municipal, ser\u00e1 \u00f3rg\u00e3o normativo, deliberativo e consultivo do Sistema Municipal de Ensino do Recife sendo-lhe assegurados car\u00e1ter p\u00fablico, constitui\u00e7\u00e3o parit\u00e1ria e democr\u00e1tica e autonomia no exerc\u00edcio de suas compet\u00eancias.<\/p>\n\n\n\n<p>PAR\u00c1GRAFO UNICO. O Conselho Municipal de Educa\u00e7\u00e3o do Recife est\u00e1 vinculado e ser\u00e1 mantido pela Secretaria de Educa\u00e7\u00e3o, Esporte e Lazer.<\/p>\n\n\n\n<p>ART. 2\u00ba. &#8211; O Conselho Municipal de Educa\u00e7\u00e3o do Recife tem como essencial e principal compet\u00eancia primar pelo estabelecimento, pelo acompanhamento e pela avalia\u00e7\u00e3o da pol\u00edtica municipal de educa\u00e7\u00e3o, pugnando pela realiza\u00e7\u00e3o dos princ\u00edpios informadores do desenvolvimento e da consolida\u00e7\u00e3o da educa\u00e7\u00e3o, positivados pela Constitui\u00e7\u00e3o Federal, pela Constitui\u00e7\u00e3o do Estado de Pernambuco, pela Lei Org\u00e2nica do Munic\u00edpio do Recife e pela Lei de Diretrizes e Bases da Educa\u00e7\u00e3o Nacional.<\/p>\n\n\n\n<p>PAR\u00c1GRAFO \u00daNICO. Al\u00e9m do disposto no caput, compete ao Conselho Municipal de Educa\u00e7\u00e3o do Recife:<\/p>\n\n\n\n<p>I.elaborar e modificar o seu regimento, submetendo-o \u00e0 aprova\u00e7\u00e3o do Chefe do Poder Executivo, bem como elaborar seus ordenamentos internos de administra\u00e7\u00e3o e de funcionamento;<\/p>\n\n\n\n<p>II.apreciar, em primeira inst\u00e2ncia, o Plano Municipal de Educa\u00e7\u00e3o, bem como acompanhar a sua execu\u00e7\u00e3o;<\/p>\n\n\n\n<p>III. normatizar a presta\u00e7\u00e3o do servi\u00e7o p\u00fablico educacional, respeitada a autonomia dos estabelecimentos de ensino, qualquer que seja a sua administra\u00e7\u00e3o &#8211; privada por delega\u00e7\u00e3o ou do Estado &#8211; e a autonomia da Secretaria de Educa\u00e7\u00e3o do Munic\u00edpio do Recife;<\/p>\n\n\n\n<p>IV. realizar e divulgar estudos e pesquisas sobre a tem\u00e1tica educacional, preferencialmente vinculada \u00e0 educa\u00e7\u00e3o municipal;<\/p>\n\n\n\n<p>V.emitir pareceres de natureza administrativo-educacional sobre mat\u00e9rias controversas e com a finalidade exclusiva de elucida\u00e7\u00e3o do tema, vedada a emiss\u00e3o de pareceres de natureza funcional e de interpreta\u00e7\u00e3o de certificados de estudos e de cursos e de diplomas de cursos;<\/p>\n\n\n\n<p>VI. solicitar aos \u00f3rg\u00e3os educacionais os esclarecimentos necess\u00e1rios ao cumprimento de suas compet\u00eancias;<\/p>\n\n\n\n<p>VII. zelar pela realiza\u00e7\u00e3o dos princ\u00edpios da educa\u00e7\u00e3o nacional, bem como pelo cumprimento da legisla\u00e7\u00e3o educacional, inclusive mantendo interc\u00e2mbio e coopera\u00e7\u00e3o com outros \u00f3rg\u00e3os educacionais e com o Minist\u00e9rio P\u00fablico;<br>VIII. funcionar, na forma desta lei, como \u00f3rg\u00e3o de acompanhamento e controle social da distribui\u00e7\u00e3o, da transfer\u00eancia e da aplica\u00e7\u00e3o dos recursos do Fundo de Desenvolvimento da Educa\u00e7\u00e3o B\u00e1sica e de Valoriza\u00e7\u00e3o dos Profissionais da Educa\u00e7\u00e3o FUNDEB;<\/p>\n\n\n\n<p>IX.publicar relat\u00f3rio anual sobre a sua atua\u00e7\u00e3o;<\/p>\n\n\n\n<p>X.participar do planejamento or\u00e7ament\u00e1rio do Munic\u00edpio.<\/p>\n\n\n\n<p>ART. 3\u00ba. &#8211; O Conselho Municipal de Educa\u00e7\u00e3o do Recife ser\u00e1 composto pelos seguintes \u00f3rg\u00e3os:<\/p>\n\n\n\n<p>I. Pleno;<br>II. Presid\u00eancia;<br>III. Vice-Presid\u00eancia;<br>IV. C\u00e2mara de Educa\u00e7\u00e3o Infantil;<br>V. C\u00e2mara de Ensino Fundamental e de Ensino M\u00e9dio;<br>VI. C\u00e2mara do FUNDEB;<br>VII. Comiss\u00e3o de Legisla\u00e7\u00e3o e Normas;<br>VIII. Comiss\u00f5es Especiais.<\/p>\n\n\n\n<p>PAR\u00c1GRAFO \u00daNICO: &#8211; DOIS MEMBROS DA C\u00c2MARA MUNICIPAL, INVESTIDOS DO CARGO DE VEREADOR DO RECIFE, DEVER\u00c3O FAZER PARTE DE UM DOS \u00d3RG\u00c3OS DISCRIMINADOS NESTE ARTIGO.<\/p>\n\n\n\n<p>ART. 4\u00ba. &#8211; O Pleno, integrado por todos os Conselheiros Municipais de Educa\u00e7\u00e3o do Recife, \u00e9 o \u00f3rg\u00e3o superior do Conselho Municipal de Educa\u00e7\u00e3o do Recife, funcionando como inst\u00e2ncia recursal e deliberativa m\u00e1xima das compet\u00eancias dispostas no art. 2\u00ba, desta lei.<\/p>\n\n\n\n<p>ART. 5\u00ba. &#8211; O Pleno poder\u00e1 praticar atos normativos, sob a forma de pareceres e resolu\u00e7\u00f5es, cada qual com n\u00famero seq\u00fcencial seguido da data de sua pr\u00e1tica.<\/p>\n\n\n\n<p>ART. 6\u00ba. &#8211; A Presid\u00eancia \u00e9 \u00f3rg\u00e3o singular do Conselho Municipal de Educa\u00e7\u00e3o do Recife, sendo exercida por Conselheiro eleito entre e por seus pares, pela maioria absoluta do Pleno, em vota\u00e7\u00e3o secreta, para mandato de dois anos.<\/p>\n\n\n\n<p>ART. 7\u00ba. &#8211; A Vice-Presid\u00eancia \u00e9 \u00f3rg\u00e3o singular do Conselho Municipal de Educa\u00e7\u00e3o do Recife, sendo exercida por Conselheiro eleito entre e por seus pares, por maioria absoluta do Pleno, em vota\u00e7\u00e3o secreta, para mandato de dois anos.<\/p>\n\n\n\n<p>ART. 8\u00ba. &#8211; O Presidente e o Vice-Presidente poder\u00e3o ser reeleitos, uma \u00fanica vez, para o mandato subseq\u00fcente.<\/p>\n\n\n\n<p>ART. 9\u00ba. &#8211; \u00c0 Presid\u00eancia do Conselho Municipal de Educa\u00e7\u00e3o do Recife competir\u00e1:<\/p>\n\n\n\n<p>I.administrar e representar o Conselho Municipal de Educa\u00e7\u00e3o do Recife;<\/p>\n\n\n\n<p>II. convocar e presidir as reuni\u00f5es do Pleno e, nelas, decidir quest\u00f5es de ordem;<\/p>\n\n\n\n<p>III.nomear os Conselheiros para as C\u00e2maras e Comiss\u00f5es, inclusive para as comiss\u00f5es especiais, consultando-os previamente, observado o disposto no art. 11;<\/p>\n\n\n\n<p>IV.designar assessores t\u00e9cnicos para C\u00e2maras e Comiss\u00f5es;<\/p>\n\n\n\n<p>V.apresentar ao Chefe do Poder Executivo e \u00e0 Secretaria de Educa\u00e7\u00e3o do Munic\u00edpio, ap\u00f3s aprova\u00e7\u00e3o pelo Pleno, o relat\u00f3rio anual, a proposta de or\u00e7amento para o exerc\u00edcio financeiro seguinte e a presta\u00e7\u00e3o de contas do exerc\u00edcio anterior;<\/p>\n\n\n\n<p>VI. fixar o hor\u00e1rio de trabalho dos servidores lotados no Conselho Municipal de Educa\u00e7\u00e3o do Recife, de acordo com a conveni\u00eancia dos servi\u00e7os e com as normas gerais aplic\u00e1veis ao conjunto de servidores municipais.<\/p>\n\n\n\n<p>ART. 10. &#8211; Os atos normativos da Presid\u00eancia do Conselho Municipal de Educa\u00e7\u00e3o do Recife tomar\u00e3o a forma de portaria, com n\u00famero seq\u00fcencial e a data de sua pr\u00e1tica.<\/p>\n\n\n\n<p>ART 11. &#8211; As C\u00e2maras e Comiss\u00f5es, referidas pelos incisos IV a VIII do art. 3\u00ba, integradas por Conselheiros Municipais de Educa\u00e7\u00e3o, nomeados na forma do inciso III do art. 8\u00ba, s\u00e3o \u00f3rg\u00e3os colegiados e deliberativos, competindo-lhes:<\/p>\n\n\n\n<p>I.\u00e0 C\u00e2mara de Educa\u00e7\u00e3o Infantil, apreciar assuntos e processos referentes a creches e pr\u00e9-escola;<br>II.\u00e0 C\u00e2mara de Ensino Fundamental e de Ensino M\u00e9dio, apreciar assuntos e processos referentes a esses n\u00edveis de ensino, \u00e0 Educa\u00e7\u00e3o de Jovens e Adultos, \u00e0 Educa\u00e7\u00e3o Profissional e \u00e0 Educa\u00e7\u00e3o Especial;<\/p>\n\n\n\n<p>III.\u00e0 C\u00e2mara do FUNDEB:<br>a) acompanhar e exercer controle social sobre a distribui\u00e7\u00e3o, a transfer\u00eancia, e a aplica\u00e7\u00e3o dos recursos desse Fundo pelo governo municipal;<\/p>\n\n\n\n<p>b) supervisionar o censo escolar anual e a elabora\u00e7\u00e3o da proposta or\u00e7ament\u00e1ria anual, com o objetivo de concorrer para o regular e tempestivo tratamento e encaminhamento dos dados estat\u00edsticos e financeiros que alicer\u00e7am a operacionaliza\u00e7\u00e3o do FUNDEB;<\/p>\n\n\n\n<p>IV.\u00e0 Comiss\u00e3o de Legisla\u00e7\u00e3o e Normas, apreciar assuntos e processos referentes a mat\u00e9rias de natureza jur\u00eddico-educacional;<\/p>\n\n\n\n<p>V.\u00e0s Comiss\u00f5es Especiais cumprir a finalidade expressa no ato normativo de sua constitui\u00e7\u00e3o.<\/p>\n\n\n\n<p>ART. 12. &#8211; Tomada a composi\u00e7\u00e3o disposta pelo \u00a7 1\u00ba do art. 13, a C\u00e2mara do FUNDEB ser\u00e1 integrada por um dos representantes referidos pelo inciso I, pelos representantes referidos pelos incisos III, IV, V, VIII, IX e X, e por qualquer outro Conselheiro Municipal de Educa\u00e7\u00e3o do Recife.<\/p>\n\n\n\n<p>ART. 13. &#8211; As C\u00e2maras e Comiss\u00f5es ser\u00e3o presididas, cada qual, por um de seus membros, eleito entre e por seus pares, pela maioria absoluta, em vota\u00e7\u00e3o secreta, para mandato de dois anos.<\/p>\n\n\n\n<p>\u00a7 1\u00ba. A elei\u00e7\u00e3o da Vice-Presid\u00eancia das C\u00e2maras e das Comiss\u00f5es obedecer\u00e1 aos mesmos crit\u00e9rios dispostos pelo caput.<\/p>\n\n\n\n<p>\u00a7 2\u00ba. Excetua-se da regra do caput:<\/p>\n\n\n\n<p>I.a Presid\u00eancia da C\u00e2mara do FUNDEB, que n\u00e3o poder\u00e1 ser exercida pelo representante da Secretaria de Educa\u00e7\u00e3o do Munic\u00edpio do Recife;<\/p>\n\n\n\n<p>II.a Presid\u00eancia das Comiss\u00f5es Especiais, que ser\u00e1 nomeada pelo ato de sua constitui\u00e7\u00e3o.<\/p>\n\n\n\n<p>ART. 14. &#8211; O Conselho Municipal de Educa\u00e7\u00e3o do Recife ser\u00e1 composto por 19 (dezenove) membros titulares, sendo que na nomea\u00e7\u00e3o o Chefe do Poder Executivo observar\u00e1 as seguintes proced\u00eancias:<\/p>\n\n\n\n<p>I.5 (cinco) representantes da Secretaria Municipal de Educa\u00e7\u00e3o;<\/p>\n\n\n\n<p>II. 1 (um) representante do centro de educa\u00e7\u00e3o de universidade p\u00fablica;<\/p>\n\n\n\n<p>III. 1 (um) representante dos professores municipais da educa\u00e7\u00e3o b\u00e1sica;<\/p>\n\n\n\n<p>IV.1 (um) representante dos diretores das escolas p\u00fablicas municipais de educa\u00e7\u00e3o b\u00e1sica;<\/p>\n\n\n\n<p>V. 1 (um) representante dos servidores t\u00e9cnico-administrativo municipais;<\/p>\n\n\n\n<p>VI. 1 (um) representante das escolas comunit\u00e1rias;<\/p>\n\n\n\n<p>VII.1 (um) representante das organiza\u00e7\u00f5es n\u00e3o-governamentais;<\/p>\n\n\n\n<p>VIII.1 (um) representante do Conselho Tutelar da Crian\u00e7a e do Adolescente;<\/p>\n\n\n\n<p>IX.2 (dois) representantes dos pais de alunos da educa\u00e7\u00e3o b\u00e1sica ofertada pelo Munic\u00edpio do Recife;<\/p>\n\n\n\n<p>X.2 (dois) representantes dos estudantes da educa\u00e7\u00e3o b\u00e1sica ofertada pelo Munic\u00edpio do Recife;<\/p>\n\n\n\n<p>XI.1 (um) representante das escolas da administra\u00e7\u00e3o privada.<\/p>\n\n\n\n<p>XII 2 (dois) membros da C\u00e2mara Municipal, investidos do cargo de Vereador, pertencentes \u00e0 Comiss\u00e3o de Educa\u00e7\u00e3o.<\/p>\n\n\n\n<p>\u00a71\u00ba. Os representantes governamentais, indicados pelas respectivas secretarias, e os representantes da sociedade civil, eleitos pela respectiva entidade, sendo pessoas com reconhecidos servi\u00e7os p\u00fablicos prestados \u00e0 Educa\u00e7\u00e3o, \u00e0 Ci\u00eancia e \u00e0 Cultura, ser\u00e3o nomeados pelo Chefe do Poder Executivo para um mandato de 4 (quatro) anos, podendo ser reconduzidos para um \u00fanico mandato subseq\u00fcente.<\/p>\n\n\n\n<p>\u00a7 2\u00b0. S\u00e3o impedidos de integrar o Conselho Municipal de Educa\u00e7\u00e3o do Recife:<\/p>\n\n\n\n<p>I. o c\u00f4njuge e os parentes consang\u00fc\u00edneos e afins, at\u00e9 o terceiro grau, inclusive, do Presidente e do Vice-Presidente da Rep\u00fablica, dos Ministros de Estado, do Governador e do Vice-Governador do Estado de Pernambuco, bem como do Prefeito, do Vice-Prefeito e dos Secret\u00e1rios Estaduais e Municipais;<\/p>\n\n\n\n<p>II.tesoureiro, contador ou funcion\u00e1rio de empresa de assessoria ou consultoria que prestem servi\u00e7os relacionados \u00e0 administra\u00e7\u00e3o ou controle interno dos recursos do FUNDEB, bem como seus c\u00f4njuges e parentes at\u00e9 o terceiro grau, inclusive;<\/p>\n\n\n\n<p>III.estudante menor de 18 (dezoito) anos ou n\u00e3o emancipado na data da nomea\u00e7\u00e3o;<\/p>\n\n\n\n<p>IV. representante de pais de alunos que:<\/p>\n\n\n\n<p>a) exer\u00e7am fun\u00e7\u00e3o p\u00fablica de livre nomea\u00e7\u00e3o e exonera\u00e7\u00e3o no \u00e2mbito do Poder Executivo do Munic\u00edpio do Recife;<\/p>\n\n\n\n<p>b) prestem servi\u00e7os terceirizados no \u00e2mbito do Poder P\u00fablico Municipal.<\/p>\n\n\n\n<p>\u00a7 3\u00ba.No exerc\u00edcio do cargo de Conselheiros Municipais de Educa\u00e7\u00e3o do Recife, e somente enquanto integrantes da C\u00e2mara do FUNDEB e nas hip\u00f3teses dos incisos III, IV e V do \u00a7 1\u00ba ficam vedadas:<br>I. a exonera\u00e7\u00e3o ou demiss\u00e3o do cargo p\u00fablico exercido, sem justa causa;<\/p>\n\n\n\n<p>II. transfer\u00eancia involunt\u00e1ria.<\/p>\n\n\n\n<p>ART. 15. &#8211; Os Conselheiros Municipais de Educa\u00e7\u00e3o do Recife exercem cargo p\u00fablico honor\u00edfico de interesse p\u00fablico relevante, remunerados na forma de lei espec\u00edfica, apenas se justificando suas aus\u00eancias a crit\u00e9rio do Pleno do Conselho Municipal de Educa\u00e7\u00e3o do Recife.<\/p>\n\n\n\n<p>PAR\u00c1GRAFO \u00daNICO. &#8211; Os Conselheiros Municipais de Educa\u00e7\u00e3o do Recife n\u00e3o ser\u00e3o remunerados por sua atua\u00e7\u00e3o na C\u00e2mara do FUNDEB, considerando-se atividade de relevante interesse social.<\/p>\n\n\n\n<p>ART. 16. &#8211; Perder\u00e1 o mandato o Conselheiro que faltar injustificadamente a 04 (quatro) reuni\u00f5es ordin\u00e1rias consecutivas.<\/p>\n\n\n\n<p>PAR\u00c1GRAFO \u00daNICO. Na hip\u00f3tese do caput ou em qualquer outra de vac\u00e2ncia, o Chefe do Poder Executivo nomear\u00e1 novo Conselheiro para completar o mandato.<\/p>\n\n\n\n<p>ART. 17. &#8211; Ao Conselheiro Municipal de Educa\u00e7\u00e3o, no que couber, aplicar-se-\u00e1 a legisla\u00e7\u00e3o funcional do Munic\u00edpio do Recife.<\/p>\n\n\n\n<p>ART. 18. &#8211; Uma vez aprovada esta Lei, a Presid\u00eancia do Conselho Municipal de Educa\u00e7\u00e3o do Recife instituir\u00e1 a Comiss\u00e3o de Elabora\u00e7\u00e3o do Regimento do Conselho Municipal de Educa\u00e7\u00e3o do Recife que dever\u00e1, no prazo de 90 (noventa) dias, detalhar o seu funcionamento, especialmente sobre:<\/p>\n\n\n\n<p>I.a convoca\u00e7\u00e3o, a instala\u00e7\u00e3o, o funcionamento, os qu\u00f3runs de aprova\u00e7\u00e3o das decis\u00f5es, a pauta, a ordem e o procedimento dos trabalhos do Pleno, das Comiss\u00f5es e das C\u00e2maras;<br>II.as condi\u00e7\u00f5es de interposi\u00e7\u00e3o de recurso contra decis\u00f5es dos \u00f3rg\u00e3os;<\/p>\n\n\n\n<p>III. as condi\u00e7\u00f5es de funcionamento conjunto de C\u00e2maras e Comiss\u00f5es;<\/p>\n\n\n\n<p>IV.a participa\u00e7\u00e3o de conselheiro em mais de uma C\u00e2mara para composi\u00e7\u00e3o de quorum;<\/p>\n\n\n\n<p>V. a substitui\u00e7\u00e3o da Presid\u00eancia e da Vice-Presid\u00eancia do Conselho Municipal de Educa\u00e7\u00e3o do Recife, da Presid\u00eancia e da Vice-Presid\u00eancia de suas C\u00e2maras e Comiss\u00f5es em situa\u00e7\u00f5es de vac\u00e2ncia, falta ou impedimento do titular;<br>VI.o exerc\u00edcio do voto de qualidade pela Presid\u00eancia do Pleno e pela Presid\u00eancia das C\u00e2maras e Comiss\u00f5es.<\/p>\n\n\n\n<p>ART. 19. &#8211; Nos meses de julho e de janeiro, o funcionamento do Conselho Municipal de Educa\u00e7\u00e3o do Recife ficar\u00e1 de recesso, desde que as reuni\u00f5es previstas para esses meses sejam antecipadas ou adiadas, sem preju\u00edzo das reuni\u00f5es ordin\u00e1rias previstas para esses mesmos meses.<\/p>\n\n\n\n<p>ART. 20. &#8211; Esta lei entra em vigor na data de sua publica\u00e7\u00e3o, revogadas as disposi\u00e7\u00f5es em contr\u00e1rio, em especial a Lei Municipal n\u00ba 16.190, de 03 de maio de 1996.<\/p>\n\n\n\n<p>Recife, 27 de julho de 2007.<\/p>\n\n\n\n<p>JO\u00c3O PAULO LIMA E SILVA<br>PREFEITO DO RECIFE<br>Projeto de Lei de Autoria do Executivo.<\/p>\n","protected":false},"excerpt":{"rendered":"<p>Descri\u00e7\u00e3o:&nbsp; EMENTA: Disp\u00f5e sobre o Conselho Municipal de Educa\u00e7\u00e3o do Recife, referido no art. 135 da Lei Org\u00e2nica do Munic\u00edpio, define as suas compet\u00eancias, estrutura seus \u00f3rg\u00e3os e sua composi\u00e7\u00e3o, revoga a Lei Municipal n\u00ba. 16.190, de 03 de maio de 1996.O POVO DA CIDADE DO RECIFE, POR SEUS REPRESENTANTES, DECRETOU, E EU, EM SEU [&hellip;]<\/p>\n","protected":false},"author":2,"featured_media":0,"comment_status":"open","ping_status":"open","sticky":false,"template":"","format":"standard","meta":{"site-sidebar-layout":"default","site-content-layout":"","ast-site-content-layout":"default","site-content-style":"default","site-sidebar-style":"default","ast-global-header-display":"","ast-banner-title-visibility":"","ast-main-header-display":"","ast-hfb-above-header-display":"","ast-hfb-below-header-display":"","ast-hfb-mobile-header-display":"","site-post-title":"","ast-breadcrumbs-content":"","ast-featured-img":"","footer-sml-layout":"","ast-disable-related-posts":"","theme-transparent-header-meta":"","adv-header-id-meta":"","stick-header-meta":"","header-above-stick-meta":"","header-main-stick-meta":"","header-below-stick-meta":"","astra-migrate-meta-layouts":"default","ast-page-background-enabled":"default","ast-page-background-meta":{"desktop":{"background-color":"var(--ast-global-color-4)","background-image":"","background-repeat":"repeat","background-position":"center center","background-size":"auto","background-attachment":"scroll","background-type":"","background-media":"","overlay-type":"","overlay-color":"","overlay-opacity":"","overlay-gradient":""},"tablet":{"background-color":"","background-image":"","background-repeat":"repeat","background-position":"center center","background-size":"auto","background-attachment":"scroll","background-type":"","background-media":"","overlay-type":"","overlay-color":"","overlay-opacity":"","overlay-gradient":""},"mobile":{"background-color":"","background-image":"","background-repeat":"repeat","background-position":"center center","background-size":"auto","background-attachment":"scroll","background-type":"","background-media":"","overlay-type":"","overlay-color":"","overlay-opacity":"","overlay-gradient":""}},"ast-content-background-meta":{"desktop":{"background-color":"var(--ast-global-color-5)","background-image":"","background-repeat":"repeat","background-position":"center center","background-size":"auto","background-attachment":"scroll","background-type":"","background-media":"","overlay-type":"","overlay-color":"","overlay-opacity":"","overlay-gradient":""},"tablet":{"background-color":"var(--ast-global-color-5)","background-image":"","background-repeat":"repeat","background-position":"center center","background-size":"auto","background-attachment":"scroll","background-type":"","background-media":"","overlay-type":"","overlay-color":"","overlay-opacity":"","overlay-gradient":""},"mobile":{"background-color":"var(--ast-global-color-5)","background-image":"","background-repeat":"repeat","background-position":"center center","background-size":"auto","background-attachment":"scroll","background-type":"","background-media":"","overlay-type":"","overlay-color":"","overlay-opacity":"","overlay-gradient":""}},"footnotes":""},"categories":[14],"tags":[],"class_list":["post-474","post","type-post","status-publish","format-standard","hentry","category-legislacoes-e-leis"],"rttpg_featured_image_url":null,"rttpg_author":{"display_name":"David Tavares Fernandes da Silva","author_link":"http:\/\/www.portalcme.recife.pe.gov.br\/?author=2"},"rttpg_comment":0,"rttpg_category":"<a href=\"http:\/\/www.portalcme.recife.pe.gov.br\/?cat=14\" rel=\"category\">Legisla\u00e7\u00f5es sobre educa\u00e7\u00e3o<\/a>","rttpg_excerpt":"Descri\u00e7\u00e3o:&nbsp; EMENTA: Disp\u00f5e sobre o Conselho Municipal de Educa\u00e7\u00e3o do Recife, referido no art. 135 da Lei Org\u00e2nica do Munic\u00edpio, define as suas compet\u00eancias, estrutura seus \u00f3rg\u00e3os e sua composi\u00e7\u00e3o, revoga a Lei Municipal n\u00ba. 16.190, de 03 de maio de 1996.O POVO DA CIDADE DO RECIFE, POR SEUS REPRESENTANTES, DECRETOU, E EU, EM SEU&hellip;","_links":{"self":[{"href":"http:\/\/www.portalcme.recife.pe.gov.br\/index.php?rest_route=\/wp\/v2\/posts\/474","targetHints":{"allow":["GET"]}}],"collection":[{"href":"http:\/\/www.portalcme.recife.pe.gov.br\/index.php?rest_route=\/wp\/v2\/posts"}],"about":[{"href":"http:\/\/www.portalcme.recife.pe.gov.br\/index.php?rest_route=\/wp\/v2\/types\/post"}],"author":[{"embeddable":true,"href":"http:\/\/www.portalcme.recife.pe.gov.br\/index.php?rest_route=\/wp\/v2\/users\/2"}],"replies":[{"embeddable":true,"href":"http:\/\/www.portalcme.recife.pe.gov.br\/index.php?rest_route=%2Fwp%2Fv2%2Fcomments&post=474"}],"version-history":[{"count":1,"href":"http:\/\/www.portalcme.recife.pe.gov.br\/index.php?rest_route=\/wp\/v2\/posts\/474\/revisions"}],"predecessor-version":[{"id":475,"href":"http:\/\/www.portalcme.recife.pe.gov.br\/index.php?rest_route=\/wp\/v2\/posts\/474\/revisions\/475"}],"wp:attachment":[{"href":"http:\/\/www.portalcme.recife.pe.gov.br\/index.php?rest_route=%2Fwp%2Fv2%2Fmedia&parent=474"}],"wp:term":[{"taxonomy":"category","embeddable":true,"href":"http:\/\/www.portalcme.recife.pe.gov.br\/index.php?rest_route=%2Fwp%2Fv2%2Fcategories&post=474"},{"taxonomy":"post_tag","embeddable":true,"href":"http:\/\/www.portalcme.recife.pe.gov.br\/index.php?rest_route=%2Fwp%2Fv2%2Ftags&post=474"}],"curies":[{"name":"wp","href":"https:\/\/api.w.org\/{rel}","templated":true}]}}