{"id":476,"date":"2022-12-07T14:43:03","date_gmt":"2022-12-07T17:43:03","guid":{"rendered":"http:\/\/www.portalcme.recife.pe.gov.br\/?p=476"},"modified":"2022-12-07T14:43:03","modified_gmt":"2022-12-07T17:43:03","slug":"lei-no-17-837-2012","status":"publish","type":"post","link":"http:\/\/www.portalcme.recife.pe.gov.br\/?p=476","title":{"rendered":"LEI N\u00ba 17.837 \/2012"},"content":{"rendered":"\n<h3 class=\"wp-block-heading\">Descri\u00e7\u00e3o:&nbsp;<\/h3>\n\n\n\n<p>PRO\u00cdBE O USO DE APARELHO CELULAR E EQUIPAMENTOS ELETR\u00d4NICOS NAS SALAS DE AULAS DAS ESCOLAS MUNICIPAIS E PARTICULARES, LOCALIZADAS NA CIDADE DO RECIFE, EXCETO AQUELES PARA USO PEDAG\u00d3GICO E D\u00c1 OUTRAS PROVID\u00caNCIAS.<\/p>\n\n\n\n<p>Fa\u00e7o saber que a partir da rejei\u00e7\u00e3o do veto total ao Projeto de Lei n\u00ba 163\/2011 de autoria do Vereador Alfredo Santana e eu, Prefeito da Cidade do Recife, nos termos do art. 34, \u00a7 5\u00ba da Lei Org\u00e2nica do Munic\u00edpio, promulgo a seguinte Lei:<\/p>\n\n\n\n<p>Art.1\u00b0. Fica proibido o uso de aparelho celular e equipamentos eletr\u00f4nicos nas salas de aulas das escolas municipais e particulares, localizadas na cidade do Recife, exceto aqueles para uso pedag\u00f3gico.<br>Art.2\u00b0. As escolas dever\u00e3o afixar avisos em local vis\u00edvel nas salas de aula, divulgando aos alunos a proibi\u00e7\u00e3o a que se refere a presente lei.<\/p>\n\n\n\n<p>Art.3\u00b0. Esta lei entrar\u00e1 em vigor na data de sua publica\u00e7\u00e3o.<\/p>\n\n\n\n<p>Recife, 09 de Novembro de 2012.<\/p>\n\n\n\n<p>JO\u00c3O DA COSTA BEZERRA FILHO<br>Prefeito do Recife<br>Projeto de Lei n\u00ba 163\/2011 Autoria do Vereador Alfredo Santana.<\/p>\n","protected":false},"excerpt":{"rendered":"<p>Descri\u00e7\u00e3o:&nbsp; PRO\u00cdBE O USO DE APARELHO CELULAR E EQUIPAMENTOS ELETR\u00d4NICOS NAS SALAS DE AULAS DAS ESCOLAS MUNICIPAIS E PARTICULARES, LOCALIZADAS NA CIDADE DO RECIFE, EXCETO AQUELES PARA USO PEDAG\u00d3GICO E D\u00c1 OUTRAS PROVID\u00caNCIAS. Fa\u00e7o saber que a partir da rejei\u00e7\u00e3o do veto total ao Projeto de Lei n\u00ba 163\/2011 de autoria do Vereador Alfredo Santana [&hellip;]<\/p>\n","protected":false},"author":2,"featured_media":0,"comment_status":"open","ping_status":"open","sticky":false,"template":"","format":"standard","meta":{"site-sidebar-layout":"default","site-content-layout":"","ast-site-content-layout":"default","site-content-style":"default","site-sidebar-style":"default","ast-global-header-display":"","ast-banner-title-visibility":"","ast-main-header-display":"","ast-hfb-above-header-display":"","ast-hfb-below-header-display":"","ast-hfb-mobile-header-display":"","site-post-title":"","ast-breadcrumbs-content":"","ast-featured-img":"","footer-sml-layout":"","ast-disable-related-posts":"","theme-transparent-header-meta":"","adv-header-id-meta":"","stick-header-meta":"","header-above-stick-meta":"","header-main-stick-meta":"","header-below-stick-meta":"","astra-migrate-meta-layouts":"default","ast-page-background-enabled":"default","ast-page-background-meta":{"desktop":{"background-color":"var(--ast-global-color-4)","background-image":"","background-repeat":"repeat","background-position":"center center","background-size":"auto","background-attachment":"scroll","background-type":"","background-media":"","overlay-type":"","overlay-color":"","overlay-opacity":"","overlay-gradient":""},"tablet":{"background-color":"","background-image":"","background-repeat":"repeat","background-position":"center center","background-size":"auto","background-attachment":"scroll","background-type":"","background-media":"","overlay-type":"","overlay-color":"","overlay-opacity":"","overlay-gradient":""},"mobile":{"background-color":"","background-image":"","background-repeat":"repeat","background-position":"center center","background-size":"auto","background-attachment":"scroll","background-type":"","background-media":"","overlay-type":"","overlay-color":"","overlay-opacity":"","overlay-gradient":""}},"ast-content-background-meta":{"desktop":{"background-color":"var(--ast-global-color-5)","background-image":"","background-repeat":"repeat","background-position":"center center","background-size":"auto","background-attachment":"scroll","background-type":"","background-media":"","overlay-type":"","overlay-color":"","overlay-opacity":"","overlay-gradient":""},"tablet":{"background-color":"var(--ast-global-color-5)","background-image":"","background-repeat":"repeat","background-position":"center center","background-size":"auto","background-attachment":"scroll","background-type":"","background-media":"","overlay-type":"","overlay-color":"","overlay-opacity":"","overlay-gradient":""},"mobile":{"background-color":"var(--ast-global-color-5)","background-image":"","background-repeat":"repeat","background-position":"center center","background-size":"auto","background-attachment":"scroll","background-type":"","background-media":"","overlay-type":"","overlay-color":"","overlay-opacity":"","overlay-gradient":""}},"footnotes":""},"categories":[14],"tags":[],"class_list":["post-476","post","type-post","status-publish","format-standard","hentry","category-legislacoes-e-leis"],"rttpg_featured_image_url":null,"rttpg_author":{"display_name":"David Tavares Fernandes da Silva","author_link":"http:\/\/www.portalcme.recife.pe.gov.br\/?author=2"},"rttpg_comment":0,"rttpg_category":"<a href=\"http:\/\/www.portalcme.recife.pe.gov.br\/?cat=14\" rel=\"category\">Legisla\u00e7\u00f5es sobre educa\u00e7\u00e3o<\/a>","rttpg_excerpt":"Descri\u00e7\u00e3o:&nbsp; PRO\u00cdBE O USO DE APARELHO CELULAR E EQUIPAMENTOS ELETR\u00d4NICOS NAS SALAS DE AULAS DAS ESCOLAS MUNICIPAIS E PARTICULARES, LOCALIZADAS NA CIDADE DO RECIFE, EXCETO AQUELES PARA USO PEDAG\u00d3GICO E D\u00c1 OUTRAS PROVID\u00caNCIAS. Fa\u00e7o saber que a partir da rejei\u00e7\u00e3o do veto total ao Projeto de Lei n\u00ba 163\/2011 de autoria do Vereador Alfredo Santana&hellip;","_links":{"self":[{"href":"http:\/\/www.portalcme.recife.pe.gov.br\/index.php?rest_route=\/wp\/v2\/posts\/476","targetHints":{"allow":["GET"]}}],"collection":[{"href":"http:\/\/www.portalcme.recife.pe.gov.br\/index.php?rest_route=\/wp\/v2\/posts"}],"about":[{"href":"http:\/\/www.portalcme.recife.pe.gov.br\/index.php?rest_route=\/wp\/v2\/types\/post"}],"author":[{"embeddable":true,"href":"http:\/\/www.portalcme.recife.pe.gov.br\/index.php?rest_route=\/wp\/v2\/users\/2"}],"replies":[{"embeddable":true,"href":"http:\/\/www.portalcme.recife.pe.gov.br\/index.php?rest_route=%2Fwp%2Fv2%2Fcomments&post=476"}],"version-history":[{"count":1,"href":"http:\/\/www.portalcme.recife.pe.gov.br\/index.php?rest_route=\/wp\/v2\/posts\/476\/revisions"}],"predecessor-version":[{"id":477,"href":"http:\/\/www.portalcme.recife.pe.gov.br\/index.php?rest_route=\/wp\/v2\/posts\/476\/revisions\/477"}],"wp:attachment":[{"href":"http:\/\/www.portalcme.recife.pe.gov.br\/index.php?rest_route=%2Fwp%2Fv2%2Fmedia&parent=476"}],"wp:term":[{"taxonomy":"category","embeddable":true,"href":"http:\/\/www.portalcme.recife.pe.gov.br\/index.php?rest_route=%2Fwp%2Fv2%2Fcategories&post=476"},{"taxonomy":"post_tag","embeddable":true,"href":"http:\/\/www.portalcme.recife.pe.gov.br\/index.php?rest_route=%2Fwp%2Fv2%2Ftags&post=476"}],"curies":[{"name":"wp","href":"https:\/\/api.w.org\/{rel}","templated":true}]}}