{"id":478,"date":"2022-12-07T14:43:41","date_gmt":"2022-12-07T17:43:41","guid":{"rendered":"http:\/\/www.portalcme.recife.pe.gov.br\/?p=478"},"modified":"2022-12-07T14:43:41","modified_gmt":"2022-12-07T17:43:41","slug":"lei-no-18-044-2014","status":"publish","type":"post","link":"http:\/\/www.portalcme.recife.pe.gov.br\/?p=478","title":{"rendered":"LEI N\u00ba 18.044 \/2014"},"content":{"rendered":"\n<h3 class=\"wp-block-heading\">Descri\u00e7\u00e3o:&nbsp;<\/h3>\n\n\n\n<p>ALTERA OS INCISOS VII E VIII, DO ART. 14 E ACRESCENTA OS PAR\u00c1GRAFOS 4\u00ba E 5\u00ba NO MESMO DISPOSITIVO, DA LEI N\u00ba 17.325, DE 28\/07\/2007, QUE DISP\u00d5E SOBRE O CONSELHO MUNICIPAL DE EDUCA\u00c7\u00c3O D RECIFE E D\u00c1 OUTRAS PROVID\u00caNCIAS.<br>O POVO DA CIDADE DO RECIFE, POR SEUS REPRESENTANTES, DECRETOU, E EU, EM SEU NOME, SANCIONO A SEGUINTE LEI:<\/p>\n\n\n\n<p>Art. 1\u00ba. Os incisos VII e VIII, do artigo 14, da Lei 17.325, de 28 de julho de 2007, passam a vigorar com a seguinte reda\u00e7\u00e3o:<br>&#8220;Art. 14. (&#8230;)<br>VII &#8211; 1 (um) representante dos professores de Educa\u00e7\u00e3o Infantil da Rede Privada do Recife;<br>VIII &#8211; 1 (um) representante dos Conselhos Tutelares do Recife.&#8221;<\/p>\n\n\n\n<p>Art. 2\u00ba. Fica acrescido ao art. 14, da Lei 17.325, de 28 de julho de 2007, os seguintes par\u00e1grafos:<br>&#8220;Art. 14. (&#8230;)<br>\u00a74\u00ba Para cada membro titular dever\u00e1 ser nomeado um suplente, representante da mesma categoria ou segmento social com assento no Conselho, para substituir o titular em casos de aus\u00eancias justificadas, em impedimentos provis\u00f3rios e em afastamento definitivos dos titulares ocorridos antes do fim do mandato.<br>\u00a75\u00ba Os Conselheiros suplentes, caso sejam efetivados, somente contar\u00e3o seu tempo de mandato para efeito de recondu\u00e7\u00e3o se, por ventura, ultrapassarem 50% do referido tempo.&#8221;<\/p>\n\n\n\n<p>Art. 3\u00ba. Para efeito de unifica\u00e7\u00e3o, excepcionalmente, o primeiro mandato dos Conselheiros suplentes, ap\u00f3s a publica\u00e7\u00e3o desta lei, n\u00e3o contar\u00e1 para efeito de recondu\u00e7\u00e3o.<\/p>\n\n\n\n<p>Art. 4\u00ba. Esta Lei entra em vigor na data de sua publica\u00e7\u00e3o<\/p>\n\n\n\n<p>Recife, 23 de julho de 2014<\/p>\n\n\n\n<p>GERALDO JULIO DE MELLO FILHO<br>Prefeito do Recife<br>Projeto de Lei n\u00ba 13\/2014 autoria do Chefe do Poder Executivo.<\/p>\n","protected":false},"excerpt":{"rendered":"<p>Descri\u00e7\u00e3o:&nbsp; ALTERA OS INCISOS VII E VIII, DO ART. 14 E ACRESCENTA OS PAR\u00c1GRAFOS 4\u00ba E 5\u00ba NO MESMO DISPOSITIVO, DA LEI N\u00ba 17.325, DE 28\/07\/2007, QUE DISP\u00d5E SOBRE O CONSELHO MUNICIPAL DE EDUCA\u00c7\u00c3O D RECIFE E D\u00c1 OUTRAS PROVID\u00caNCIAS.O POVO DA CIDADE DO RECIFE, POR SEUS REPRESENTANTES, DECRETOU, E EU, EM SEU NOME, SANCIONO [&hellip;]<\/p>\n","protected":false},"author":2,"featured_media":0,"comment_status":"open","ping_status":"open","sticky":false,"template":"","format":"standard","meta":{"site-sidebar-layout":"default","site-content-layout":"","ast-site-content-layout":"default","site-content-style":"default","site-sidebar-style":"default","ast-global-header-display":"","ast-banner-title-visibility":"","ast-main-header-display":"","ast-hfb-above-header-display":"","ast-hfb-below-header-display":"","ast-hfb-mobile-header-display":"","site-post-title":"","ast-breadcrumbs-content":"","ast-featured-img":"","footer-sml-layout":"","ast-disable-related-posts":"","theme-transparent-header-meta":"","adv-header-id-meta":"","stick-header-meta":"","header-above-stick-meta":"","header-main-stick-meta":"","header-below-stick-meta":"","astra-migrate-meta-layouts":"default","ast-page-background-enabled":"default","ast-page-background-meta":{"desktop":{"background-color":"var(--ast-global-color-4)","background-image":"","background-repeat":"repeat","background-position":"center center","background-size":"auto","background-attachment":"scroll","background-type":"","background-media":"","overlay-type":"","overlay-color":"","overlay-opacity":"","overlay-gradient":""},"tablet":{"background-color":"","background-image":"","background-repeat":"repeat","background-position":"center center","background-size":"auto","background-attachment":"scroll","background-type":"","background-media":"","overlay-type":"","overlay-color":"","overlay-opacity":"","overlay-gradient":""},"mobile":{"background-color":"","background-image":"","background-repeat":"repeat","background-position":"center center","background-size":"auto","background-attachment":"scroll","background-type":"","background-media":"","overlay-type":"","overlay-color":"","overlay-opacity":"","overlay-gradient":""}},"ast-content-background-meta":{"desktop":{"background-color":"var(--ast-global-color-5)","background-image":"","background-repeat":"repeat","background-position":"center center","background-size":"auto","background-attachment":"scroll","background-type":"","background-media":"","overlay-type":"","overlay-color":"","overlay-opacity":"","overlay-gradient":""},"tablet":{"background-color":"var(--ast-global-color-5)","background-image":"","background-repeat":"repeat","background-position":"center center","background-size":"auto","background-attachment":"scroll","background-type":"","background-media":"","overlay-type":"","overlay-color":"","overlay-opacity":"","overlay-gradient":""},"mobile":{"background-color":"var(--ast-global-color-5)","background-image":"","background-repeat":"repeat","background-position":"center center","background-size":"auto","background-attachment":"scroll","background-type":"","background-media":"","overlay-type":"","overlay-color":"","overlay-opacity":"","overlay-gradient":""}},"footnotes":""},"categories":[14],"tags":[],"class_list":["post-478","post","type-post","status-publish","format-standard","hentry","category-legislacoes-e-leis"],"rttpg_featured_image_url":null,"rttpg_author":{"display_name":"David Tavares Fernandes da Silva","author_link":"http:\/\/www.portalcme.recife.pe.gov.br\/?author=2"},"rttpg_comment":0,"rttpg_category":"<a href=\"http:\/\/www.portalcme.recife.pe.gov.br\/?cat=14\" rel=\"category\">Legisla\u00e7\u00f5es sobre educa\u00e7\u00e3o<\/a>","rttpg_excerpt":"Descri\u00e7\u00e3o:&nbsp; ALTERA OS INCISOS VII E VIII, DO ART. 14 E ACRESCENTA OS PAR\u00c1GRAFOS 4\u00ba E 5\u00ba NO MESMO DISPOSITIVO, DA LEI N\u00ba 17.325, DE 28\/07\/2007, QUE DISP\u00d5E SOBRE O CONSELHO MUNICIPAL DE EDUCA\u00c7\u00c3O D RECIFE E D\u00c1 OUTRAS PROVID\u00caNCIAS.O POVO DA CIDADE DO RECIFE, POR SEUS REPRESENTANTES, DECRETOU, E EU, EM SEU NOME, SANCIONO&hellip;","_links":{"self":[{"href":"http:\/\/www.portalcme.recife.pe.gov.br\/index.php?rest_route=\/wp\/v2\/posts\/478","targetHints":{"allow":["GET"]}}],"collection":[{"href":"http:\/\/www.portalcme.recife.pe.gov.br\/index.php?rest_route=\/wp\/v2\/posts"}],"about":[{"href":"http:\/\/www.portalcme.recife.pe.gov.br\/index.php?rest_route=\/wp\/v2\/types\/post"}],"author":[{"embeddable":true,"href":"http:\/\/www.portalcme.recife.pe.gov.br\/index.php?rest_route=\/wp\/v2\/users\/2"}],"replies":[{"embeddable":true,"href":"http:\/\/www.portalcme.recife.pe.gov.br\/index.php?rest_route=%2Fwp%2Fv2%2Fcomments&post=478"}],"version-history":[{"count":1,"href":"http:\/\/www.portalcme.recife.pe.gov.br\/index.php?rest_route=\/wp\/v2\/posts\/478\/revisions"}],"predecessor-version":[{"id":479,"href":"http:\/\/www.portalcme.recife.pe.gov.br\/index.php?rest_route=\/wp\/v2\/posts\/478\/revisions\/479"}],"wp:attachment":[{"href":"http:\/\/www.portalcme.recife.pe.gov.br\/index.php?rest_route=%2Fwp%2Fv2%2Fmedia&parent=478"}],"wp:term":[{"taxonomy":"category","embeddable":true,"href":"http:\/\/www.portalcme.recife.pe.gov.br\/index.php?rest_route=%2Fwp%2Fv2%2Fcategories&post=478"},{"taxonomy":"post_tag","embeddable":true,"href":"http:\/\/www.portalcme.recife.pe.gov.br\/index.php?rest_route=%2Fwp%2Fv2%2Ftags&post=478"}],"curies":[{"name":"wp","href":"https:\/\/api.w.org\/{rel}","templated":true}]}}